{"id":3451,"date":"2012-07-10T00:00:00","date_gmt":"2012-07-09T22:00:00","guid":{"rendered":"https:\/\/ufe.org\/juridique-fiscalite\/telephone-illimite-vers-la-france\/"},"modified":"2021-05-27T13:52:59","modified_gmt":"2021-05-27T11:52:59","slug":"telephone-illimite-vers-la-france","status":"publish","type":"post","link":"https:\/\/ufe.org\/pays-bas\/2012\/07\/10\/telephone-illimite-vers-la-france\/","title":{"rendered":"T\u00e9l\u00e9phone illimit\u00e9 vers la France"},"content":{"rendered":"<p>En partenariat avec Manifone<\/p>\n<p align=\"center\" class=\"Titre\">T\u00e9l\u00e9phone illimit\u00e9 vers la France<\/p>\n<p>Manifone, op\u00e9rateur T\u00e9l\u00e9com breton dont les dirigeants ont une longue exp\u00e9rience en tant qu\u2019expatri\u00e9s, lance le premier forfait d\u2019appels t\u00e9l\u00e9phoniques illimit\u00e9s depuis plus de\u00a0 15 pays vers les fixes et mobiles fran\u00e7ais.<\/p>\n<p>Ce forfait est propos\u00e9 <strong>en Allemagne, Autriche, Belgique, Canada, Espagne, Etats-Unis, Gr\u00e8ce, Hongrie, Isra\u00ebl, Italie, Luxembourg, Pays-Bas, Suisse et\u00a0 Royaume-Uni,<\/strong> \u00e0 15EUR par mois (\u00e0 ajouter \u00e0 son forfait de base), utilisable depuis les t\u00e9l\u00e9phones fixes et portables.\u00a0<\/p>\n<p><strong>Offre sp\u00e9ciale de lancement pour les adh\u00e9rents UFE :<\/strong> quinze jours sont offerts sur le premier mois d\u2019abonnement avec le code promo disponible dans votre acc\u00e8s adh\u00e9rents.<\/p>\n<p align=\"center\">Plus d&rsquo;infos : <a href=\"http:\/\/www.manifone.com\" target=\"_blank\" rel=\"noopener\">www.manifone.com<\/a><\/p>\n","protected":false},"excerpt":{"rendered":"<p>En partenariat avec Manifone T\u00e9l\u00e9phone illimit\u00e9 vers la France Manifone, op\u00e9rateur T\u00e9l\u00e9com breton dont les dirigeants&#8230;<\/p>\n","protected":false},"author":1,"featured_media":0,"comment_status":"closed","ping_status":"closed","sticky":false,"template":"","format":"standard","meta":{"footnotes":""},"categories":[174],"tags":[],"yoast_head":"<!-- This site is optimized with the Yoast SEO plugin v22.8 - https:\/\/yoast.com\/wordpress\/plugins\/seo\/ -->\n<title>T\u00e9l\u00e9phone illimit\u00e9 vers la France - UFE Pays-Bas<\/title>\n<meta name=\"robots\" content=\"index, follow, max-snippet:-1, max-image-preview:large, max-video-preview:-1\" \/>\n<link rel=\"canonical\" href=\"https:\/\/ufe.org\/pays-bas\/2012\/07\/10\/telephone-illimite-vers-la-france\/\" \/>\n<meta property=\"og:locale\" content=\"fr_FR\" \/>\n<meta property=\"og:type\" content=\"article\" \/>\n<meta property=\"og:title\" content=\"T\u00e9l\u00e9phone illimit\u00e9 vers la France - UFE Pays-Bas\" \/>\n<meta property=\"og:description\" content=\"En partenariat avec Manifone T\u00e9l\u00e9phone illimit\u00e9 vers la France Manifone, op\u00e9rateur T\u00e9l\u00e9com breton dont les dirigeants...\" \/>\n<meta property=\"og:url\" content=\"https:\/\/ufe.org\/pays-bas\/2012\/07\/10\/telephone-illimite-vers-la-france\/\" \/>\n<meta property=\"og:site_name\" content=\"UFE Pays-Bas\" \/>\n<meta property=\"article:published_time\" content=\"2012-07-09T22:00:00+00:00\" \/>\n<meta property=\"article:modified_time\" content=\"2021-05-27T11:52:59+00:00\" \/>\n<meta name=\"author\" content=\"admin6615\" \/>\n<meta name=\"twitter:card\" content=\"summary_large_image\" \/>\n<meta name=\"twitter:label1\" content=\"\u00c9crit par\" \/>\n\t<meta name=\"twitter:data1\" content=\"admin6615\" \/>\n\t<meta name=\"twitter:label2\" content=\"Dur\u00e9e de lecture estim\u00e9e\" \/>\n\t<meta name=\"twitter:data2\" content=\"1 minute\" \/>\n<script type=\"application\/ld+json\" class=\"yoast-schema-graph\">{\"@context\":\"https:\/\/schema.org\",\"@graph\":[{\"@type\":\"WebPage\",\"@id\":\"https:\/\/ufe.org\/pays-bas\/2012\/07\/10\/telephone-illimite-vers-la-france\/\",\"url\":\"https:\/\/ufe.org\/pays-bas\/2012\/07\/10\/telephone-illimite-vers-la-france\/\",\"name\":\"T\u00e9l\u00e9phone illimit\u00e9 vers la France - UFE Pays-Bas\",\"isPartOf\":{\"@id\":\"https:\/\/ufe.org\/pays-bas\/#website\"},\"datePublished\":\"2012-07-09T22:00:00+00:00\",\"dateModified\":\"2021-05-27T11:52:59+00:00\",\"author\":{\"@id\":\"https:\/\/ufe.org\/pays-bas\/#\/schema\/person\/3f57002465498f8b9c05f68075731b19\"},\"breadcrumb\":{\"@id\":\"https:\/\/ufe.org\/pays-bas\/2012\/07\/10\/telephone-illimite-vers-la-france\/#breadcrumb\"},\"inLanguage\":\"fr-FR\",\"potentialAction\":[{\"@type\":\"ReadAction\",\"target\":[\"https:\/\/ufe.org\/pays-bas\/2012\/07\/10\/telephone-illimite-vers-la-france\/\"]}]},{\"@type\":\"BreadcrumbList\",\"@id\":\"https:\/\/ufe.org\/pays-bas\/2012\/07\/10\/telephone-illimite-vers-la-france\/#breadcrumb\",\"itemListElement\":[{\"@type\":\"ListItem\",\"position\":1,\"name\":\"Accueil\",\"item\":\"https:\/\/ufe.org\/pays-bas\/\"},{\"@type\":\"ListItem\",\"position\":2,\"name\":\"T\u00e9l\u00e9phone illimit\u00e9 vers la France\"}]},{\"@type\":\"WebSite\",\"@id\":\"https:\/\/ufe.org\/pays-bas\/#website\",\"url\":\"https:\/\/ufe.org\/pays-bas\/\",\"name\":\"UFE Pays-Bas\",\"description\":\"Un site utilisant Multi site UFE\",\"potentialAction\":[{\"@type\":\"SearchAction\",\"target\":{\"@type\":\"EntryPoint\",\"urlTemplate\":\"https:\/\/ufe.org\/pays-bas\/?s={search_term_string}\"},\"query-input\":\"required name=search_term_string\"}],\"inLanguage\":\"fr-FR\"},{\"@type\":\"Person\",\"@id\":\"https:\/\/ufe.org\/pays-bas\/#\/schema\/person\/3f57002465498f8b9c05f68075731b19\",\"name\":\"admin6615\",\"image\":{\"@type\":\"ImageObject\",\"inLanguage\":\"fr-FR\",\"@id\":\"https:\/\/ufe.org\/pays-bas\/#\/schema\/person\/image\/\",\"url\":\"https:\/\/secure.gravatar.com\/avatar\/26e3f8eaf637eda33fcb3bc08e78b301?s=96&d=mm&r=g\",\"contentUrl\":\"https:\/\/secure.gravatar.com\/avatar\/26e3f8eaf637eda33fcb3bc08e78b301?s=96&d=mm&r=g\",\"caption\":\"admin6615\"},\"url\":\"https:\/\/ufe.org\/pays-bas\/author\/admin6615\/\"}]}<\/script>\n<!-- \/ Yoast SEO plugin. -->","yoast_head_json":{"title":"T\u00e9l\u00e9phone illimit\u00e9 vers la France - UFE Pays-Bas","robots":{"index":"index","follow":"follow","max-snippet":"max-snippet:-1","max-image-preview":"max-image-preview:large","max-video-preview":"max-video-preview:-1"},"canonical":"https:\/\/ufe.org\/pays-bas\/2012\/07\/10\/telephone-illimite-vers-la-france\/","og_locale":"fr_FR","og_type":"article","og_title":"T\u00e9l\u00e9phone illimit\u00e9 vers la France - UFE Pays-Bas","og_description":"En partenariat avec Manifone T\u00e9l\u00e9phone illimit\u00e9 vers la France Manifone, op\u00e9rateur T\u00e9l\u00e9com breton dont les dirigeants...","og_url":"https:\/\/ufe.org\/pays-bas\/2012\/07\/10\/telephone-illimite-vers-la-france\/","og_site_name":"UFE Pays-Bas","article_published_time":"2012-07-09T22:00:00+00:00","article_modified_time":"2021-05-27T11:52:59+00:00","author":"admin6615","twitter_card":"summary_large_image","twitter_misc":{"\u00c9crit par":"admin6615","Dur\u00e9e de lecture estim\u00e9e":"1 minute"},"schema":{"@context":"https:\/\/schema.org","@graph":[{"@type":"WebPage","@id":"https:\/\/ufe.org\/pays-bas\/2012\/07\/10\/telephone-illimite-vers-la-france\/","url":"https:\/\/ufe.org\/pays-bas\/2012\/07\/10\/telephone-illimite-vers-la-france\/","name":"T\u00e9l\u00e9phone illimit\u00e9 vers la France - UFE Pays-Bas","isPartOf":{"@id":"https:\/\/ufe.org\/pays-bas\/#website"},"datePublished":"2012-07-09T22:00:00+00:00","dateModified":"2021-05-27T11:52:59+00:00","author":{"@id":"https:\/\/ufe.org\/pays-bas\/#\/schema\/person\/3f57002465498f8b9c05f68075731b19"},"breadcrumb":{"@id":"https:\/\/ufe.org\/pays-bas\/2012\/07\/10\/telephone-illimite-vers-la-france\/#breadcrumb"},"inLanguage":"fr-FR","potentialAction":[{"@type":"ReadAction","target":["https:\/\/ufe.org\/pays-bas\/2012\/07\/10\/telephone-illimite-vers-la-france\/"]}]},{"@type":"BreadcrumbList","@id":"https:\/\/ufe.org\/pays-bas\/2012\/07\/10\/telephone-illimite-vers-la-france\/#breadcrumb","itemListElement":[{"@type":"ListItem","position":1,"name":"Accueil","item":"https:\/\/ufe.org\/pays-bas\/"},{"@type":"ListItem","position":2,"name":"T\u00e9l\u00e9phone illimit\u00e9 vers la France"}]},{"@type":"WebSite","@id":"https:\/\/ufe.org\/pays-bas\/#website","url":"https:\/\/ufe.org\/pays-bas\/","name":"UFE Pays-Bas","description":"Un site utilisant Multi site UFE","potentialAction":[{"@type":"SearchAction","target":{"@type":"EntryPoint","urlTemplate":"https:\/\/ufe.org\/pays-bas\/?s={search_term_string}"},"query-input":"required name=search_term_string"}],"inLanguage":"fr-FR"},{"@type":"Person","@id":"https:\/\/ufe.org\/pays-bas\/#\/schema\/person\/3f57002465498f8b9c05f68075731b19","name":"admin6615","image":{"@type":"ImageObject","inLanguage":"fr-FR","@id":"https:\/\/ufe.org\/pays-bas\/#\/schema\/person\/image\/","url":"https:\/\/secure.gravatar.com\/avatar\/26e3f8eaf637eda33fcb3bc08e78b301?s=96&d=mm&r=g","contentUrl":"https:\/\/secure.gravatar.com\/avatar\/26e3f8eaf637eda33fcb3bc08e78b301?s=96&d=mm&r=g","caption":"admin6615"},"url":"https:\/\/ufe.org\/pays-bas\/author\/admin6615\/"}]}},"_links":{"self":[{"href":"https:\/\/ufe.org\/pays-bas\/wp-json\/wp\/v2\/posts\/3451"}],"collection":[{"href":"https:\/\/ufe.org\/pays-bas\/wp-json\/wp\/v2\/posts"}],"about":[{"href":"https:\/\/ufe.org\/pays-bas\/wp-json\/wp\/v2\/types\/post"}],"author":[{"embeddable":true,"href":"https:\/\/ufe.org\/pays-bas\/wp-json\/wp\/v2\/users\/1"}],"replies":[{"embeddable":true,"href":"https:\/\/ufe.org\/pays-bas\/wp-json\/wp\/v2\/comments?post=3451"}],"version-history":[{"count":1,"href":"https:\/\/ufe.org\/pays-bas\/wp-json\/wp\/v2\/posts\/3451\/revisions"}],"predecessor-version":[{"id":3511,"href":"https:\/\/ufe.org\/pays-bas\/wp-json\/wp\/v2\/posts\/3451\/revisions\/3511"}],"wp:attachment":[{"href":"https:\/\/ufe.org\/pays-bas\/wp-json\/wp\/v2\/media?parent=3451"}],"wp:term":[{"taxonomy":"category","embeddable":true,"href":"https:\/\/ufe.org\/pays-bas\/wp-json\/wp\/v2\/categories?post=3451"},{"taxonomy":"post_tag","embeddable":true,"href":"https:\/\/ufe.org\/pays-bas\/wp-json\/wp\/v2\/tags?post=3451"}],"curies":[{"name":"wp","href":"https:\/\/api.w.org\/{rel}","templated":true}]}}