{"id":3447,"date":"2016-01-26T00:00:00","date_gmt":"2016-01-25T23:00:00","guid":{"rendered":"https:\/\/ufe.org\/juridique-fiscalite\/assemblee-generale-de-la-societe-francaise-de-bienfaisance\/"},"modified":"2021-05-27T13:52:58","modified_gmt":"2021-05-27T11:52:58","slug":"assemblee-generale-de-la-societe-francaise-de-bienfaisance","status":"publish","type":"post","link":"https:\/\/ufe.org\/pays-bas\/2016\/01\/26\/assemblee-generale-de-la-societe-francaise-de-bienfaisance\/","title":{"rendered":"Assembl\u00e9e Gen\u00e9rale de la Soci\u00e9t\u00e9 Fran\u00e7aise de Bienfaisance"},"content":{"rendered":"<p>L&rsquo;association Fran\u00e7aise de Bienfaisance aura son assembl\u00e9e g\u00e9n\u00e9rale le 30 Janvier \u00e0 Amsterdam.<\/p>\n<p>Cette assembl\u00e9e g\u00e9n\u00e9rale est r\u00e9serv\u00e9 aux membres de l&rsquo;association.<\/p>\n<p>Pour en savoir davantage sur son activit\u00e9 aux Pays-Bas vous pouvez consulter le site WEB: <a href=\"http:\/\/www.sfb-paysbas.nl\/\" target=\"_top\" rel=\"noopener\">http:\/\/www.sfb-paysbas.nl\/<\/a><\/p>\n<p>Vous pouvez\u00a0 soutenir leur action en faisant un <a href=\"http:\/\/www.sfb-paysbas.nl\/faites-un-don\/\" target=\"_blank\" rel=\"noopener\">don d\u00e9ductible<\/a> car l&rsquo;association est reconnue d&rsquo;utilit\u00e9 publique aux Pays-Bas (ANBI) en suivant ce lien .<\/p>\n","protected":false},"excerpt":{"rendered":"<p>L&rsquo;association Fran\u00e7aise de Bienfaisance aura son assembl\u00e9e g\u00e9n\u00e9rale le 30 Janvier \u00e0 Amsterdam. Cette assembl\u00e9e g\u00e9n\u00e9rale&#8230;<\/p>\n","protected":false},"author":1,"featured_media":0,"comment_status":"closed","ping_status":"closed","sticky":false,"template":"","format":"standard","meta":{"footnotes":""},"categories":[174],"tags":[],"yoast_head":"<!-- This site is optimized with the Yoast SEO plugin v22.8 - https:\/\/yoast.com\/wordpress\/plugins\/seo\/ -->\n<title>Assembl\u00e9e Gen\u00e9rale de la Soci\u00e9t\u00e9 Fran\u00e7aise de Bienfaisance - UFE Pays-Bas<\/title>\n<meta name=\"robots\" content=\"index, follow, max-snippet:-1, max-image-preview:large, max-video-preview:-1\" \/>\n<link rel=\"canonical\" href=\"https:\/\/ufe.org\/pays-bas\/2016\/01\/26\/assemblee-generale-de-la-societe-francaise-de-bienfaisance\/\" \/>\n<meta property=\"og:locale\" content=\"fr_FR\" \/>\n<meta property=\"og:type\" content=\"article\" \/>\n<meta property=\"og:title\" content=\"Assembl\u00e9e Gen\u00e9rale de la Soci\u00e9t\u00e9 Fran\u00e7aise de Bienfaisance - UFE Pays-Bas\" \/>\n<meta property=\"og:description\" content=\"L&rsquo;association Fran\u00e7aise de Bienfaisance aura son assembl\u00e9e g\u00e9n\u00e9rale le 30 Janvier \u00e0 Amsterdam. Cette assembl\u00e9e g\u00e9n\u00e9rale...\" \/>\n<meta property=\"og:url\" content=\"https:\/\/ufe.org\/pays-bas\/2016\/01\/26\/assemblee-generale-de-la-societe-francaise-de-bienfaisance\/\" \/>\n<meta property=\"og:site_name\" content=\"UFE Pays-Bas\" \/>\n<meta property=\"article:published_time\" content=\"2016-01-25T23:00:00+00:00\" \/>\n<meta property=\"article:modified_time\" content=\"2021-05-27T11:52:58+00:00\" \/>\n<meta name=\"author\" content=\"admin6615\" \/>\n<meta name=\"twitter:card\" content=\"summary_large_image\" \/>\n<meta name=\"twitter:label1\" content=\"\u00c9crit par\" \/>\n\t<meta name=\"twitter:data1\" content=\"admin6615\" \/>\n<script type=\"application\/ld+json\" class=\"yoast-schema-graph\">{\"@context\":\"https:\/\/schema.org\",\"@graph\":[{\"@type\":\"WebPage\",\"@id\":\"https:\/\/ufe.org\/pays-bas\/2016\/01\/26\/assemblee-generale-de-la-societe-francaise-de-bienfaisance\/\",\"url\":\"https:\/\/ufe.org\/pays-bas\/2016\/01\/26\/assemblee-generale-de-la-societe-francaise-de-bienfaisance\/\",\"name\":\"Assembl\u00e9e Gen\u00e9rale de la Soci\u00e9t\u00e9 Fran\u00e7aise de Bienfaisance - UFE Pays-Bas\",\"isPartOf\":{\"@id\":\"https:\/\/ufe.org\/pays-bas\/#website\"},\"datePublished\":\"2016-01-25T23:00:00+00:00\",\"dateModified\":\"2021-05-27T11:52:58+00:00\",\"author\":{\"@id\":\"https:\/\/ufe.org\/pays-bas\/#\/schema\/person\/3f57002465498f8b9c05f68075731b19\"},\"breadcrumb\":{\"@id\":\"https:\/\/ufe.org\/pays-bas\/2016\/01\/26\/assemblee-generale-de-la-societe-francaise-de-bienfaisance\/#breadcrumb\"},\"inLanguage\":\"fr-FR\",\"potentialAction\":[{\"@type\":\"ReadAction\",\"target\":[\"https:\/\/ufe.org\/pays-bas\/2016\/01\/26\/assemblee-generale-de-la-societe-francaise-de-bienfaisance\/\"]}]},{\"@type\":\"BreadcrumbList\",\"@id\":\"https:\/\/ufe.org\/pays-bas\/2016\/01\/26\/assemblee-generale-de-la-societe-francaise-de-bienfaisance\/#breadcrumb\",\"itemListElement\":[{\"@type\":\"ListItem\",\"position\":1,\"name\":\"Accueil\",\"item\":\"https:\/\/ufe.org\/pays-bas\/\"},{\"@type\":\"ListItem\",\"position\":2,\"name\":\"Assembl\u00e9e Gen\u00e9rale de la Soci\u00e9t\u00e9 Fran\u00e7aise de Bienfaisance\"}]},{\"@type\":\"WebSite\",\"@id\":\"https:\/\/ufe.org\/pays-bas\/#website\",\"url\":\"https:\/\/ufe.org\/pays-bas\/\",\"name\":\"UFE Pays-Bas\",\"description\":\"Un site utilisant Multi site UFE\",\"potentialAction\":[{\"@type\":\"SearchAction\",\"target\":{\"@type\":\"EntryPoint\",\"urlTemplate\":\"https:\/\/ufe.org\/pays-bas\/?s={search_term_string}\"},\"query-input\":\"required name=search_term_string\"}],\"inLanguage\":\"fr-FR\"},{\"@type\":\"Person\",\"@id\":\"https:\/\/ufe.org\/pays-bas\/#\/schema\/person\/3f57002465498f8b9c05f68075731b19\",\"name\":\"admin6615\",\"image\":{\"@type\":\"ImageObject\",\"inLanguage\":\"fr-FR\",\"@id\":\"https:\/\/ufe.org\/pays-bas\/#\/schema\/person\/image\/\",\"url\":\"https:\/\/secure.gravatar.com\/avatar\/26e3f8eaf637eda33fcb3bc08e78b301?s=96&d=mm&r=g\",\"contentUrl\":\"https:\/\/secure.gravatar.com\/avatar\/26e3f8eaf637eda33fcb3bc08e78b301?s=96&d=mm&r=g\",\"caption\":\"admin6615\"},\"url\":\"https:\/\/ufe.org\/pays-bas\/author\/admin6615\/\"}]}<\/script>\n<!-- \/ Yoast SEO plugin. -->","yoast_head_json":{"title":"Assembl\u00e9e Gen\u00e9rale de la Soci\u00e9t\u00e9 Fran\u00e7aise de Bienfaisance - UFE Pays-Bas","robots":{"index":"index","follow":"follow","max-snippet":"max-snippet:-1","max-image-preview":"max-image-preview:large","max-video-preview":"max-video-preview:-1"},"canonical":"https:\/\/ufe.org\/pays-bas\/2016\/01\/26\/assemblee-generale-de-la-societe-francaise-de-bienfaisance\/","og_locale":"fr_FR","og_type":"article","og_title":"Assembl\u00e9e Gen\u00e9rale de la Soci\u00e9t\u00e9 Fran\u00e7aise de Bienfaisance - UFE Pays-Bas","og_description":"L&rsquo;association Fran\u00e7aise de Bienfaisance aura son assembl\u00e9e g\u00e9n\u00e9rale le 30 Janvier \u00e0 Amsterdam. Cette assembl\u00e9e g\u00e9n\u00e9rale...","og_url":"https:\/\/ufe.org\/pays-bas\/2016\/01\/26\/assemblee-generale-de-la-societe-francaise-de-bienfaisance\/","og_site_name":"UFE Pays-Bas","article_published_time":"2016-01-25T23:00:00+00:00","article_modified_time":"2021-05-27T11:52:58+00:00","author":"admin6615","twitter_card":"summary_large_image","twitter_misc":{"\u00c9crit par":"admin6615"},"schema":{"@context":"https:\/\/schema.org","@graph":[{"@type":"WebPage","@id":"https:\/\/ufe.org\/pays-bas\/2016\/01\/26\/assemblee-generale-de-la-societe-francaise-de-bienfaisance\/","url":"https:\/\/ufe.org\/pays-bas\/2016\/01\/26\/assemblee-generale-de-la-societe-francaise-de-bienfaisance\/","name":"Assembl\u00e9e Gen\u00e9rale de la Soci\u00e9t\u00e9 Fran\u00e7aise de Bienfaisance - UFE Pays-Bas","isPartOf":{"@id":"https:\/\/ufe.org\/pays-bas\/#website"},"datePublished":"2016-01-25T23:00:00+00:00","dateModified":"2021-05-27T11:52:58+00:00","author":{"@id":"https:\/\/ufe.org\/pays-bas\/#\/schema\/person\/3f57002465498f8b9c05f68075731b19"},"breadcrumb":{"@id":"https:\/\/ufe.org\/pays-bas\/2016\/01\/26\/assemblee-generale-de-la-societe-francaise-de-bienfaisance\/#breadcrumb"},"inLanguage":"fr-FR","potentialAction":[{"@type":"ReadAction","target":["https:\/\/ufe.org\/pays-bas\/2016\/01\/26\/assemblee-generale-de-la-societe-francaise-de-bienfaisance\/"]}]},{"@type":"BreadcrumbList","@id":"https:\/\/ufe.org\/pays-bas\/2016\/01\/26\/assemblee-generale-de-la-societe-francaise-de-bienfaisance\/#breadcrumb","itemListElement":[{"@type":"ListItem","position":1,"name":"Accueil","item":"https:\/\/ufe.org\/pays-bas\/"},{"@type":"ListItem","position":2,"name":"Assembl\u00e9e Gen\u00e9rale de la Soci\u00e9t\u00e9 Fran\u00e7aise de Bienfaisance"}]},{"@type":"WebSite","@id":"https:\/\/ufe.org\/pays-bas\/#website","url":"https:\/\/ufe.org\/pays-bas\/","name":"UFE Pays-Bas","description":"Un site utilisant Multi site UFE","potentialAction":[{"@type":"SearchAction","target":{"@type":"EntryPoint","urlTemplate":"https:\/\/ufe.org\/pays-bas\/?s={search_term_string}"},"query-input":"required name=search_term_string"}],"inLanguage":"fr-FR"},{"@type":"Person","@id":"https:\/\/ufe.org\/pays-bas\/#\/schema\/person\/3f57002465498f8b9c05f68075731b19","name":"admin6615","image":{"@type":"ImageObject","inLanguage":"fr-FR","@id":"https:\/\/ufe.org\/pays-bas\/#\/schema\/person\/image\/","url":"https:\/\/secure.gravatar.com\/avatar\/26e3f8eaf637eda33fcb3bc08e78b301?s=96&d=mm&r=g","contentUrl":"https:\/\/secure.gravatar.com\/avatar\/26e3f8eaf637eda33fcb3bc08e78b301?s=96&d=mm&r=g","caption":"admin6615"},"url":"https:\/\/ufe.org\/pays-bas\/author\/admin6615\/"}]}},"_links":{"self":[{"href":"https:\/\/ufe.org\/pays-bas\/wp-json\/wp\/v2\/posts\/3447"}],"collection":[{"href":"https:\/\/ufe.org\/pays-bas\/wp-json\/wp\/v2\/posts"}],"about":[{"href":"https:\/\/ufe.org\/pays-bas\/wp-json\/wp\/v2\/types\/post"}],"author":[{"embeddable":true,"href":"https:\/\/ufe.org\/pays-bas\/wp-json\/wp\/v2\/users\/1"}],"replies":[{"embeddable":true,"href":"https:\/\/ufe.org\/pays-bas\/wp-json\/wp\/v2\/comments?post=3447"}],"version-history":[{"count":1,"href":"https:\/\/ufe.org\/pays-bas\/wp-json\/wp\/v2\/posts\/3447\/revisions"}],"predecessor-version":[{"id":3506,"href":"https:\/\/ufe.org\/pays-bas\/wp-json\/wp\/v2\/posts\/3447\/revisions\/3506"}],"wp:attachment":[{"href":"https:\/\/ufe.org\/pays-bas\/wp-json\/wp\/v2\/media?parent=3447"}],"wp:term":[{"taxonomy":"category","embeddable":true,"href":"https:\/\/ufe.org\/pays-bas\/wp-json\/wp\/v2\/categories?post=3447"},{"taxonomy":"post_tag","embeddable":true,"href":"https:\/\/ufe.org\/pays-bas\/wp-json\/wp\/v2\/tags?post=3447"}],"curies":[{"name":"wp","href":"https:\/\/api.w.org\/{rel}","templated":true}]}}