{"id":3446,"date":"2016-02-20T00:00:00","date_gmt":"2016-02-19T23:00:00","guid":{"rendered":"https:\/\/ufe.org\/juridique-fiscalite\/francophonie-la-dictee\/"},"modified":"2021-05-27T13:52:58","modified_gmt":"2021-05-27T11:52:58","slug":"francophonie-la-dictee","status":"publish","type":"post","link":"https:\/\/ufe.org\/pays-bas\/2016\/02\/20\/francophonie-la-dictee\/","title":{"rendered":"Francophonie: La dict\u00e9e"},"content":{"rendered":"<p>Le samedi 12 mars \u00e0 l&rsquo;Institut Fran\u00e7ais des Pays-Bas (Amsterdam)<\/p>\n<p>Dans le cadre du \u00a0\u00bbMois de la langue fran\u00e7aise et de la Francophonie\u00a0\u00bb, l&rsquo; Institut Fran\u00e7ais des Pays-Bas (Amsterdam) &#8211; en collaboration avec la D\u00e9l\u00e9gation Wallonie-Bruxelles \u00e0 La Haye &#8211; organisera dans ses murs le samedi 12 mars de 10H \u00e0 12H, une Dict\u00e9e \u00e0 partir des 10 mots de la Francophonie 2016.<\/p>\n<p>Cette dict\u00e9e, ouverte \u00e0 tous, se terminera par une remise de Prix. A cette occasion, des rafra\u00eechissements seront servis.<\/p>\n<p>Si vous \u00eates int\u00e9ress\u00e9(e), inscrivez-vous avant le 4 mars en envoyant un e-mail \u00e0 <a href=\"mailto:francophonie@institutfrancais.nl\">francophonie@institutfrancais.nl<\/a>, et en indiquant votre nom, votre pr\u00e9nom et la cat\u00e9gorie dans laquelle vous participerez:<br \/>&#8211; cat\u00e9gorie 1 : francophones<br \/>&#8211; cat\u00e9gorie 2 : non francophones<br \/>&#8211; cat\u00e9gorie 3 : non francophones, \u00e9tudiants de l&rsquo;IFPB.<\/p>\n<p>Vous pourrez payer votre inscription sur place, le jour de la dict\u00e9e (tarif 4\u20ac50 ; 3\u20ac50 pour les \u00e9tudiants de l&rsquo;IFPB, les d\u00e9tenteurs de la carte d&rsquo;ami et les moins de 25 ans).<\/p>\n<p><span style=\"font-size: small;font-family: arial, helvetica, sans-serif\"><img loading=\"lazy\" decoding=\"async\" alt=\"affiche francophonie 2016: la dict\u00e9e\" height=\"960\" width=\"658\" style=\"margin-left: auto;margin-right: auto\" class=\"media-element file-default\" title=\"\" src=\"https:\/\/ufe.org\/wp-content\/uploads\/2021\/04\/dictee_francophonie2016.jpg\" \/><\/span><\/p>\n","protected":false},"excerpt":{"rendered":"<p>Le samedi 12 mars \u00e0 l&rsquo;Institut Fran\u00e7ais des Pays-Bas (Amsterdam) Dans le cadre du \u00a0\u00bbMois de&#8230;<\/p>\n","protected":false},"author":1,"featured_media":0,"comment_status":"closed","ping_status":"closed","sticky":false,"template":"","format":"standard","meta":{"footnotes":""},"categories":[174],"tags":[],"yoast_head":"<!-- This site is optimized with the Yoast SEO plugin v22.8 - https:\/\/yoast.com\/wordpress\/plugins\/seo\/ -->\n<title>Francophonie: La dict\u00e9e - UFE Pays-Bas<\/title>\n<meta name=\"robots\" content=\"index, follow, max-snippet:-1, max-image-preview:large, max-video-preview:-1\" \/>\n<link rel=\"canonical\" href=\"https:\/\/ufe.org\/pays-bas\/2016\/02\/20\/francophonie-la-dictee\/\" \/>\n<meta property=\"og:locale\" content=\"fr_FR\" \/>\n<meta property=\"og:type\" content=\"article\" \/>\n<meta property=\"og:title\" content=\"Francophonie: La dict\u00e9e - UFE Pays-Bas\" \/>\n<meta property=\"og:description\" content=\"Le samedi 12 mars \u00e0 l&rsquo;Institut Fran\u00e7ais des Pays-Bas (Amsterdam) Dans le cadre du \u00a0\u00bbMois de...\" \/>\n<meta property=\"og:url\" content=\"https:\/\/ufe.org\/pays-bas\/2016\/02\/20\/francophonie-la-dictee\/\" \/>\n<meta property=\"og:site_name\" content=\"UFE Pays-Bas\" \/>\n<meta property=\"article:published_time\" content=\"2016-02-19T23:00:00+00:00\" \/>\n<meta property=\"article:modified_time\" content=\"2021-05-27T11:52:58+00:00\" \/>\n<meta property=\"og:image\" content=\"https:\/\/ufe.org\/wp-content\/uploads\/2021\/04\/dictee_francophonie2016.jpg\" \/>\n<meta name=\"author\" content=\"admin6615\" \/>\n<meta name=\"twitter:card\" content=\"summary_large_image\" \/>\n<meta name=\"twitter:label1\" content=\"\u00c9crit par\" \/>\n\t<meta name=\"twitter:data1\" content=\"admin6615\" \/>\n\t<meta name=\"twitter:label2\" content=\"Dur\u00e9e de lecture estim\u00e9e\" \/>\n\t<meta name=\"twitter:data2\" content=\"1 minute\" \/>\n<script type=\"application\/ld+json\" class=\"yoast-schema-graph\">{\"@context\":\"https:\/\/schema.org\",\"@graph\":[{\"@type\":\"WebPage\",\"@id\":\"https:\/\/ufe.org\/pays-bas\/2016\/02\/20\/francophonie-la-dictee\/\",\"url\":\"https:\/\/ufe.org\/pays-bas\/2016\/02\/20\/francophonie-la-dictee\/\",\"name\":\"Francophonie: La dict\u00e9e - UFE Pays-Bas\",\"isPartOf\":{\"@id\":\"https:\/\/ufe.org\/pays-bas\/#website\"},\"primaryImageOfPage\":{\"@id\":\"https:\/\/ufe.org\/pays-bas\/2016\/02\/20\/francophonie-la-dictee\/#primaryimage\"},\"image\":{\"@id\":\"https:\/\/ufe.org\/pays-bas\/2016\/02\/20\/francophonie-la-dictee\/#primaryimage\"},\"thumbnailUrl\":\"https:\/\/ufe.org\/wp-content\/uploads\/2021\/04\/dictee_francophonie2016.jpg\",\"datePublished\":\"2016-02-19T23:00:00+00:00\",\"dateModified\":\"2021-05-27T11:52:58+00:00\",\"author\":{\"@id\":\"https:\/\/ufe.org\/pays-bas\/#\/schema\/person\/3f57002465498f8b9c05f68075731b19\"},\"breadcrumb\":{\"@id\":\"https:\/\/ufe.org\/pays-bas\/2016\/02\/20\/francophonie-la-dictee\/#breadcrumb\"},\"inLanguage\":\"fr-FR\",\"potentialAction\":[{\"@type\":\"ReadAction\",\"target\":[\"https:\/\/ufe.org\/pays-bas\/2016\/02\/20\/francophonie-la-dictee\/\"]}]},{\"@type\":\"ImageObject\",\"inLanguage\":\"fr-FR\",\"@id\":\"https:\/\/ufe.org\/pays-bas\/2016\/02\/20\/francophonie-la-dictee\/#primaryimage\",\"url\":\"https:\/\/ufe.org\/wp-content\/uploads\/2021\/04\/dictee_francophonie2016.jpg\",\"contentUrl\":\"https:\/\/ufe.org\/wp-content\/uploads\/2021\/04\/dictee_francophonie2016.jpg\"},{\"@type\":\"BreadcrumbList\",\"@id\":\"https:\/\/ufe.org\/pays-bas\/2016\/02\/20\/francophonie-la-dictee\/#breadcrumb\",\"itemListElement\":[{\"@type\":\"ListItem\",\"position\":1,\"name\":\"Accueil\",\"item\":\"https:\/\/ufe.org\/pays-bas\/\"},{\"@type\":\"ListItem\",\"position\":2,\"name\":\"Francophonie: La dict\u00e9e\"}]},{\"@type\":\"WebSite\",\"@id\":\"https:\/\/ufe.org\/pays-bas\/#website\",\"url\":\"https:\/\/ufe.org\/pays-bas\/\",\"name\":\"UFE Pays-Bas\",\"description\":\"Un site utilisant Multi site UFE\",\"potentialAction\":[{\"@type\":\"SearchAction\",\"target\":{\"@type\":\"EntryPoint\",\"urlTemplate\":\"https:\/\/ufe.org\/pays-bas\/?s={search_term_string}\"},\"query-input\":\"required name=search_term_string\"}],\"inLanguage\":\"fr-FR\"},{\"@type\":\"Person\",\"@id\":\"https:\/\/ufe.org\/pays-bas\/#\/schema\/person\/3f57002465498f8b9c05f68075731b19\",\"name\":\"admin6615\",\"image\":{\"@type\":\"ImageObject\",\"inLanguage\":\"fr-FR\",\"@id\":\"https:\/\/ufe.org\/pays-bas\/#\/schema\/person\/image\/\",\"url\":\"https:\/\/secure.gravatar.com\/avatar\/26e3f8eaf637eda33fcb3bc08e78b301?s=96&d=mm&r=g\",\"contentUrl\":\"https:\/\/secure.gravatar.com\/avatar\/26e3f8eaf637eda33fcb3bc08e78b301?s=96&d=mm&r=g\",\"caption\":\"admin6615\"},\"url\":\"https:\/\/ufe.org\/pays-bas\/author\/admin6615\/\"}]}<\/script>\n<!-- \/ Yoast SEO plugin. -->","yoast_head_json":{"title":"Francophonie: La dict\u00e9e - UFE Pays-Bas","robots":{"index":"index","follow":"follow","max-snippet":"max-snippet:-1","max-image-preview":"max-image-preview:large","max-video-preview":"max-video-preview:-1"},"canonical":"https:\/\/ufe.org\/pays-bas\/2016\/02\/20\/francophonie-la-dictee\/","og_locale":"fr_FR","og_type":"article","og_title":"Francophonie: La dict\u00e9e - UFE Pays-Bas","og_description":"Le samedi 12 mars \u00e0 l&rsquo;Institut Fran\u00e7ais des Pays-Bas (Amsterdam) Dans le cadre du \u00a0\u00bbMois de...","og_url":"https:\/\/ufe.org\/pays-bas\/2016\/02\/20\/francophonie-la-dictee\/","og_site_name":"UFE Pays-Bas","article_published_time":"2016-02-19T23:00:00+00:00","article_modified_time":"2021-05-27T11:52:58+00:00","og_image":[{"url":"https:\/\/ufe.org\/wp-content\/uploads\/2021\/04\/dictee_francophonie2016.jpg"}],"author":"admin6615","twitter_card":"summary_large_image","twitter_misc":{"\u00c9crit par":"admin6615","Dur\u00e9e de lecture estim\u00e9e":"1 minute"},"schema":{"@context":"https:\/\/schema.org","@graph":[{"@type":"WebPage","@id":"https:\/\/ufe.org\/pays-bas\/2016\/02\/20\/francophonie-la-dictee\/","url":"https:\/\/ufe.org\/pays-bas\/2016\/02\/20\/francophonie-la-dictee\/","name":"Francophonie: La dict\u00e9e - UFE Pays-Bas","isPartOf":{"@id":"https:\/\/ufe.org\/pays-bas\/#website"},"primaryImageOfPage":{"@id":"https:\/\/ufe.org\/pays-bas\/2016\/02\/20\/francophonie-la-dictee\/#primaryimage"},"image":{"@id":"https:\/\/ufe.org\/pays-bas\/2016\/02\/20\/francophonie-la-dictee\/#primaryimage"},"thumbnailUrl":"https:\/\/ufe.org\/wp-content\/uploads\/2021\/04\/dictee_francophonie2016.jpg","datePublished":"2016-02-19T23:00:00+00:00","dateModified":"2021-05-27T11:52:58+00:00","author":{"@id":"https:\/\/ufe.org\/pays-bas\/#\/schema\/person\/3f57002465498f8b9c05f68075731b19"},"breadcrumb":{"@id":"https:\/\/ufe.org\/pays-bas\/2016\/02\/20\/francophonie-la-dictee\/#breadcrumb"},"inLanguage":"fr-FR","potentialAction":[{"@type":"ReadAction","target":["https:\/\/ufe.org\/pays-bas\/2016\/02\/20\/francophonie-la-dictee\/"]}]},{"@type":"ImageObject","inLanguage":"fr-FR","@id":"https:\/\/ufe.org\/pays-bas\/2016\/02\/20\/francophonie-la-dictee\/#primaryimage","url":"https:\/\/ufe.org\/wp-content\/uploads\/2021\/04\/dictee_francophonie2016.jpg","contentUrl":"https:\/\/ufe.org\/wp-content\/uploads\/2021\/04\/dictee_francophonie2016.jpg"},{"@type":"BreadcrumbList","@id":"https:\/\/ufe.org\/pays-bas\/2016\/02\/20\/francophonie-la-dictee\/#breadcrumb","itemListElement":[{"@type":"ListItem","position":1,"name":"Accueil","item":"https:\/\/ufe.org\/pays-bas\/"},{"@type":"ListItem","position":2,"name":"Francophonie: La dict\u00e9e"}]},{"@type":"WebSite","@id":"https:\/\/ufe.org\/pays-bas\/#website","url":"https:\/\/ufe.org\/pays-bas\/","name":"UFE Pays-Bas","description":"Un site utilisant Multi site UFE","potentialAction":[{"@type":"SearchAction","target":{"@type":"EntryPoint","urlTemplate":"https:\/\/ufe.org\/pays-bas\/?s={search_term_string}"},"query-input":"required name=search_term_string"}],"inLanguage":"fr-FR"},{"@type":"Person","@id":"https:\/\/ufe.org\/pays-bas\/#\/schema\/person\/3f57002465498f8b9c05f68075731b19","name":"admin6615","image":{"@type":"ImageObject","inLanguage":"fr-FR","@id":"https:\/\/ufe.org\/pays-bas\/#\/schema\/person\/image\/","url":"https:\/\/secure.gravatar.com\/avatar\/26e3f8eaf637eda33fcb3bc08e78b301?s=96&d=mm&r=g","contentUrl":"https:\/\/secure.gravatar.com\/avatar\/26e3f8eaf637eda33fcb3bc08e78b301?s=96&d=mm&r=g","caption":"admin6615"},"url":"https:\/\/ufe.org\/pays-bas\/author\/admin6615\/"}]}},"_links":{"self":[{"href":"https:\/\/ufe.org\/pays-bas\/wp-json\/wp\/v2\/posts\/3446"}],"collection":[{"href":"https:\/\/ufe.org\/pays-bas\/wp-json\/wp\/v2\/posts"}],"about":[{"href":"https:\/\/ufe.org\/pays-bas\/wp-json\/wp\/v2\/types\/post"}],"author":[{"embeddable":true,"href":"https:\/\/ufe.org\/pays-bas\/wp-json\/wp\/v2\/users\/1"}],"replies":[{"embeddable":true,"href":"https:\/\/ufe.org\/pays-bas\/wp-json\/wp\/v2\/comments?post=3446"}],"version-history":[{"count":1,"href":"https:\/\/ufe.org\/pays-bas\/wp-json\/wp\/v2\/posts\/3446\/revisions"}],"predecessor-version":[{"id":3505,"href":"https:\/\/ufe.org\/pays-bas\/wp-json\/wp\/v2\/posts\/3446\/revisions\/3505"}],"wp:attachment":[{"href":"https:\/\/ufe.org\/pays-bas\/wp-json\/wp\/v2\/media?parent=3446"}],"wp:term":[{"taxonomy":"category","embeddable":true,"href":"https:\/\/ufe.org\/pays-bas\/wp-json\/wp\/v2\/categories?post=3446"},{"taxonomy":"post_tag","embeddable":true,"href":"https:\/\/ufe.org\/pays-bas\/wp-json\/wp\/v2\/tags?post=3446"}],"curies":[{"name":"wp","href":"https:\/\/api.w.org\/{rel}","templated":true}]}}