{"id":3443,"date":"2017-05-12T00:00:00","date_gmt":"2017-05-11T22:00:00","guid":{"rendered":"https:\/\/ufe.org\/juridique-fiscalite\/lassociation-des-parents-deleves-de-la-haye-est-heureuse-de-vous-annoncer-la-creation-de-son-groupe\/"},"modified":"2021-05-27T13:52:30","modified_gmt":"2021-05-27T11:52:30","slug":"lassociation-des-parents-deleves-de-la-haye-est-heureuse-de-vous-annoncer-la-creation-de-son-groupe","status":"publish","type":"post","link":"https:\/\/ufe.org\/pays-bas\/2017\/05\/12\/lassociation-des-parents-deleves-de-la-haye-est-heureuse-de-vous-annoncer-la-creation-de-son-groupe\/","title":{"rendered":"L&rsquo;Association des Parents d&rsquo;El\u00e8ves de La Haye est heureuse de vous annoncer la cr\u00e9ation de son groupe \u00ab DYS\/10 \u00e0 La Haye \u00bb."},"content":{"rendered":"<p><strong>L<\/strong><strong>\u2019<\/strong><strong>A<\/strong><strong>ssociation des<\/strong>\u00a0<strong>P<\/strong><strong>arents d<\/strong><strong>\u2019<\/strong><strong>E<\/strong><strong>l<\/strong><strong>\u00e8<\/strong><strong>ves de La Haye est heureuse de vous annoncer la cr<\/strong><strong>\u00e9<\/strong><strong>ation de son groupe\u00a0<\/strong><strong>\u00ab\u00a0<\/strong><strong>DYS\/10\u00a0<\/strong><strong>\u00e0<\/strong>\u00a0<strong>La Haye<\/strong>\u00a0<strong>\u00bb<\/strong><strong>.<\/strong>\u00a0 \u00a0 \u00a0 \u00a0 \u00a0 \u00a0 \u00a0 \u00a0 \u00a0\u00a0\u00ab\u00a0DYS\/10 \u00e0 La Haye\u00a0\u00bb est un groupe de l&rsquo;APE ouvert \u00e0 tous les parents d\u2019enfants dys francophones des Pays-Bas.Notre objectif est d\u2019associer parents et professionnels de La Haye dans des groupes de discussions\u00a0pour partager, \u00e9changer et faire avancer les choses.A ce jour, deux rencontres ont \u00e9t\u00e9 organis\u00e9es en pr\u00e9sence de plusieurs professionnelles, orthophonistes et othop\u00e9dagogues, durant lesquelles diff\u00e9rents points ont \u00e9t\u00e9 abord\u00e9s:- Les DYS &#038; l\u2019\u00e9ducation nationale.- Les PAP\u00a0.- Les questions qui pr\u00e9occupent les parents.- Quelques sites \u00e0 recommander.- Quelques livres \u2026- Les cartes mentales.- Les logiciels qui aident les enfants dans les apprentissages.- Les dys\u00a0dans les \u00e9tablissements\u00a0scolaires.- Aux pays-Bas &#8230;cela se passe comment ?N&rsquo;h\u00e9sitez pas \u00e0 faire conna\u00eetre notre groupe autour de vous ! Tous les parents et les intervenants concern\u00e9s sont les bienvenus !\u00a0\u00a0<strong>L&rsquo;APE c&rsquo;est &#8230;<\/strong><strong>Informer<\/strong>\u00a0les familles du\u00a0lyc\u00e9e Van Gogh<strong>\u00a0\u00a0\u00a0\u00a0\u00a0\u00a0\u00a0\u00a0\u00a0\u00a0\u00a0\u00a0\u00a0\u00a0\u00a0\u00a0\u00a0 Repr<\/strong><strong>\u00e9<\/strong><strong>senter l<\/strong><strong>\u2019<\/strong><strong>ensemble des familles<\/strong>\u00a0en dehors de toute id\u00e9ologie politique et\u00a0religieuse<strong>\u00a0\u00a0\u00a0\u00a0\u00a0\u00a0\u00a0\u00a0\u00a0\u00a0\u00a0\u00a0\u00a0\u00a0\u00a0\u00a0\u00a0 Permettre aux parents de comprendre, participer et contribuer<\/strong>\u00a0aux projets de l&rsquo;\u00e9cole<strong>Cr<\/strong><strong>\u00e9<\/strong><strong>er des services<\/strong>\u00a0qui facilitent la vie des familles, qui les conseillent et qui r\u00e9duisent les frais\u00a0engag\u00e9s dans la scolarit\u00e9\u00a0<strong>\u00a0\u00a0\u00a0\u00a0\u00a0\u00a0\u00a0\u00a0\u00a0\u00a0\u00a0\u00a0\u00a0\u00a0\u00a0\u00a0\u00a0 Epauler les parents<\/strong>\u00a0qui ont des difficult\u00e9s<strong>Participer de mani<\/strong><strong>\u00e8<\/strong><strong>re active aux diff<\/strong><strong>\u00e9<\/strong><strong>rentes instances<\/strong>\u00a0de l\u2019\u00e9tablissement et y repr\u00e9senter les parents<strong>Retrouvez l&rsquo;actualit<\/strong><strong>\u00e9<\/strong>\u00a0<strong>de l&rsquo;APE sur<\/strong><a href=\"http:\/\/www.apelyceevangogh.nl\/\">www.apelyceevangogh.nl<\/a>\u00a0<a href=\"https:\/\/www.facebook.com\/APELAHAYE\">Facebook : APE lyc\u00e9e Van Gogh<\/a><\/p>\n","protected":false},"excerpt":{"rendered":"<p>L\u2019Association des\u00a0Parents d\u2019El\u00e8ves de La Haye est heureuse de vous annoncer la cr\u00e9ation de son groupe\u00a0\u00ab\u00a0DYS\/10\u00a0\u00e0\u00a0La&#8230;<\/p>\n","protected":false},"author":1,"featured_media":3444,"comment_status":"closed","ping_status":"closed","sticky":false,"template":"","format":"standard","meta":{"footnotes":""},"categories":[174],"tags":[],"yoast_head":"<!-- This site is optimized with the Yoast SEO plugin v22.8 - https:\/\/yoast.com\/wordpress\/plugins\/seo\/ -->\n<title>L&#039;Association des Parents d&#039;El\u00e8ves de La Haye est heureuse de vous annoncer la cr\u00e9ation de son groupe \u00ab DYS\/10 \u00e0 La Haye \u00bb. - UFE Pays-Bas<\/title>\n<meta name=\"robots\" content=\"index, follow, max-snippet:-1, max-image-preview:large, max-video-preview:-1\" \/>\n<link rel=\"canonical\" href=\"https:\/\/ufe.org\/pays-bas\/2017\/05\/12\/lassociation-des-parents-deleves-de-la-haye-est-heureuse-de-vous-annoncer-la-creation-de-son-groupe\/\" \/>\n<meta property=\"og:locale\" content=\"fr_FR\" \/>\n<meta property=\"og:type\" content=\"article\" \/>\n<meta property=\"og:title\" content=\"L&#039;Association des Parents d&#039;El\u00e8ves de La Haye est heureuse de vous annoncer la cr\u00e9ation de son groupe \u00ab DYS\/10 \u00e0 La Haye \u00bb. - UFE Pays-Bas\" \/>\n<meta property=\"og:description\" content=\"L\u2019Association des\u00a0Parents d\u2019El\u00e8ves de La Haye est heureuse de vous annoncer la cr\u00e9ation de son groupe\u00a0\u00ab\u00a0DYS\/10\u00a0\u00e0\u00a0La...\" \/>\n<meta property=\"og:url\" content=\"https:\/\/ufe.org\/pays-bas\/2017\/05\/12\/lassociation-des-parents-deleves-de-la-haye-est-heureuse-de-vous-annoncer-la-creation-de-son-groupe\/\" \/>\n<meta property=\"og:site_name\" content=\"UFE Pays-Bas\" \/>\n<meta property=\"article:published_time\" content=\"2017-05-11T22:00:00+00:00\" \/>\n<meta property=\"article:modified_time\" content=\"2021-05-27T11:52:30+00:00\" \/>\n<meta property=\"og:image\" content=\"https:\/\/ufe.org\/pays-bas\/wp-content\/uploads\/sites\/23\/2017\/05\/pastedgraphic.png\" \/>\n\t<meta property=\"og:image:width\" content=\"336\" \/>\n\t<meta property=\"og:image:height\" content=\"197\" \/>\n\t<meta property=\"og:image:type\" content=\"image\/png\" \/>\n<meta name=\"author\" content=\"admin6615\" \/>\n<meta name=\"twitter:card\" content=\"summary_large_image\" \/>\n<meta name=\"twitter:label1\" content=\"\u00c9crit par\" \/>\n\t<meta name=\"twitter:data1\" content=\"admin6615\" \/>\n\t<meta name=\"twitter:label2\" content=\"Dur\u00e9e de lecture estim\u00e9e\" \/>\n\t<meta name=\"twitter:data2\" content=\"1 minute\" \/>\n<script type=\"application\/ld+json\" class=\"yoast-schema-graph\">{\"@context\":\"https:\/\/schema.org\",\"@graph\":[{\"@type\":\"WebPage\",\"@id\":\"https:\/\/ufe.org\/pays-bas\/2017\/05\/12\/lassociation-des-parents-deleves-de-la-haye-est-heureuse-de-vous-annoncer-la-creation-de-son-groupe\/\",\"url\":\"https:\/\/ufe.org\/pays-bas\/2017\/05\/12\/lassociation-des-parents-deleves-de-la-haye-est-heureuse-de-vous-annoncer-la-creation-de-son-groupe\/\",\"name\":\"L'Association des Parents d'El\u00e8ves de La Haye est heureuse de vous annoncer la cr\u00e9ation de son groupe \u00ab DYS\/10 \u00e0 La Haye \u00bb. - UFE Pays-Bas\",\"isPartOf\":{\"@id\":\"https:\/\/ufe.org\/pays-bas\/#website\"},\"primaryImageOfPage\":{\"@id\":\"https:\/\/ufe.org\/pays-bas\/2017\/05\/12\/lassociation-des-parents-deleves-de-la-haye-est-heureuse-de-vous-annoncer-la-creation-de-son-groupe\/#primaryimage\"},\"image\":{\"@id\":\"https:\/\/ufe.org\/pays-bas\/2017\/05\/12\/lassociation-des-parents-deleves-de-la-haye-est-heureuse-de-vous-annoncer-la-creation-de-son-groupe\/#primaryimage\"},\"thumbnailUrl\":\"https:\/\/ufe.org\/pays-bas\/wp-content\/uploads\/sites\/23\/2017\/05\/pastedgraphic.png\",\"datePublished\":\"2017-05-11T22:00:00+00:00\",\"dateModified\":\"2021-05-27T11:52:30+00:00\",\"author\":{\"@id\":\"https:\/\/ufe.org\/pays-bas\/#\/schema\/person\/3f57002465498f8b9c05f68075731b19\"},\"breadcrumb\":{\"@id\":\"https:\/\/ufe.org\/pays-bas\/2017\/05\/12\/lassociation-des-parents-deleves-de-la-haye-est-heureuse-de-vous-annoncer-la-creation-de-son-groupe\/#breadcrumb\"},\"inLanguage\":\"fr-FR\",\"potentialAction\":[{\"@type\":\"ReadAction\",\"target\":[\"https:\/\/ufe.org\/pays-bas\/2017\/05\/12\/lassociation-des-parents-deleves-de-la-haye-est-heureuse-de-vous-annoncer-la-creation-de-son-groupe\/\"]}]},{\"@type\":\"ImageObject\",\"inLanguage\":\"fr-FR\",\"@id\":\"https:\/\/ufe.org\/pays-bas\/2017\/05\/12\/lassociation-des-parents-deleves-de-la-haye-est-heureuse-de-vous-annoncer-la-creation-de-son-groupe\/#primaryimage\",\"url\":\"https:\/\/ufe.org\/pays-bas\/wp-content\/uploads\/sites\/23\/2017\/05\/pastedgraphic.png\",\"contentUrl\":\"https:\/\/ufe.org\/pays-bas\/wp-content\/uploads\/sites\/23\/2017\/05\/pastedgraphic.png\",\"width\":336,\"height\":197},{\"@type\":\"BreadcrumbList\",\"@id\":\"https:\/\/ufe.org\/pays-bas\/2017\/05\/12\/lassociation-des-parents-deleves-de-la-haye-est-heureuse-de-vous-annoncer-la-creation-de-son-groupe\/#breadcrumb\",\"itemListElement\":[{\"@type\":\"ListItem\",\"position\":1,\"name\":\"Accueil\",\"item\":\"https:\/\/ufe.org\/pays-bas\/\"},{\"@type\":\"ListItem\",\"position\":2,\"name\":\"L&rsquo;Association des Parents d&rsquo;El\u00e8ves de La Haye est heureuse de vous annoncer la cr\u00e9ation de son groupe \u00ab DYS\/10 \u00e0 La Haye \u00bb.\"}]},{\"@type\":\"WebSite\",\"@id\":\"https:\/\/ufe.org\/pays-bas\/#website\",\"url\":\"https:\/\/ufe.org\/pays-bas\/\",\"name\":\"UFE Pays-Bas\",\"description\":\"Un site utilisant Multi site UFE\",\"potentialAction\":[{\"@type\":\"SearchAction\",\"target\":{\"@type\":\"EntryPoint\",\"urlTemplate\":\"https:\/\/ufe.org\/pays-bas\/?s={search_term_string}\"},\"query-input\":\"required name=search_term_string\"}],\"inLanguage\":\"fr-FR\"},{\"@type\":\"Person\",\"@id\":\"https:\/\/ufe.org\/pays-bas\/#\/schema\/person\/3f57002465498f8b9c05f68075731b19\",\"name\":\"admin6615\",\"image\":{\"@type\":\"ImageObject\",\"inLanguage\":\"fr-FR\",\"@id\":\"https:\/\/ufe.org\/pays-bas\/#\/schema\/person\/image\/\",\"url\":\"https:\/\/secure.gravatar.com\/avatar\/26e3f8eaf637eda33fcb3bc08e78b301?s=96&d=mm&r=g\",\"contentUrl\":\"https:\/\/secure.gravatar.com\/avatar\/26e3f8eaf637eda33fcb3bc08e78b301?s=96&d=mm&r=g\",\"caption\":\"admin6615\"},\"url\":\"https:\/\/ufe.org\/pays-bas\/author\/admin6615\/\"}]}<\/script>\n<!-- \/ Yoast SEO plugin. -->","yoast_head_json":{"title":"L'Association des Parents d'El\u00e8ves de La Haye est heureuse de vous annoncer la cr\u00e9ation de son groupe \u00ab DYS\/10 \u00e0 La Haye \u00bb. - UFE Pays-Bas","robots":{"index":"index","follow":"follow","max-snippet":"max-snippet:-1","max-image-preview":"max-image-preview:large","max-video-preview":"max-video-preview:-1"},"canonical":"https:\/\/ufe.org\/pays-bas\/2017\/05\/12\/lassociation-des-parents-deleves-de-la-haye-est-heureuse-de-vous-annoncer-la-creation-de-son-groupe\/","og_locale":"fr_FR","og_type":"article","og_title":"L'Association des Parents d'El\u00e8ves de La Haye est heureuse de vous annoncer la cr\u00e9ation de son groupe \u00ab DYS\/10 \u00e0 La Haye \u00bb. - UFE Pays-Bas","og_description":"L\u2019Association des\u00a0Parents d\u2019El\u00e8ves de La Haye est heureuse de vous annoncer la cr\u00e9ation de son groupe\u00a0\u00ab\u00a0DYS\/10\u00a0\u00e0\u00a0La...","og_url":"https:\/\/ufe.org\/pays-bas\/2017\/05\/12\/lassociation-des-parents-deleves-de-la-haye-est-heureuse-de-vous-annoncer-la-creation-de-son-groupe\/","og_site_name":"UFE Pays-Bas","article_published_time":"2017-05-11T22:00:00+00:00","article_modified_time":"2021-05-27T11:52:30+00:00","og_image":[{"width":336,"height":197,"url":"https:\/\/ufe.org\/pays-bas\/wp-content\/uploads\/sites\/23\/2017\/05\/pastedgraphic.png","type":"image\/png"}],"author":"admin6615","twitter_card":"summary_large_image","twitter_misc":{"\u00c9crit par":"admin6615","Dur\u00e9e de lecture estim\u00e9e":"1 minute"},"schema":{"@context":"https:\/\/schema.org","@graph":[{"@type":"WebPage","@id":"https:\/\/ufe.org\/pays-bas\/2017\/05\/12\/lassociation-des-parents-deleves-de-la-haye-est-heureuse-de-vous-annoncer-la-creation-de-son-groupe\/","url":"https:\/\/ufe.org\/pays-bas\/2017\/05\/12\/lassociation-des-parents-deleves-de-la-haye-est-heureuse-de-vous-annoncer-la-creation-de-son-groupe\/","name":"L'Association des Parents d'El\u00e8ves de La Haye est heureuse de vous annoncer la cr\u00e9ation de son groupe \u00ab DYS\/10 \u00e0 La Haye \u00bb. - UFE Pays-Bas","isPartOf":{"@id":"https:\/\/ufe.org\/pays-bas\/#website"},"primaryImageOfPage":{"@id":"https:\/\/ufe.org\/pays-bas\/2017\/05\/12\/lassociation-des-parents-deleves-de-la-haye-est-heureuse-de-vous-annoncer-la-creation-de-son-groupe\/#primaryimage"},"image":{"@id":"https:\/\/ufe.org\/pays-bas\/2017\/05\/12\/lassociation-des-parents-deleves-de-la-haye-est-heureuse-de-vous-annoncer-la-creation-de-son-groupe\/#primaryimage"},"thumbnailUrl":"https:\/\/ufe.org\/pays-bas\/wp-content\/uploads\/sites\/23\/2017\/05\/pastedgraphic.png","datePublished":"2017-05-11T22:00:00+00:00","dateModified":"2021-05-27T11:52:30+00:00","author":{"@id":"https:\/\/ufe.org\/pays-bas\/#\/schema\/person\/3f57002465498f8b9c05f68075731b19"},"breadcrumb":{"@id":"https:\/\/ufe.org\/pays-bas\/2017\/05\/12\/lassociation-des-parents-deleves-de-la-haye-est-heureuse-de-vous-annoncer-la-creation-de-son-groupe\/#breadcrumb"},"inLanguage":"fr-FR","potentialAction":[{"@type":"ReadAction","target":["https:\/\/ufe.org\/pays-bas\/2017\/05\/12\/lassociation-des-parents-deleves-de-la-haye-est-heureuse-de-vous-annoncer-la-creation-de-son-groupe\/"]}]},{"@type":"ImageObject","inLanguage":"fr-FR","@id":"https:\/\/ufe.org\/pays-bas\/2017\/05\/12\/lassociation-des-parents-deleves-de-la-haye-est-heureuse-de-vous-annoncer-la-creation-de-son-groupe\/#primaryimage","url":"https:\/\/ufe.org\/pays-bas\/wp-content\/uploads\/sites\/23\/2017\/05\/pastedgraphic.png","contentUrl":"https:\/\/ufe.org\/pays-bas\/wp-content\/uploads\/sites\/23\/2017\/05\/pastedgraphic.png","width":336,"height":197},{"@type":"BreadcrumbList","@id":"https:\/\/ufe.org\/pays-bas\/2017\/05\/12\/lassociation-des-parents-deleves-de-la-haye-est-heureuse-de-vous-annoncer-la-creation-de-son-groupe\/#breadcrumb","itemListElement":[{"@type":"ListItem","position":1,"name":"Accueil","item":"https:\/\/ufe.org\/pays-bas\/"},{"@type":"ListItem","position":2,"name":"L&rsquo;Association des Parents d&rsquo;El\u00e8ves de La Haye est heureuse de vous annoncer la cr\u00e9ation de son groupe \u00ab DYS\/10 \u00e0 La Haye \u00bb."}]},{"@type":"WebSite","@id":"https:\/\/ufe.org\/pays-bas\/#website","url":"https:\/\/ufe.org\/pays-bas\/","name":"UFE Pays-Bas","description":"Un site utilisant Multi site UFE","potentialAction":[{"@type":"SearchAction","target":{"@type":"EntryPoint","urlTemplate":"https:\/\/ufe.org\/pays-bas\/?s={search_term_string}"},"query-input":"required name=search_term_string"}],"inLanguage":"fr-FR"},{"@type":"Person","@id":"https:\/\/ufe.org\/pays-bas\/#\/schema\/person\/3f57002465498f8b9c05f68075731b19","name":"admin6615","image":{"@type":"ImageObject","inLanguage":"fr-FR","@id":"https:\/\/ufe.org\/pays-bas\/#\/schema\/person\/image\/","url":"https:\/\/secure.gravatar.com\/avatar\/26e3f8eaf637eda33fcb3bc08e78b301?s=96&d=mm&r=g","contentUrl":"https:\/\/secure.gravatar.com\/avatar\/26e3f8eaf637eda33fcb3bc08e78b301?s=96&d=mm&r=g","caption":"admin6615"},"url":"https:\/\/ufe.org\/pays-bas\/author\/admin6615\/"}]}},"_links":{"self":[{"href":"https:\/\/ufe.org\/pays-bas\/wp-json\/wp\/v2\/posts\/3443"}],"collection":[{"href":"https:\/\/ufe.org\/pays-bas\/wp-json\/wp\/v2\/posts"}],"about":[{"href":"https:\/\/ufe.org\/pays-bas\/wp-json\/wp\/v2\/types\/post"}],"author":[{"embeddable":true,"href":"https:\/\/ufe.org\/pays-bas\/wp-json\/wp\/v2\/users\/1"}],"replies":[{"embeddable":true,"href":"https:\/\/ufe.org\/pays-bas\/wp-json\/wp\/v2\/comments?post=3443"}],"version-history":[{"count":1,"href":"https:\/\/ufe.org\/pays-bas\/wp-json\/wp\/v2\/posts\/3443\/revisions"}],"predecessor-version":[{"id":3496,"href":"https:\/\/ufe.org\/pays-bas\/wp-json\/wp\/v2\/posts\/3443\/revisions\/3496"}],"wp:featuredmedia":[{"embeddable":true,"href":"https:\/\/ufe.org\/pays-bas\/wp-json\/wp\/v2\/media\/3444"}],"wp:attachment":[{"href":"https:\/\/ufe.org\/pays-bas\/wp-json\/wp\/v2\/media?parent=3443"}],"wp:term":[{"taxonomy":"category","embeddable":true,"href":"https:\/\/ufe.org\/pays-bas\/wp-json\/wp\/v2\/categories?post=3443"},{"taxonomy":"post_tag","embeddable":true,"href":"https:\/\/ufe.org\/pays-bas\/wp-json\/wp\/v2\/tags?post=3443"}],"curies":[{"name":"wp","href":"https:\/\/api.w.org\/{rel}","templated":true}]}}