{"id":3442,"date":"2016-05-24T00:00:00","date_gmt":"2016-05-23T22:00:00","guid":{"rendered":"https:\/\/ufe.org\/juridique-fiscalite\/photos-de-la-sortie-nationale-de-lufe-pays-bas-gouda-le-4-juin\/"},"modified":"2021-05-27T13:52:58","modified_gmt":"2021-05-27T11:52:58","slug":"photos-de-la-sortie-nationale-de-lufe-pays-bas-gouda-le-4-juin","status":"publish","type":"post","link":"https:\/\/ufe.org\/pays-bas\/2016\/05\/24\/photos-de-la-sortie-nationale-de-lufe-pays-bas-gouda-le-4-juin\/","title":{"rendered":"Photos de la Sortie Nationale de l&rsquo;UFE Pays-Bas \u00e0 Gouda le 4 juin"},"content":{"rendered":"<h3 style=\"text-align: left\">Quelques photos de la sortie Nationale:<\/h3>\n<p>Une belle journ\u00e9e, un moment ensemble et de belles d\u00e9couvertes<\/p>\n<p style=\"text-align: left\">\n<p>Pour avoir un aper\u00e7u vous pouvez voir les photos de la sortie <a href=\"http:\/\/goo.gl\/photos\/P1dUBgJp9inaX7fC9\" target=\"_blank\" rel=\"noopener\">ici<\/a><\/p>\n<h3 style=\"text-align: left\">\u00a0Venez d\u00e9couvrir les actualit\u00e9s de Gouda<\/h3>\n<p>Nous ne pouvions pas commencer cette journ\u00e9e sans d\u00e9guster une gaufre avec un caf\u00e9 dans un b\u00e2timent art d\u00e9co, une entreprise familiale qui vient de f\u00eater son centi\u00e8me anniversaire, avant d\u2019aller au mus\u00e9e retrouver Erasme, qui, il y a exactement 500 ans, publia son livre Novum Instrumentum, dont les grands th\u00e8mes sont toujours d\u2019actualit\u00e9.<\/p>\n<p>La visite s\u2019effectue au rythme de chacun, mais avant de quitter ce grand homme nous irons, sous la conduite de Chantal van Sprang, d\u00e9couvrir la pr\u00e9paration du vitrail d\u2019Erasme, \u0153uvre de grand format, qui viendra, en septembre compl\u00e9ter la collection de vitraux de l\u2019\u00e9glise St Jean. Pour suivre les habitudes d\u2019Erasme, qui aimait \u00e9changer avec des amis \u00e0 table, nous irons d\u00e9jeuner au Museumcaf\u00e9 en esp\u00e9rant que le beau temps sera de la partie pour pouvoir \u00eatre dehors, sinon nous serons \u00e0 l\u2019abri dans la cave.<\/p>\n<p>Et pour ne pas oublier une autre sp\u00e9cialit\u00e9 de Gouda nous nous rendrons, en d\u00e9couvrant des b\u00e2timents historiques et quelques aspects pittoresques de la ville, au Gouds Kaashuis. Nous apprendrons tous les secrets de la fabrication de ce produit de renomm\u00e9e mondiale. Ceci sera accompagn\u00e9 d\u2019une d\u00e9gustation de 7 sp\u00e9cialit\u00e9s avec une boisson.<\/p>\n<p>\u00a0<img loading=\"lazy\" decoding=\"async\" alt=\"stroop wafels\" height=\"250\" width=\"405\" style=\"margin-left: auto;margin-right: auto\" class=\"media-element file-default\" title=\"\" src=\"https:\/\/ufe.org\/wp-content\/uploads\/2021\/04\/stroopwafel-voor-boven-pagina.jpg\" \/><\/p>\n<p>Le point de d\u00e9part de cette journ\u00e9e est \u00e0 10.30 h au Grand Caf\u00e9 Central, Markt 22, Gouda.<\/p>\n<p>Le co\u00fbt est de 26euros pour les membres UFE (30 euros pour les non-membres). Ce prix comprend toutes les consommations cit\u00e9es, mais pas l\u2019entr\u00e9e du mus\u00e9e.<\/p>\n<p>Inscrivez-vous avant le 2 juin (date limite) en contactant Brigitte Stepp\u00e9-Chevance<\/p>\n<ul>\n<li>\u00a0\u00a0\u00a0 soit par courrier \u00e9lectronique: <a href=\"mailto:brigitte.steppe@onsbrabantnet.nl\">brigitte.steppe@onsbrabantnet.nl<\/a><\/li>\n<li>\u00a0\u00a0\u00a0 soit par t\u00e9l\u00e9phone: 040-2070015<\/li>\n<\/ul>\n<p>Verser la somme n\u00e9cessaire sur le compte NL68 INGB 0002315156 \u00e0 l\u2019ordre de Stichting UFE Pays-Bas en mentionnant \u00ab\u00a0UFE Journ\u00e9e nationale 2016\u00a0\u00bb.<\/p>\n<p>Informations pratiques :<\/p>\n<p>Le caf\u00e9 Central est \u00e0 800 m\u00e8tres de la gare.<\/p>\n<p>L\u2019entr\u00e9e du mus\u00e9e n\u2019est pas comprise dans le prix. Pour ceux qui ont un \u00ab pas \u00bb (Museumkaart, Rotterdampas) seul un suppl\u00e9ment de 3 euros est \u00e0 r\u00e9gler. Pour les autres le prix d\u2019entr\u00e9e est de 12 euros. Pour les enfants de 5 \u00e0 17 ans l\u2019entr\u00e9e est de 3 euros.<\/p>\n<p>Le menu est une soupe, des sandwiches avec une boisson (non alcoolis\u00e9e).<\/p>\n<p>\u00a0<\/p>\n<p>\u00a0<\/p>\n<p>\u00a0<\/p>\n","protected":false},"excerpt":{"rendered":"<p>Quelques photos de la sortie Nationale: Une belle journ\u00e9e, un moment ensemble et de belles d\u00e9couvertes&#8230;<\/p>\n","protected":false},"author":1,"featured_media":0,"comment_status":"closed","ping_status":"closed","sticky":false,"template":"","format":"standard","meta":{"footnotes":""},"categories":[174],"tags":[],"yoast_head":"<!-- This site is optimized with the Yoast SEO plugin v22.8 - https:\/\/yoast.com\/wordpress\/plugins\/seo\/ -->\n<title>Photos de la Sortie Nationale de l&#039;UFE Pays-Bas \u00e0 Gouda le 4 juin - UFE Pays-Bas<\/title>\n<meta name=\"robots\" content=\"index, follow, max-snippet:-1, max-image-preview:large, max-video-preview:-1\" \/>\n<link rel=\"canonical\" href=\"https:\/\/ufe.org\/pays-bas\/2016\/05\/24\/photos-de-la-sortie-nationale-de-lufe-pays-bas-gouda-le-4-juin\/\" \/>\n<meta property=\"og:locale\" content=\"fr_FR\" \/>\n<meta property=\"og:type\" content=\"article\" \/>\n<meta property=\"og:title\" content=\"Photos de la Sortie Nationale de l&#039;UFE Pays-Bas \u00e0 Gouda le 4 juin - UFE Pays-Bas\" \/>\n<meta property=\"og:description\" content=\"Quelques photos de la sortie Nationale: Une belle journ\u00e9e, un moment ensemble et de belles d\u00e9couvertes...\" \/>\n<meta property=\"og:url\" content=\"https:\/\/ufe.org\/pays-bas\/2016\/05\/24\/photos-de-la-sortie-nationale-de-lufe-pays-bas-gouda-le-4-juin\/\" \/>\n<meta property=\"og:site_name\" content=\"UFE Pays-Bas\" \/>\n<meta property=\"article:published_time\" content=\"2016-05-23T22:00:00+00:00\" \/>\n<meta property=\"article:modified_time\" content=\"2021-05-27T11:52:58+00:00\" \/>\n<meta property=\"og:image\" content=\"https:\/\/ufe.org\/wp-content\/uploads\/2021\/04\/stroopwafel-voor-boven-pagina.jpg\" \/>\n<meta name=\"author\" content=\"admin6615\" \/>\n<meta name=\"twitter:card\" content=\"summary_large_image\" \/>\n<meta name=\"twitter:label1\" content=\"\u00c9crit par\" \/>\n\t<meta name=\"twitter:data1\" content=\"admin6615\" \/>\n\t<meta name=\"twitter:label2\" content=\"Dur\u00e9e de lecture estim\u00e9e\" \/>\n\t<meta name=\"twitter:data2\" content=\"2 minutes\" \/>\n<script type=\"application\/ld+json\" class=\"yoast-schema-graph\">{\"@context\":\"https:\/\/schema.org\",\"@graph\":[{\"@type\":\"WebPage\",\"@id\":\"https:\/\/ufe.org\/pays-bas\/2016\/05\/24\/photos-de-la-sortie-nationale-de-lufe-pays-bas-gouda-le-4-juin\/\",\"url\":\"https:\/\/ufe.org\/pays-bas\/2016\/05\/24\/photos-de-la-sortie-nationale-de-lufe-pays-bas-gouda-le-4-juin\/\",\"name\":\"Photos de la Sortie Nationale de l'UFE Pays-Bas \u00e0 Gouda le 4 juin - UFE Pays-Bas\",\"isPartOf\":{\"@id\":\"https:\/\/ufe.org\/pays-bas\/#website\"},\"primaryImageOfPage\":{\"@id\":\"https:\/\/ufe.org\/pays-bas\/2016\/05\/24\/photos-de-la-sortie-nationale-de-lufe-pays-bas-gouda-le-4-juin\/#primaryimage\"},\"image\":{\"@id\":\"https:\/\/ufe.org\/pays-bas\/2016\/05\/24\/photos-de-la-sortie-nationale-de-lufe-pays-bas-gouda-le-4-juin\/#primaryimage\"},\"thumbnailUrl\":\"https:\/\/ufe.org\/wp-content\/uploads\/2021\/04\/stroopwafel-voor-boven-pagina.jpg\",\"datePublished\":\"2016-05-23T22:00:00+00:00\",\"dateModified\":\"2021-05-27T11:52:58+00:00\",\"author\":{\"@id\":\"https:\/\/ufe.org\/pays-bas\/#\/schema\/person\/3f57002465498f8b9c05f68075731b19\"},\"breadcrumb\":{\"@id\":\"https:\/\/ufe.org\/pays-bas\/2016\/05\/24\/photos-de-la-sortie-nationale-de-lufe-pays-bas-gouda-le-4-juin\/#breadcrumb\"},\"inLanguage\":\"fr-FR\",\"potentialAction\":[{\"@type\":\"ReadAction\",\"target\":[\"https:\/\/ufe.org\/pays-bas\/2016\/05\/24\/photos-de-la-sortie-nationale-de-lufe-pays-bas-gouda-le-4-juin\/\"]}]},{\"@type\":\"ImageObject\",\"inLanguage\":\"fr-FR\",\"@id\":\"https:\/\/ufe.org\/pays-bas\/2016\/05\/24\/photos-de-la-sortie-nationale-de-lufe-pays-bas-gouda-le-4-juin\/#primaryimage\",\"url\":\"https:\/\/ufe.org\/wp-content\/uploads\/2021\/04\/stroopwafel-voor-boven-pagina.jpg\",\"contentUrl\":\"https:\/\/ufe.org\/wp-content\/uploads\/2021\/04\/stroopwafel-voor-boven-pagina.jpg\"},{\"@type\":\"BreadcrumbList\",\"@id\":\"https:\/\/ufe.org\/pays-bas\/2016\/05\/24\/photos-de-la-sortie-nationale-de-lufe-pays-bas-gouda-le-4-juin\/#breadcrumb\",\"itemListElement\":[{\"@type\":\"ListItem\",\"position\":1,\"name\":\"Accueil\",\"item\":\"https:\/\/ufe.org\/pays-bas\/\"},{\"@type\":\"ListItem\",\"position\":2,\"name\":\"Photos de la Sortie Nationale de l&rsquo;UFE Pays-Bas \u00e0 Gouda le 4 juin\"}]},{\"@type\":\"WebSite\",\"@id\":\"https:\/\/ufe.org\/pays-bas\/#website\",\"url\":\"https:\/\/ufe.org\/pays-bas\/\",\"name\":\"UFE Pays-Bas\",\"description\":\"Un site utilisant Multi site UFE\",\"potentialAction\":[{\"@type\":\"SearchAction\",\"target\":{\"@type\":\"EntryPoint\",\"urlTemplate\":\"https:\/\/ufe.org\/pays-bas\/?s={search_term_string}\"},\"query-input\":\"required name=search_term_string\"}],\"inLanguage\":\"fr-FR\"},{\"@type\":\"Person\",\"@id\":\"https:\/\/ufe.org\/pays-bas\/#\/schema\/person\/3f57002465498f8b9c05f68075731b19\",\"name\":\"admin6615\",\"image\":{\"@type\":\"ImageObject\",\"inLanguage\":\"fr-FR\",\"@id\":\"https:\/\/ufe.org\/pays-bas\/#\/schema\/person\/image\/\",\"url\":\"https:\/\/secure.gravatar.com\/avatar\/26e3f8eaf637eda33fcb3bc08e78b301?s=96&d=mm&r=g\",\"contentUrl\":\"https:\/\/secure.gravatar.com\/avatar\/26e3f8eaf637eda33fcb3bc08e78b301?s=96&d=mm&r=g\",\"caption\":\"admin6615\"},\"url\":\"https:\/\/ufe.org\/pays-bas\/author\/admin6615\/\"}]}<\/script>\n<!-- \/ Yoast SEO plugin. -->","yoast_head_json":{"title":"Photos de la Sortie Nationale de l'UFE Pays-Bas \u00e0 Gouda le 4 juin - UFE Pays-Bas","robots":{"index":"index","follow":"follow","max-snippet":"max-snippet:-1","max-image-preview":"max-image-preview:large","max-video-preview":"max-video-preview:-1"},"canonical":"https:\/\/ufe.org\/pays-bas\/2016\/05\/24\/photos-de-la-sortie-nationale-de-lufe-pays-bas-gouda-le-4-juin\/","og_locale":"fr_FR","og_type":"article","og_title":"Photos de la Sortie Nationale de l'UFE Pays-Bas \u00e0 Gouda le 4 juin - UFE Pays-Bas","og_description":"Quelques photos de la sortie Nationale: Une belle journ\u00e9e, un moment ensemble et de belles d\u00e9couvertes...","og_url":"https:\/\/ufe.org\/pays-bas\/2016\/05\/24\/photos-de-la-sortie-nationale-de-lufe-pays-bas-gouda-le-4-juin\/","og_site_name":"UFE Pays-Bas","article_published_time":"2016-05-23T22:00:00+00:00","article_modified_time":"2021-05-27T11:52:58+00:00","og_image":[{"url":"https:\/\/ufe.org\/wp-content\/uploads\/2021\/04\/stroopwafel-voor-boven-pagina.jpg"}],"author":"admin6615","twitter_card":"summary_large_image","twitter_misc":{"\u00c9crit par":"admin6615","Dur\u00e9e de lecture estim\u00e9e":"2 minutes"},"schema":{"@context":"https:\/\/schema.org","@graph":[{"@type":"WebPage","@id":"https:\/\/ufe.org\/pays-bas\/2016\/05\/24\/photos-de-la-sortie-nationale-de-lufe-pays-bas-gouda-le-4-juin\/","url":"https:\/\/ufe.org\/pays-bas\/2016\/05\/24\/photos-de-la-sortie-nationale-de-lufe-pays-bas-gouda-le-4-juin\/","name":"Photos de la Sortie Nationale de l'UFE Pays-Bas \u00e0 Gouda le 4 juin - UFE Pays-Bas","isPartOf":{"@id":"https:\/\/ufe.org\/pays-bas\/#website"},"primaryImageOfPage":{"@id":"https:\/\/ufe.org\/pays-bas\/2016\/05\/24\/photos-de-la-sortie-nationale-de-lufe-pays-bas-gouda-le-4-juin\/#primaryimage"},"image":{"@id":"https:\/\/ufe.org\/pays-bas\/2016\/05\/24\/photos-de-la-sortie-nationale-de-lufe-pays-bas-gouda-le-4-juin\/#primaryimage"},"thumbnailUrl":"https:\/\/ufe.org\/wp-content\/uploads\/2021\/04\/stroopwafel-voor-boven-pagina.jpg","datePublished":"2016-05-23T22:00:00+00:00","dateModified":"2021-05-27T11:52:58+00:00","author":{"@id":"https:\/\/ufe.org\/pays-bas\/#\/schema\/person\/3f57002465498f8b9c05f68075731b19"},"breadcrumb":{"@id":"https:\/\/ufe.org\/pays-bas\/2016\/05\/24\/photos-de-la-sortie-nationale-de-lufe-pays-bas-gouda-le-4-juin\/#breadcrumb"},"inLanguage":"fr-FR","potentialAction":[{"@type":"ReadAction","target":["https:\/\/ufe.org\/pays-bas\/2016\/05\/24\/photos-de-la-sortie-nationale-de-lufe-pays-bas-gouda-le-4-juin\/"]}]},{"@type":"ImageObject","inLanguage":"fr-FR","@id":"https:\/\/ufe.org\/pays-bas\/2016\/05\/24\/photos-de-la-sortie-nationale-de-lufe-pays-bas-gouda-le-4-juin\/#primaryimage","url":"https:\/\/ufe.org\/wp-content\/uploads\/2021\/04\/stroopwafel-voor-boven-pagina.jpg","contentUrl":"https:\/\/ufe.org\/wp-content\/uploads\/2021\/04\/stroopwafel-voor-boven-pagina.jpg"},{"@type":"BreadcrumbList","@id":"https:\/\/ufe.org\/pays-bas\/2016\/05\/24\/photos-de-la-sortie-nationale-de-lufe-pays-bas-gouda-le-4-juin\/#breadcrumb","itemListElement":[{"@type":"ListItem","position":1,"name":"Accueil","item":"https:\/\/ufe.org\/pays-bas\/"},{"@type":"ListItem","position":2,"name":"Photos de la Sortie Nationale de l&rsquo;UFE Pays-Bas \u00e0 Gouda le 4 juin"}]},{"@type":"WebSite","@id":"https:\/\/ufe.org\/pays-bas\/#website","url":"https:\/\/ufe.org\/pays-bas\/","name":"UFE Pays-Bas","description":"Un site utilisant Multi site UFE","potentialAction":[{"@type":"SearchAction","target":{"@type":"EntryPoint","urlTemplate":"https:\/\/ufe.org\/pays-bas\/?s={search_term_string}"},"query-input":"required name=search_term_string"}],"inLanguage":"fr-FR"},{"@type":"Person","@id":"https:\/\/ufe.org\/pays-bas\/#\/schema\/person\/3f57002465498f8b9c05f68075731b19","name":"admin6615","image":{"@type":"ImageObject","inLanguage":"fr-FR","@id":"https:\/\/ufe.org\/pays-bas\/#\/schema\/person\/image\/","url":"https:\/\/secure.gravatar.com\/avatar\/26e3f8eaf637eda33fcb3bc08e78b301?s=96&d=mm&r=g","contentUrl":"https:\/\/secure.gravatar.com\/avatar\/26e3f8eaf637eda33fcb3bc08e78b301?s=96&d=mm&r=g","caption":"admin6615"},"url":"https:\/\/ufe.org\/pays-bas\/author\/admin6615\/"}]}},"_links":{"self":[{"href":"https:\/\/ufe.org\/pays-bas\/wp-json\/wp\/v2\/posts\/3442"}],"collection":[{"href":"https:\/\/ufe.org\/pays-bas\/wp-json\/wp\/v2\/posts"}],"about":[{"href":"https:\/\/ufe.org\/pays-bas\/wp-json\/wp\/v2\/types\/post"}],"author":[{"embeddable":true,"href":"https:\/\/ufe.org\/pays-bas\/wp-json\/wp\/v2\/users\/1"}],"replies":[{"embeddable":true,"href":"https:\/\/ufe.org\/pays-bas\/wp-json\/wp\/v2\/comments?post=3442"}],"version-history":[{"count":1,"href":"https:\/\/ufe.org\/pays-bas\/wp-json\/wp\/v2\/posts\/3442\/revisions"}],"predecessor-version":[{"id":3500,"href":"https:\/\/ufe.org\/pays-bas\/wp-json\/wp\/v2\/posts\/3442\/revisions\/3500"}],"wp:attachment":[{"href":"https:\/\/ufe.org\/pays-bas\/wp-json\/wp\/v2\/media?parent=3442"}],"wp:term":[{"taxonomy":"category","embeddable":true,"href":"https:\/\/ufe.org\/pays-bas\/wp-json\/wp\/v2\/categories?post=3442"},{"taxonomy":"post_tag","embeddable":true,"href":"https:\/\/ufe.org\/pays-bas\/wp-json\/wp\/v2\/tags?post=3442"}],"curies":[{"name":"wp","href":"https:\/\/api.w.org\/{rel}","templated":true}]}}