{"id":3436,"date":"2017-02-07T00:00:00","date_gmt":"2017-02-06T23:00:00","guid":{"rendered":"https:\/\/ufe.org\/juridique-fiscalite\/francais-de-letranger-ou-etes-vous\/"},"modified":"2021-05-27T13:52:58","modified_gmt":"2021-05-27T11:52:58","slug":"francais-de-letranger-ou-etes-vous","status":"publish","type":"post","link":"https:\/\/ufe.org\/pays-bas\/2017\/02\/07\/francais-de-letranger-ou-etes-vous\/","title":{"rendered":"Fran\u00e7ais de l&rsquo;\u00e9tranger : o\u00f9 \u00eates-vous ?"},"content":{"rendered":"<p>Le d\u00e9cret \u00a0authentifiant la population des Fran\u00e7ais \u00e9tablis hors de France au 1er janvier 2017 est sorti le 12 janvier. \u00a0Alors que l&rsquo;ann\u00e9e 2017 verra d&rsquo;importantes \u00e9ch\u00e9ances \u00e9lectorales, il nous a sembl\u00e9 int\u00e9ressant de vous proposer un comparatif des inscrits entre 2012 et 2017.<\/p>\n<p>L&rsquo;inscription au registre des Fran\u00e7ais \u00e9tablis hors de France, plus commun\u00e9ment appell\u00e9e \u00ab\u00a0l&rsquo;inscription au Consulat\u00a0\u00bb, n&rsquo;est pas obligatoire, <a href=\"https:\/\/www.ufe.org\/je-minscris-au-consulat\" target=\"_blank\" rel=\"noopener\">bien que fortement recommand\u00e9e<\/a> !<\/p>\n<p>M\u00eame s&rsquo;il est parfaitement acquis que la population fran\u00e7aise hors de nos fronti\u00e8res repr\u00e9senterait plut\u00f4t entre 2,3 et 2,6 millions, cette augmentation de pr\u00e8s de 200 000 personnes en cinq ans nous donne une indication forte sur l&rsquo;augmentation de l&rsquo;expatriation fran\u00e7aise et surtout sur les zones les plus concern\u00e9es pas cette augmentation.<\/p>\n<div>Il faudrait d\u00e9tailler pays par pays pour plus de pr\u00e9cisions, il n&rsquo;en demeure pas moins que l&rsquo;Am\u00e9rique du Nord est tr\u00e8s largement en t\u00eate, suivie des pays de la 9\u00e8me circonscription, incluant la zone Afrique du Nord, puis la zone Asie de la 11\u00e8me circonscription. Suivent ensuite les circonscriptions incluant Liechtenstein et Suisse,<span class=\"Apple-tab-span\" style=\"white-space: pre;\"> <\/span>et Belgique, Luxembourg, Pays-Bas.<\/div>\n<div>\u00a0<\/div>\n<div>On note seulement deux zones en baisse, les 5\u00e8me et 8\u00e8me circonscriptions.<\/div>\n<div>\u00a0<\/div>\n<div>Si l&rsquo;on tient compte des <a href=\"http:\/\/www.insee.fr\/fr\/statistiques\/1893198\" target=\"_blank\" rel=\"noopener\">r\u00e9partitions de population dans les d\u00e9partements fran\u00e7ais en 2016<\/a>, les Fran\u00e7ais inscrits repr\u00e9senteraient <strong>le 5\u00e8me d\u00e9partement \u00a0fran\u00e7ais<\/strong> !<\/div>\n<div>\u00a0<\/div>\n<h2>Comparatif des inscrits au registre des Fran\u00e7ais \u00e9tablis hors de France aux 1er janvier 2012 et 2017<\/h2>\n<p><img loading=\"lazy\" decoding=\"async\" title=\"Comparatifs inscrits LEC 2012-2017\" height=\"1194\" width=\"623\" class=\"media-element file-default\" alt=\"\" typeof=\"foaf:Image\" src=\"https:\/\/ufe.org\/wp-content\/uploads\/2021\/04\/image_stats.png\" \/><\/p>\n<p>Sources<\/p>\n<div>\n<div><a href=\"https:\/\/www.legifrance.gouv.fr\/eli\/decret\/2012\/2\/17\/MAEF1201993D\/jo\" target=\"_blank\" rel=\"noopener\">D\u00e9cret n\u00b0 2012-231 du 17 f\u00e9vrier 2012 authentifiant la population des Fran\u00e7ais \u00e9tablis hors de France au 1er janvier 2012<\/a><\/div>\n<div>\u00a0<\/div>\n<div><a href=\"https:\/\/www.legifrance.gouv.fr\/affichTexte.do?cidTexte=JORFTEXT000033865838&#038;dateTexte=&#038;categorieLien=id&#038;utm_source=Sarbacane&#038;utm_medium=email&#038;utm_campaign=31\/01\/2017%2020:26:03%2020170131-OC-Senat-n76\" target=\"_blank\" rel=\"noopener\">D\u00e9cret du 12 janvier 2017 authentifiant la population des Fran\u00e7ais \u00e9tablis hors de France au 1er janvier 2017\u00a0<\/a><\/div>\n<div>\u00a0<\/div>\n<\/div>\n<p>\u00a0<\/p>\n","protected":false},"excerpt":{"rendered":"<p>Le d\u00e9cret \u00a0authentifiant la population des Fran\u00e7ais \u00e9tablis hors de France au 1er janvier 2017 est&#8230;<\/p>\n","protected":false},"author":1,"featured_media":3437,"comment_status":"closed","ping_status":"closed","sticky":false,"template":"","format":"standard","meta":{"footnotes":""},"categories":[174],"tags":[],"yoast_head":"<!-- This site is optimized with the Yoast SEO plugin v22.8 - https:\/\/yoast.com\/wordpress\/plugins\/seo\/ -->\n<title>Fran\u00e7ais de l&#039;\u00e9tranger : o\u00f9 \u00eates-vous ? - UFE Pays-Bas<\/title>\n<meta name=\"robots\" content=\"index, follow, max-snippet:-1, max-image-preview:large, max-video-preview:-1\" \/>\n<link rel=\"canonical\" href=\"https:\/\/ufe.org\/pays-bas\/2017\/02\/07\/francais-de-letranger-ou-etes-vous\/\" \/>\n<meta property=\"og:locale\" content=\"fr_FR\" \/>\n<meta property=\"og:type\" content=\"article\" \/>\n<meta property=\"og:title\" content=\"Fran\u00e7ais de l&#039;\u00e9tranger : o\u00f9 \u00eates-vous ? - UFE Pays-Bas\" \/>\n<meta property=\"og:description\" content=\"Le d\u00e9cret \u00a0authentifiant la population des Fran\u00e7ais \u00e9tablis hors de France au 1er janvier 2017 est...\" \/>\n<meta property=\"og:url\" content=\"https:\/\/ufe.org\/pays-bas\/2017\/02\/07\/francais-de-letranger-ou-etes-vous\/\" \/>\n<meta property=\"og:site_name\" content=\"UFE Pays-Bas\" \/>\n<meta property=\"article:published_time\" content=\"2017-02-06T23:00:00+00:00\" \/>\n<meta property=\"article:modified_time\" content=\"2021-05-27T11:52:58+00:00\" \/>\n<meta property=\"og:image\" content=\"https:\/\/ufe.org\/pays-bas\/wp-content\/uploads\/sites\/23\/2017\/02\/community-909149_1280.jpg\" \/>\n\t<meta property=\"og:image:width\" content=\"1280\" \/>\n\t<meta property=\"og:image:height\" content=\"904\" \/>\n\t<meta property=\"og:image:type\" content=\"image\/jpeg\" \/>\n<meta name=\"author\" content=\"admin6615\" \/>\n<meta name=\"twitter:card\" content=\"summary_large_image\" \/>\n<meta name=\"twitter:label1\" content=\"\u00c9crit par\" \/>\n\t<meta name=\"twitter:data1\" content=\"admin6615\" \/>\n\t<meta name=\"twitter:label2\" content=\"Dur\u00e9e de lecture estim\u00e9e\" \/>\n\t<meta name=\"twitter:data2\" content=\"1 minute\" \/>\n<script type=\"application\/ld+json\" class=\"yoast-schema-graph\">{\"@context\":\"https:\/\/schema.org\",\"@graph\":[{\"@type\":\"WebPage\",\"@id\":\"https:\/\/ufe.org\/pays-bas\/2017\/02\/07\/francais-de-letranger-ou-etes-vous\/\",\"url\":\"https:\/\/ufe.org\/pays-bas\/2017\/02\/07\/francais-de-letranger-ou-etes-vous\/\",\"name\":\"Fran\u00e7ais de l'\u00e9tranger : o\u00f9 \u00eates-vous ? - UFE Pays-Bas\",\"isPartOf\":{\"@id\":\"https:\/\/ufe.org\/pays-bas\/#website\"},\"primaryImageOfPage\":{\"@id\":\"https:\/\/ufe.org\/pays-bas\/2017\/02\/07\/francais-de-letranger-ou-etes-vous\/#primaryimage\"},\"image\":{\"@id\":\"https:\/\/ufe.org\/pays-bas\/2017\/02\/07\/francais-de-letranger-ou-etes-vous\/#primaryimage\"},\"thumbnailUrl\":\"https:\/\/ufe.org\/pays-bas\/wp-content\/uploads\/sites\/23\/2017\/02\/community-909149_1280.jpg\",\"datePublished\":\"2017-02-06T23:00:00+00:00\",\"dateModified\":\"2021-05-27T11:52:58+00:00\",\"author\":{\"@id\":\"https:\/\/ufe.org\/pays-bas\/#\/schema\/person\/3f57002465498f8b9c05f68075731b19\"},\"breadcrumb\":{\"@id\":\"https:\/\/ufe.org\/pays-bas\/2017\/02\/07\/francais-de-letranger-ou-etes-vous\/#breadcrumb\"},\"inLanguage\":\"fr-FR\",\"potentialAction\":[{\"@type\":\"ReadAction\",\"target\":[\"https:\/\/ufe.org\/pays-bas\/2017\/02\/07\/francais-de-letranger-ou-etes-vous\/\"]}]},{\"@type\":\"ImageObject\",\"inLanguage\":\"fr-FR\",\"@id\":\"https:\/\/ufe.org\/pays-bas\/2017\/02\/07\/francais-de-letranger-ou-etes-vous\/#primaryimage\",\"url\":\"https:\/\/ufe.org\/pays-bas\/wp-content\/uploads\/sites\/23\/2017\/02\/community-909149_1280.jpg\",\"contentUrl\":\"https:\/\/ufe.org\/pays-bas\/wp-content\/uploads\/sites\/23\/2017\/02\/community-909149_1280.jpg\",\"width\":1280,\"height\":904},{\"@type\":\"BreadcrumbList\",\"@id\":\"https:\/\/ufe.org\/pays-bas\/2017\/02\/07\/francais-de-letranger-ou-etes-vous\/#breadcrumb\",\"itemListElement\":[{\"@type\":\"ListItem\",\"position\":1,\"name\":\"Accueil\",\"item\":\"https:\/\/ufe.org\/pays-bas\/\"},{\"@type\":\"ListItem\",\"position\":2,\"name\":\"Fran\u00e7ais de l&rsquo;\u00e9tranger : o\u00f9 \u00eates-vous ?\"}]},{\"@type\":\"WebSite\",\"@id\":\"https:\/\/ufe.org\/pays-bas\/#website\",\"url\":\"https:\/\/ufe.org\/pays-bas\/\",\"name\":\"UFE Pays-Bas\",\"description\":\"Un site utilisant Multi site UFE\",\"potentialAction\":[{\"@type\":\"SearchAction\",\"target\":{\"@type\":\"EntryPoint\",\"urlTemplate\":\"https:\/\/ufe.org\/pays-bas\/?s={search_term_string}\"},\"query-input\":\"required name=search_term_string\"}],\"inLanguage\":\"fr-FR\"},{\"@type\":\"Person\",\"@id\":\"https:\/\/ufe.org\/pays-bas\/#\/schema\/person\/3f57002465498f8b9c05f68075731b19\",\"name\":\"admin6615\",\"image\":{\"@type\":\"ImageObject\",\"inLanguage\":\"fr-FR\",\"@id\":\"https:\/\/ufe.org\/pays-bas\/#\/schema\/person\/image\/\",\"url\":\"https:\/\/secure.gravatar.com\/avatar\/26e3f8eaf637eda33fcb3bc08e78b301?s=96&d=mm&r=g\",\"contentUrl\":\"https:\/\/secure.gravatar.com\/avatar\/26e3f8eaf637eda33fcb3bc08e78b301?s=96&d=mm&r=g\",\"caption\":\"admin6615\"},\"url\":\"https:\/\/ufe.org\/pays-bas\/author\/admin6615\/\"}]}<\/script>\n<!-- \/ Yoast SEO plugin. -->","yoast_head_json":{"title":"Fran\u00e7ais de l'\u00e9tranger : o\u00f9 \u00eates-vous ? - UFE Pays-Bas","robots":{"index":"index","follow":"follow","max-snippet":"max-snippet:-1","max-image-preview":"max-image-preview:large","max-video-preview":"max-video-preview:-1"},"canonical":"https:\/\/ufe.org\/pays-bas\/2017\/02\/07\/francais-de-letranger-ou-etes-vous\/","og_locale":"fr_FR","og_type":"article","og_title":"Fran\u00e7ais de l'\u00e9tranger : o\u00f9 \u00eates-vous ? - UFE Pays-Bas","og_description":"Le d\u00e9cret \u00a0authentifiant la population des Fran\u00e7ais \u00e9tablis hors de France au 1er janvier 2017 est...","og_url":"https:\/\/ufe.org\/pays-bas\/2017\/02\/07\/francais-de-letranger-ou-etes-vous\/","og_site_name":"UFE Pays-Bas","article_published_time":"2017-02-06T23:00:00+00:00","article_modified_time":"2021-05-27T11:52:58+00:00","og_image":[{"width":1280,"height":904,"url":"https:\/\/ufe.org\/pays-bas\/wp-content\/uploads\/sites\/23\/2017\/02\/community-909149_1280.jpg","type":"image\/jpeg"}],"author":"admin6615","twitter_card":"summary_large_image","twitter_misc":{"\u00c9crit par":"admin6615","Dur\u00e9e de lecture estim\u00e9e":"1 minute"},"schema":{"@context":"https:\/\/schema.org","@graph":[{"@type":"WebPage","@id":"https:\/\/ufe.org\/pays-bas\/2017\/02\/07\/francais-de-letranger-ou-etes-vous\/","url":"https:\/\/ufe.org\/pays-bas\/2017\/02\/07\/francais-de-letranger-ou-etes-vous\/","name":"Fran\u00e7ais de l'\u00e9tranger : o\u00f9 \u00eates-vous ? - UFE Pays-Bas","isPartOf":{"@id":"https:\/\/ufe.org\/pays-bas\/#website"},"primaryImageOfPage":{"@id":"https:\/\/ufe.org\/pays-bas\/2017\/02\/07\/francais-de-letranger-ou-etes-vous\/#primaryimage"},"image":{"@id":"https:\/\/ufe.org\/pays-bas\/2017\/02\/07\/francais-de-letranger-ou-etes-vous\/#primaryimage"},"thumbnailUrl":"https:\/\/ufe.org\/pays-bas\/wp-content\/uploads\/sites\/23\/2017\/02\/community-909149_1280.jpg","datePublished":"2017-02-06T23:00:00+00:00","dateModified":"2021-05-27T11:52:58+00:00","author":{"@id":"https:\/\/ufe.org\/pays-bas\/#\/schema\/person\/3f57002465498f8b9c05f68075731b19"},"breadcrumb":{"@id":"https:\/\/ufe.org\/pays-bas\/2017\/02\/07\/francais-de-letranger-ou-etes-vous\/#breadcrumb"},"inLanguage":"fr-FR","potentialAction":[{"@type":"ReadAction","target":["https:\/\/ufe.org\/pays-bas\/2017\/02\/07\/francais-de-letranger-ou-etes-vous\/"]}]},{"@type":"ImageObject","inLanguage":"fr-FR","@id":"https:\/\/ufe.org\/pays-bas\/2017\/02\/07\/francais-de-letranger-ou-etes-vous\/#primaryimage","url":"https:\/\/ufe.org\/pays-bas\/wp-content\/uploads\/sites\/23\/2017\/02\/community-909149_1280.jpg","contentUrl":"https:\/\/ufe.org\/pays-bas\/wp-content\/uploads\/sites\/23\/2017\/02\/community-909149_1280.jpg","width":1280,"height":904},{"@type":"BreadcrumbList","@id":"https:\/\/ufe.org\/pays-bas\/2017\/02\/07\/francais-de-letranger-ou-etes-vous\/#breadcrumb","itemListElement":[{"@type":"ListItem","position":1,"name":"Accueil","item":"https:\/\/ufe.org\/pays-bas\/"},{"@type":"ListItem","position":2,"name":"Fran\u00e7ais de l&rsquo;\u00e9tranger : o\u00f9 \u00eates-vous ?"}]},{"@type":"WebSite","@id":"https:\/\/ufe.org\/pays-bas\/#website","url":"https:\/\/ufe.org\/pays-bas\/","name":"UFE Pays-Bas","description":"Un site utilisant Multi site UFE","potentialAction":[{"@type":"SearchAction","target":{"@type":"EntryPoint","urlTemplate":"https:\/\/ufe.org\/pays-bas\/?s={search_term_string}"},"query-input":"required name=search_term_string"}],"inLanguage":"fr-FR"},{"@type":"Person","@id":"https:\/\/ufe.org\/pays-bas\/#\/schema\/person\/3f57002465498f8b9c05f68075731b19","name":"admin6615","image":{"@type":"ImageObject","inLanguage":"fr-FR","@id":"https:\/\/ufe.org\/pays-bas\/#\/schema\/person\/image\/","url":"https:\/\/secure.gravatar.com\/avatar\/26e3f8eaf637eda33fcb3bc08e78b301?s=96&d=mm&r=g","contentUrl":"https:\/\/secure.gravatar.com\/avatar\/26e3f8eaf637eda33fcb3bc08e78b301?s=96&d=mm&r=g","caption":"admin6615"},"url":"https:\/\/ufe.org\/pays-bas\/author\/admin6615\/"}]}},"_links":{"self":[{"href":"https:\/\/ufe.org\/pays-bas\/wp-json\/wp\/v2\/posts\/3436"}],"collection":[{"href":"https:\/\/ufe.org\/pays-bas\/wp-json\/wp\/v2\/posts"}],"about":[{"href":"https:\/\/ufe.org\/pays-bas\/wp-json\/wp\/v2\/types\/post"}],"author":[{"embeddable":true,"href":"https:\/\/ufe.org\/pays-bas\/wp-json\/wp\/v2\/users\/1"}],"replies":[{"embeddable":true,"href":"https:\/\/ufe.org\/pays-bas\/wp-json\/wp\/v2\/comments?post=3436"}],"version-history":[{"count":1,"href":"https:\/\/ufe.org\/pays-bas\/wp-json\/wp\/v2\/posts\/3436\/revisions"}],"predecessor-version":[{"id":3499,"href":"https:\/\/ufe.org\/pays-bas\/wp-json\/wp\/v2\/posts\/3436\/revisions\/3499"}],"wp:featuredmedia":[{"embeddable":true,"href":"https:\/\/ufe.org\/pays-bas\/wp-json\/wp\/v2\/media\/3437"}],"wp:attachment":[{"href":"https:\/\/ufe.org\/pays-bas\/wp-json\/wp\/v2\/media?parent=3436"}],"wp:term":[{"taxonomy":"category","embeddable":true,"href":"https:\/\/ufe.org\/pays-bas\/wp-json\/wp\/v2\/categories?post=3436"},{"taxonomy":"post_tag","embeddable":true,"href":"https:\/\/ufe.org\/pays-bas\/wp-json\/wp\/v2\/tags?post=3436"}],"curies":[{"name":"wp","href":"https:\/\/api.w.org\/{rel}","templated":true}]}}