{"id":3434,"date":"2017-05-13T00:00:00","date_gmt":"2017-05-12T22:00:00","guid":{"rendered":"https:\/\/ufe.org\/juridique-fiscalite\/age-de-la-retraite-comparaison-entre-la-france-et-letranger\/"},"modified":"2021-05-27T13:52:30","modified_gmt":"2021-05-27T11:52:30","slug":"age-de-la-retraite-comparaison-entre-la-france-et-letranger","status":"publish","type":"post","link":"https:\/\/ufe.org\/pays-bas\/2017\/05\/13\/age-de-la-retraite-comparaison-entre-la-france-et-letranger\/","title":{"rendered":"\u00c2ge de la retraite : comparaison entre la France et l\u2019\u00e9tranger"},"content":{"rendered":"<div><strong>Selon l\u2019OCDE, en 2017, la France est un des derniers pays avec un \u00e2ge l\u00e9gal de d\u00e9part de la retraite inf\u00e9rieur \u00e0 65 ans. C\u2019est \u00e9galement un des derniers pays o\u00f9 un assur\u00e9 ayant commenc\u00e9 \u00e0 travailler \u00e0 20 ans peut esp\u00e9rer toucher une retraite au taux plein avant 64 ans. De plus, dans certains cas, il est toujours possible de profiter d\u2019un d\u00e9part anticip\u00e9 \u00e0 taux plein avant 62 ans.<\/strong><br \/>\u00a0<\/div>\n<div><strong>Quelles sont les cons\u00e9quences de cette situation pour les Fran\u00e7ais expatri\u00e9s ?<\/strong><\/div>\n<h2>OCDE : recul g\u00e9n\u00e9ralis\u00e9 des \u00e2ges de la retraite<\/h2>\n<div>Que la comparaison porte sur l\u2019\u00e2ge l\u00e9gal de d\u00e9part (\u00e2ge \u00e0 partir duquel on peut demander sa retraite), sur l\u2019\u00e2ge auquel on peut pr\u00e9tendre au taux plein ou sur les possibilit\u00e9s de d\u00e9part anticip\u00e9 pour les assur\u00e9s qui ont commenc\u00e9 \u00e0 travailler jeune, les assur\u00e9s fran\u00e7ais font partie des mieux lotis.<\/div>\n<div>\u00a0<\/div>\n<div><strong>Rel\u00e8vement de l\u2019\u00e2ge de d\u00e9part \u00e0 la retraite dans l\u2019OCDE<\/strong><\/div>\n<div>Selon l\u2019OCDE, \u00ab les dix derni\u00e8res ann\u00e9es ont vu se d\u00e9ployer une intense activit\u00e9 de r\u00e9forme des retraites&#8230; Les progr\u00e8s les plus sensibles ont \u00e9t\u00e9 constat\u00e9s dans le rel\u00e8vement de l\u2019\u00e2ge l\u00e9gal de d\u00e9part, report\u00e9 dans de nombreux pays au-del\u00e0 de 65 ans \u00bb. Ainsi, en vertu des l\u00e9gislations actuelles, l\u2019\u00e2ge de la retraite va passer dans l\u2019OCDE de 64 ans en moyenne en 2014 \u00e0 65,5 ans d\u2019ici 2060. Enfin, les derni\u00e8res r\u00e9formes (Royaume-Uni, Pays-Bas) montrent que \u00ab l\u2019\u00e2ge de 67 ans commence \u00e0 remplacer l\u2019ancienne norme de 65 ans \u00bb.<\/div>\n<div><strong>Un contre-exemple r\u00e9cent : la Pologne<\/strong><\/div>\n<div>La Pologne a adopt\u00e9 le 19 d\u00e9cembre 2016 une nouvelle loi sur les retraites qui avance l\u2019\u00e2ge de d\u00e9part \u00e0 la retraite \u00e0 compter du 1er octobre 2017.<\/div>\n<div>Il s\u2019agit d\u2019un retour en arri\u00e8re : le pr\u00e9c\u00e9dent gouvernement avait, en janvier 2013, mis en place une r\u00e9forme qui pr\u00e9voyait notamment un recul progressif de l\u2019\u00e2ge de la retraite de 60 ans \u00e0 67 ans pour les femmes \u00e0 l\u2019horizon 2040 et de 65 \u00e0 67 ans pour les hommes \u00e0 l\u2019horizon 2020.<\/div>\n<div>En 2017, l\u2019\u00e2ge de d\u00e9part est de 61 ans et 1 mois pour les femmes et de 66 ans et 1 mois pour les hommes.<\/div>\n<div>\u00a0<\/div>\n<div><strong>Recul simultan\u00e9 de l\u2019\u00e2ge de d\u00e9part pour une retraite au taux plein<\/strong><\/div>\n<div>Toujours selon l\u2019OCDE, \u00e0 l\u2019avenir, l\u2019\u00e2ge de la retraite le plus \u00e9lev\u00e9 pour les hommes entr\u00e9s sur le march\u00e9 du travail \u00e0 20 ans sera de 68 ans. Il sera appliqu\u00e9 en Irlande, en R\u00e9publique Tch\u00e8que et au Royaume-Uni.<\/div>\n<div>Le plus bas sera de 60 ans et sera appliqu\u00e9 en Slov\u00e9nie et au Luxembourg, pays qui exigent une moindre dur\u00e9e de carri\u00e8re pour le droit au taux plein.<\/div>\n<div>En France, suite \u00e0 la r\u00e9forme 2013 des retraites, la dur\u00e9e maximum de carri\u00e8re exig\u00e9e pour le droit au taux plein sera de 43 ans (172 trimestres) pour les assur\u00e9s n\u00e9s \u00e0 partir de 1973. S\u2019ils sont entr\u00e9s sur le march\u00e9 du travail \u00e0 20 ans, il leur sera donc possible de toucher une retraite int\u00e9grale d\u00e8s 63 ans.<\/div>\n<div>\u00a0<\/div>\n<div><strong>D\u00e9part anticip\u00e9 pour ceux qui ont commenc\u00e9 \u00e0 travailler t\u00f4t<\/strong><\/div>\n<div>En France, si l\u2019\u00e2ge minimum l\u00e9gal de la retraite est d\u00e9sormais de 62 ans, les assur\u00e9s qui ont commenc\u00e9 \u00e0 travailler avant 20 ans peuvent b\u00e9n\u00e9ficier d\u2019un dispositif qui leur permet de partir d\u00e8s 60 ans (voire plus t\u00f4t dans certaines conditions).<\/div>\n<div>En Allemagne, l\u2019\u00e2ge de la retraite a \u00e9t\u00e9 ramen\u00e9 de 65 ans \u00e0 63 ans pour les personnes ayant cotis\u00e9 pendant 45 ans. \u00c0 compter de 2015, cet \u00e2ge augmentera chaque ann\u00e9e de deux mois jusqu\u2019\u00e0 atteindre \u00e0 nouveau 65 ans.<\/div>\n<h2>Quelle cons\u00e9quence pour les expatri\u00e9s ?<\/h2>\n<div>La s\u00e9curit\u00e9 sociale consid\u00e8re comme \u00ab expatri\u00e9 \u00bb un assur\u00e9 qui exerce son activit\u00e9 dans un pays autre que la France et cotise aupr\u00e8s du r\u00e9gime de s\u00e9curit\u00e9 sociale de ce pays. Par ces cotisations il acquiert des droits aupr\u00e8s du r\u00e9gime de retraite de ce pays.<\/div>\n<div>\u00a0<\/div>\n<div><strong>Ils toucheront leur retraites fran\u00e7aises avant les retraites \u00e9trang\u00e8res.\u00a0<\/strong><\/div>\n<div>Nous l\u2019avons vu, quel que soit le crit\u00e8re d\u2019\u00e2ge retenu, un assur\u00e9 aura probablement la possibilit\u00e9 de percevoir ses retraites fran\u00e7aises avant celles du pays d\u2019accueil. \u00a0<\/div>\n<div>\u00a0<\/div>\n<div>S\u2019il s\u2019est expatri\u00e9 jeune, qu\u2019il n\u2019a pas choisi de poursuivre de fa\u00e7on volontaire ses cotisations aupr\u00e8s des r\u00e9gimes de retraite fran\u00e7ais, le poids de ses retraites fran\u00e7aises sera faible et lui assurera un revenu de remplacement insuffisant pour lui permettre de cesser son activit\u00e9 professionnelle. Il devra donc continuer \u00e0 travailler.<\/div>\n<div>\u00a0<\/div>\n<div>Si c\u2019est le cas, le fait de continuer \u00e0 travailler et \u00e0 cotiser localement ne devrait pas l\u2019emp\u00eacher de liquider ses retraites fran\u00e7aises. En effet, <strong>aucune r\u00e9glementation n\u2019interdit ou ne limite le droit \u00e0 cumuler retraites fran\u00e7aises et revenus d\u2019activit\u00e9 \u00e0 l\u2019\u00e9tranger.<\/strong><\/div>\n<div>\u00a0<\/div>\n<div>Sources de l\u2019article :<\/div>\n<div><a href=\"http:\/\/www.oecd.org\/fr\/retraites\/les-pensions-dans-les-pays-de-l-ocde-19991371.htm\" target=\"_blank\" rel=\"noopener\">OCDE (2016), Panorama des pensions 2015 : Les indicateurs de l\u2019OCDE et du G20<\/a><\/div>\n<div><a href=\"https:\/\/www.ssa.gov\/policy\/docs\/progdesc\/intl_update\/#poland\" target=\"_blank\" rel=\"noopener\">SSA international update \u2013 janvier 2017<\/a><\/div>\n<div>\u00a0<\/div>\n<div>\u00a0<\/div>\n<div>\u00a0<\/div>\n<div>\u00a0<img loading=\"lazy\" decoding=\"async\" title=\"Novelvy\" height=\"72\" width=\"225\" class=\"media-element file-default\" data-delta=\"1\" alt=\"\" src=\"https:\/\/ufe.org\/wp-content\/uploads\/2021\/04\/logo_novelvy.png\" \/>Partenaire de l&rsquo;UFE depuis 2009, Novelvy Retraite accompagne les expatri\u00e9s sur tous les aspects de leur dossier de retraite tant en cours de carri\u00e8re qu&rsquo;au moment de l\u2019obtention des pensions.<\/div>\n<div>\u00a0<\/div>\n<div>\u00a0<\/div>\n<div><strong>Contact :<\/strong><\/div>\n<div>Email : <a href=\"mailto:pascale.gauthier@novelvy.com\">pascale.gauthier@novelvy.com<\/a><\/div>\n<div>T\u00e9l\u00e9phone : + 33 (0) 1.41.37.98.20<\/div>\n<div><a href=\"http:\/\/www.novelvyexpat.com\" target=\"_blank\" rel=\"noopener\">Plus d\u2019informations\u00a0<\/a><\/div>\n<p>\u00a0<\/p>\n","protected":false},"excerpt":{"rendered":"<p>Selon l\u2019OCDE, en 2017, la France est un des derniers pays avec un \u00e2ge l\u00e9gal de&#8230;<\/p>\n","protected":false},"author":1,"featured_media":3435,"comment_status":"closed","ping_status":"closed","sticky":false,"template":"","format":"standard","meta":{"footnotes":""},"categories":[174],"tags":[],"yoast_head":"<!-- This site is optimized with the Yoast SEO plugin v22.8 - https:\/\/yoast.com\/wordpress\/plugins\/seo\/ -->\n<title>\u00c2ge de la retraite : comparaison entre la France et l\u2019\u00e9tranger - UFE Pays-Bas<\/title>\n<meta name=\"robots\" content=\"index, follow, max-snippet:-1, max-image-preview:large, max-video-preview:-1\" \/>\n<link rel=\"canonical\" href=\"https:\/\/ufe.org\/pays-bas\/2017\/05\/13\/age-de-la-retraite-comparaison-entre-la-france-et-letranger\/\" \/>\n<meta property=\"og:locale\" content=\"fr_FR\" \/>\n<meta property=\"og:type\" content=\"article\" \/>\n<meta property=\"og:title\" content=\"\u00c2ge de la retraite : comparaison entre la France et l\u2019\u00e9tranger - UFE Pays-Bas\" \/>\n<meta property=\"og:description\" content=\"Selon l\u2019OCDE, en 2017, la France est un des derniers pays avec un \u00e2ge l\u00e9gal de...\" \/>\n<meta property=\"og:url\" content=\"https:\/\/ufe.org\/pays-bas\/2017\/05\/13\/age-de-la-retraite-comparaison-entre-la-france-et-letranger\/\" \/>\n<meta property=\"og:site_name\" content=\"UFE Pays-Bas\" \/>\n<meta property=\"article:published_time\" content=\"2017-05-12T22:00:00+00:00\" \/>\n<meta property=\"article:modified_time\" content=\"2021-05-27T11:52:30+00:00\" \/>\n<meta property=\"og:image\" content=\"https:\/\/ufe.org\/pays-bas\/wp-content\/uploads\/sites\/23\/2017\/05\/age_de_la_retraite.jpg\" \/>\n\t<meta property=\"og:image:width\" content=\"770\" \/>\n\t<meta property=\"og:image:height\" content=\"528\" \/>\n\t<meta property=\"og:image:type\" content=\"image\/jpeg\" \/>\n<meta name=\"author\" content=\"admin6615\" \/>\n<meta name=\"twitter:card\" content=\"summary_large_image\" \/>\n<meta name=\"twitter:label1\" content=\"\u00c9crit par\" \/>\n\t<meta name=\"twitter:data1\" content=\"admin6615\" \/>\n\t<meta name=\"twitter:label2\" content=\"Dur\u00e9e de lecture estim\u00e9e\" \/>\n\t<meta name=\"twitter:data2\" content=\"4 minutes\" \/>\n<script type=\"application\/ld+json\" class=\"yoast-schema-graph\">{\"@context\":\"https:\/\/schema.org\",\"@graph\":[{\"@type\":\"WebPage\",\"@id\":\"https:\/\/ufe.org\/pays-bas\/2017\/05\/13\/age-de-la-retraite-comparaison-entre-la-france-et-letranger\/\",\"url\":\"https:\/\/ufe.org\/pays-bas\/2017\/05\/13\/age-de-la-retraite-comparaison-entre-la-france-et-letranger\/\",\"name\":\"\u00c2ge de la retraite : comparaison entre la France et l\u2019\u00e9tranger - UFE Pays-Bas\",\"isPartOf\":{\"@id\":\"https:\/\/ufe.org\/pays-bas\/#website\"},\"primaryImageOfPage\":{\"@id\":\"https:\/\/ufe.org\/pays-bas\/2017\/05\/13\/age-de-la-retraite-comparaison-entre-la-france-et-letranger\/#primaryimage\"},\"image\":{\"@id\":\"https:\/\/ufe.org\/pays-bas\/2017\/05\/13\/age-de-la-retraite-comparaison-entre-la-france-et-letranger\/#primaryimage\"},\"thumbnailUrl\":\"https:\/\/ufe.org\/pays-bas\/wp-content\/uploads\/sites\/23\/2017\/05\/age_de_la_retraite.jpg\",\"datePublished\":\"2017-05-12T22:00:00+00:00\",\"dateModified\":\"2021-05-27T11:52:30+00:00\",\"author\":{\"@id\":\"https:\/\/ufe.org\/pays-bas\/#\/schema\/person\/3f57002465498f8b9c05f68075731b19\"},\"breadcrumb\":{\"@id\":\"https:\/\/ufe.org\/pays-bas\/2017\/05\/13\/age-de-la-retraite-comparaison-entre-la-france-et-letranger\/#breadcrumb\"},\"inLanguage\":\"fr-FR\",\"potentialAction\":[{\"@type\":\"ReadAction\",\"target\":[\"https:\/\/ufe.org\/pays-bas\/2017\/05\/13\/age-de-la-retraite-comparaison-entre-la-france-et-letranger\/\"]}]},{\"@type\":\"ImageObject\",\"inLanguage\":\"fr-FR\",\"@id\":\"https:\/\/ufe.org\/pays-bas\/2017\/05\/13\/age-de-la-retraite-comparaison-entre-la-france-et-letranger\/#primaryimage\",\"url\":\"https:\/\/ufe.org\/pays-bas\/wp-content\/uploads\/sites\/23\/2017\/05\/age_de_la_retraite.jpg\",\"contentUrl\":\"https:\/\/ufe.org\/pays-bas\/wp-content\/uploads\/sites\/23\/2017\/05\/age_de_la_retraite.jpg\",\"width\":770,\"height\":528},{\"@type\":\"BreadcrumbList\",\"@id\":\"https:\/\/ufe.org\/pays-bas\/2017\/05\/13\/age-de-la-retraite-comparaison-entre-la-france-et-letranger\/#breadcrumb\",\"itemListElement\":[{\"@type\":\"ListItem\",\"position\":1,\"name\":\"Accueil\",\"item\":\"https:\/\/ufe.org\/pays-bas\/\"},{\"@type\":\"ListItem\",\"position\":2,\"name\":\"\u00c2ge de la retraite : comparaison entre la France et l\u2019\u00e9tranger\"}]},{\"@type\":\"WebSite\",\"@id\":\"https:\/\/ufe.org\/pays-bas\/#website\",\"url\":\"https:\/\/ufe.org\/pays-bas\/\",\"name\":\"UFE Pays-Bas\",\"description\":\"Un site utilisant Multi site UFE\",\"potentialAction\":[{\"@type\":\"SearchAction\",\"target\":{\"@type\":\"EntryPoint\",\"urlTemplate\":\"https:\/\/ufe.org\/pays-bas\/?s={search_term_string}\"},\"query-input\":\"required name=search_term_string\"}],\"inLanguage\":\"fr-FR\"},{\"@type\":\"Person\",\"@id\":\"https:\/\/ufe.org\/pays-bas\/#\/schema\/person\/3f57002465498f8b9c05f68075731b19\",\"name\":\"admin6615\",\"image\":{\"@type\":\"ImageObject\",\"inLanguage\":\"fr-FR\",\"@id\":\"https:\/\/ufe.org\/pays-bas\/#\/schema\/person\/image\/\",\"url\":\"https:\/\/secure.gravatar.com\/avatar\/26e3f8eaf637eda33fcb3bc08e78b301?s=96&d=mm&r=g\",\"contentUrl\":\"https:\/\/secure.gravatar.com\/avatar\/26e3f8eaf637eda33fcb3bc08e78b301?s=96&d=mm&r=g\",\"caption\":\"admin6615\"},\"url\":\"https:\/\/ufe.org\/pays-bas\/author\/admin6615\/\"}]}<\/script>\n<!-- \/ Yoast SEO plugin. -->","yoast_head_json":{"title":"\u00c2ge de la retraite : comparaison entre la France et l\u2019\u00e9tranger - UFE Pays-Bas","robots":{"index":"index","follow":"follow","max-snippet":"max-snippet:-1","max-image-preview":"max-image-preview:large","max-video-preview":"max-video-preview:-1"},"canonical":"https:\/\/ufe.org\/pays-bas\/2017\/05\/13\/age-de-la-retraite-comparaison-entre-la-france-et-letranger\/","og_locale":"fr_FR","og_type":"article","og_title":"\u00c2ge de la retraite : comparaison entre la France et l\u2019\u00e9tranger - UFE Pays-Bas","og_description":"Selon l\u2019OCDE, en 2017, la France est un des derniers pays avec un \u00e2ge l\u00e9gal de...","og_url":"https:\/\/ufe.org\/pays-bas\/2017\/05\/13\/age-de-la-retraite-comparaison-entre-la-france-et-letranger\/","og_site_name":"UFE Pays-Bas","article_published_time":"2017-05-12T22:00:00+00:00","article_modified_time":"2021-05-27T11:52:30+00:00","og_image":[{"width":770,"height":528,"url":"https:\/\/ufe.org\/pays-bas\/wp-content\/uploads\/sites\/23\/2017\/05\/age_de_la_retraite.jpg","type":"image\/jpeg"}],"author":"admin6615","twitter_card":"summary_large_image","twitter_misc":{"\u00c9crit par":"admin6615","Dur\u00e9e de lecture estim\u00e9e":"4 minutes"},"schema":{"@context":"https:\/\/schema.org","@graph":[{"@type":"WebPage","@id":"https:\/\/ufe.org\/pays-bas\/2017\/05\/13\/age-de-la-retraite-comparaison-entre-la-france-et-letranger\/","url":"https:\/\/ufe.org\/pays-bas\/2017\/05\/13\/age-de-la-retraite-comparaison-entre-la-france-et-letranger\/","name":"\u00c2ge de la retraite : comparaison entre la France et l\u2019\u00e9tranger - UFE Pays-Bas","isPartOf":{"@id":"https:\/\/ufe.org\/pays-bas\/#website"},"primaryImageOfPage":{"@id":"https:\/\/ufe.org\/pays-bas\/2017\/05\/13\/age-de-la-retraite-comparaison-entre-la-france-et-letranger\/#primaryimage"},"image":{"@id":"https:\/\/ufe.org\/pays-bas\/2017\/05\/13\/age-de-la-retraite-comparaison-entre-la-france-et-letranger\/#primaryimage"},"thumbnailUrl":"https:\/\/ufe.org\/pays-bas\/wp-content\/uploads\/sites\/23\/2017\/05\/age_de_la_retraite.jpg","datePublished":"2017-05-12T22:00:00+00:00","dateModified":"2021-05-27T11:52:30+00:00","author":{"@id":"https:\/\/ufe.org\/pays-bas\/#\/schema\/person\/3f57002465498f8b9c05f68075731b19"},"breadcrumb":{"@id":"https:\/\/ufe.org\/pays-bas\/2017\/05\/13\/age-de-la-retraite-comparaison-entre-la-france-et-letranger\/#breadcrumb"},"inLanguage":"fr-FR","potentialAction":[{"@type":"ReadAction","target":["https:\/\/ufe.org\/pays-bas\/2017\/05\/13\/age-de-la-retraite-comparaison-entre-la-france-et-letranger\/"]}]},{"@type":"ImageObject","inLanguage":"fr-FR","@id":"https:\/\/ufe.org\/pays-bas\/2017\/05\/13\/age-de-la-retraite-comparaison-entre-la-france-et-letranger\/#primaryimage","url":"https:\/\/ufe.org\/pays-bas\/wp-content\/uploads\/sites\/23\/2017\/05\/age_de_la_retraite.jpg","contentUrl":"https:\/\/ufe.org\/pays-bas\/wp-content\/uploads\/sites\/23\/2017\/05\/age_de_la_retraite.jpg","width":770,"height":528},{"@type":"BreadcrumbList","@id":"https:\/\/ufe.org\/pays-bas\/2017\/05\/13\/age-de-la-retraite-comparaison-entre-la-france-et-letranger\/#breadcrumb","itemListElement":[{"@type":"ListItem","position":1,"name":"Accueil","item":"https:\/\/ufe.org\/pays-bas\/"},{"@type":"ListItem","position":2,"name":"\u00c2ge de la retraite : comparaison entre la France et l\u2019\u00e9tranger"}]},{"@type":"WebSite","@id":"https:\/\/ufe.org\/pays-bas\/#website","url":"https:\/\/ufe.org\/pays-bas\/","name":"UFE Pays-Bas","description":"Un site utilisant Multi site UFE","potentialAction":[{"@type":"SearchAction","target":{"@type":"EntryPoint","urlTemplate":"https:\/\/ufe.org\/pays-bas\/?s={search_term_string}"},"query-input":"required name=search_term_string"}],"inLanguage":"fr-FR"},{"@type":"Person","@id":"https:\/\/ufe.org\/pays-bas\/#\/schema\/person\/3f57002465498f8b9c05f68075731b19","name":"admin6615","image":{"@type":"ImageObject","inLanguage":"fr-FR","@id":"https:\/\/ufe.org\/pays-bas\/#\/schema\/person\/image\/","url":"https:\/\/secure.gravatar.com\/avatar\/26e3f8eaf637eda33fcb3bc08e78b301?s=96&d=mm&r=g","contentUrl":"https:\/\/secure.gravatar.com\/avatar\/26e3f8eaf637eda33fcb3bc08e78b301?s=96&d=mm&r=g","caption":"admin6615"},"url":"https:\/\/ufe.org\/pays-bas\/author\/admin6615\/"}]}},"_links":{"self":[{"href":"https:\/\/ufe.org\/pays-bas\/wp-json\/wp\/v2\/posts\/3434"}],"collection":[{"href":"https:\/\/ufe.org\/pays-bas\/wp-json\/wp\/v2\/posts"}],"about":[{"href":"https:\/\/ufe.org\/pays-bas\/wp-json\/wp\/v2\/types\/post"}],"author":[{"embeddable":true,"href":"https:\/\/ufe.org\/pays-bas\/wp-json\/wp\/v2\/users\/1"}],"replies":[{"embeddable":true,"href":"https:\/\/ufe.org\/pays-bas\/wp-json\/wp\/v2\/comments?post=3434"}],"version-history":[{"count":1,"href":"https:\/\/ufe.org\/pays-bas\/wp-json\/wp\/v2\/posts\/3434\/revisions"}],"predecessor-version":[{"id":3495,"href":"https:\/\/ufe.org\/pays-bas\/wp-json\/wp\/v2\/posts\/3434\/revisions\/3495"}],"wp:featuredmedia":[{"embeddable":true,"href":"https:\/\/ufe.org\/pays-bas\/wp-json\/wp\/v2\/media\/3435"}],"wp:attachment":[{"href":"https:\/\/ufe.org\/pays-bas\/wp-json\/wp\/v2\/media?parent=3434"}],"wp:term":[{"taxonomy":"category","embeddable":true,"href":"https:\/\/ufe.org\/pays-bas\/wp-json\/wp\/v2\/categories?post=3434"},{"taxonomy":"post_tag","embeddable":true,"href":"https:\/\/ufe.org\/pays-bas\/wp-json\/wp\/v2\/tags?post=3434"}],"curies":[{"name":"wp","href":"https:\/\/api.w.org\/{rel}","templated":true}]}}