{"id":3433,"date":"2017-05-12T00:00:00","date_gmt":"2017-05-11T22:00:00","guid":{"rendered":"https:\/\/ufe.org\/juridique-fiscalite\/rapport-moral-2016-ufe-pays-bas\/"},"modified":"2021-05-27T13:52:30","modified_gmt":"2021-05-27T11:52:30","slug":"rapport-moral-2016-ufe-pays-bas","status":"publish","type":"post","link":"https:\/\/ufe.org\/pays-bas\/2017\/05\/12\/rapport-moral-2016-ufe-pays-bas\/","title":{"rendered":"Rapport Moral 2016 Ufe Pays-Bas"},"content":{"rendered":"<p><strong>Rapport moral du Pr\u00e9sident pour l\u2019ann\u00e9e 2015\/2016\u00a0\u00a0 UFE Pays-Bas<\/strong><\/p>\n<p align=\"center\">1<sup>er<\/sup>\u00a0octobre 2016<\/p>\n<p>\u00a0<\/p>\n<p>Comme chaque ann\u00e9e, c\u2019est avec un grand plaisir que nous nous r\u00e9unissons ce 1<sup>er<\/sup>\u00a0octobre pour notre Assembl\u00e9e G\u00e9n\u00e9rale Ordinaire. Nous avons continu\u00e9 notre restructuration en suivant la mise en place de la nouvelle communication mondiale de notre si\u00e8ge UFE Paris utilisant tous les moyens modernes web, Facebook, Twitter, Smartphone et autres.<\/p>\n<h2>Activites<\/h2>\n<p>Comme chaque ann\u00e9e nous avons eu de nombreuses activit\u00e9s qui ont remport\u00e9 un tr\u00e8s grand succ\u00e8s\u00a0:<\/p>\n<p style=\"margin-left: 72pt;\">\u00b7\u00a0\u00a0\u00a0\u00a0\u00a0 vu le grand succ\u00e8s de la premi\u00e8re visite de la vieille ville d\u2019Amsterdam nous avons organis\u00e9 une seconde visite.<\/p>\n<p style=\"margin-left: 72pt;\">\u00b7\u00a0\u00a0\u00a0\u00a0\u00a0 En Janvier \u00e0 Laren la galette des Rois\u00a0 et visite du\u00a0 mus\u00e9e Singer qui f\u00eatait ses 60 ans\u00a0 avec l\u2019exposition \u00ab\u00a0Paradijs in de Bergen de Kirchner\u00a0\u00bb.<\/p>\n<p style=\"margin-left: 72pt;\">\u00b7\u00a0\u00a0\u00a0\u00a0\u00a0 21 janvier 2016 nous avons invit\u00e9 Monsieur le S\u00e9nateur Cadic (s\u00e9nateur des Fran\u00e7ais \u00e0 l\u2019\u00e9tranger) \u00e0 la R\u00e9sidence de France de la Haye pour expliquer \u00e0 nos compatriotes le r\u00f4le des repr\u00e9sentants des Fran\u00e7ais \u00e0 l\u2019\u00e9tranger.<\/p>\n<p style=\"margin-left: 72pt;\">\u00b7\u00a0\u00a0\u00a0\u00a0\u00a0 en f\u00e9vrier, \u00e0 Amsterdam, nous visitions le\u00a0 mus\u00e9e maritime avec Agn\u00e8s Bompy.<\/p>\n<p style=\"margin-left: 72pt;\">\u00b7\u00a0\u00a0\u00a0\u00a0\u00a0 en Mai \u00e0 La Haye,\u00a0 Mr Brice Maillebiau,\u00a0 un ancien combattant de la guerre du Golfe (25 ans d\u00e9j\u00e0) nous a partag\u00e9 ses souvenirs.<\/p>\n<p style=\"margin-left: 72pt;\">\u00b7\u00a0\u00a0\u00a0\u00a0\u00a0 En Juin, notre sortie nationale se passait \u00e0 Gouda avec visite du Mus\u00e9e et sa grande exposition sur Erasme, suivi\u00a0 par la visite de la maison consacr\u00e9e \u00e0 la sp\u00e9cialit\u00e9 internationalement connue\u00a0: le Gouda avec bien entendu d\u00e9gustation.<\/p>\n<p>Cette ann\u00e9e nous avons eu quelques annulations d\u2019activit\u00e9s\u00a0 compte tenu des \u00e9v\u00e8nements li\u00e9s au terrorisme\u00a0 comme le T\u00e9l\u00e9thon.<\/p>\n<h2>Pr\u00e9sence aux r\u00e9unions et comm\u00e9morations<\/h2>\n<p>L\u2019UFE Pays Bas a \u00e9t\u00e9 pr\u00e9sente \u00e0 toutes les r\u00e9unions et \u00e0 tous les rendez-vous, organis\u00e9s par l\u2019Ambassade, le Consulat g\u00e9n\u00e9ral de France, la Chambre de commerce Fran\u00e7aise des Pays-Bas et toutes les associations Fran\u00e7aises pr\u00e9sentes aux Pays-Bas.<\/p>\n<p style=\"margin-left: 36pt;\">\u00b7\u00a0\u00a0\u00a0\u00a0\u00a0 Inauguration d\u2019un Monument Fran\u00e7ais \u00e0 Bois le Duc 9 0ctobre.<\/p>\n<p style=\"margin-left: 36pt;\">\u00b7\u00a0\u00a0\u00a0\u00a0\u00a0 1 \u00e8re Commission pour les\u00a0 Bourses scolaire Amsterdam le 3 novembre.<\/p>\n<p style=\"margin-left: 36pt;\">\u00b7\u00a0\u00a0\u00a0\u00a0\u00a0 Signature \u00e0 l\u2019Ambassade de France du registre pour les victimes du 13 novembre et rencontre de nombreuses personnalit\u00e9s n\u00e9erlandaises et fran\u00e7aises \u00e0 ce sujet.<\/p>\n<p style=\"margin-left: 36pt;\">\u00b7\u00a0\u00a0\u00a0\u00a0\u00a0 Commission pour la s\u00e9curit\u00e9 \u00e0 l\u2019Ambassade de France le 17 novembre suite aux \u00e9v\u00e8nements.<\/p>\n<p style=\"margin-left: 36pt;\">\u00b7\u00a0\u00a0\u00a0\u00a0\u00a0 Kermesse Francophone le 28 novembre 2015 \u00e0 l\u2019\u00e9cole internationale de La Haye.<\/p>\n<p style=\"margin-left: 36pt;\">\u00b7\u00a0\u00a0\u00a0\u00a0\u00a0 Entente Francophone Assembl\u00e9e g\u00e9n\u00e9rale Institut Fran\u00e7ais \u00e0 Amsterdam\u00a0 le 1<sup>er<\/sup>\u00a0d\u00e9cembre.<\/p>\n<p style=\"margin-left: 36pt;\">\u00b7\u00a0\u00a0\u00a0\u00a0\u00a0 Institut Fran\u00e7ais avec Monsieur Laurent Pic notre pr\u00e9c\u00e9dent ambassadeur sur la Conf\u00e9rence de Paris pour le\u00a0 climat 3 d\u00e9cembre.<\/p>\n<p style=\"margin-left: 36pt;\">\u00b7\u00a0\u00a0\u00a0\u00a0\u00a0 A Wassenaar,\u00a0 le 26 f\u00e9vrier 2016 c\u00e9r\u00e9monie en hommage au commando Fran\u00e7ais Trepel mort dans les dunes dans la nuit du 27 au 28 f\u00e9vrier 1944.<\/p>\n<p>Assembl\u00e9e des Pr\u00e9sidents UFE Monde suivie de l\u2019AG \u00e0 Paris le 12 mars 2016.<\/p>\n<p>Session de la Francophonie au Palais de la Paix, participation aux r\u00e9unions pour le mois de la Francophonie aux Pays-Bas.<\/p>\n<p>32\u00e8me Concours de la chanson Alliance Fran\u00e7aise au Theater Diligentia\u00a0 de La Haye le Dimanche 20 mars<\/p>\n<p>AG de l&rsquo;entente des associations Francophone Amsterdam le 7 avril.<\/p>\n<p>Avenir emploi\u00a0 Amsterdam\u00a0 12 avril 2016.<\/p>\n<p>2<sup>\u00e8me<\/sup>\u00a0Commission pour les bourses scolaires Consulat \u00e0 Amsterdam 19 avril 2016.<\/p>\n<p>Le 19 mai 2016\u00a0 En d\u00e9but d\u2019apr\u00e8s-midi, une\u00a0 premi\u00e8re c\u00e9r\u00e9monie, \u00e0 Flessingue, a rappel\u00e9 l\u2019h\u00e9ro\u00efsme du g\u00e9n\u00e9ral de brigade Marcel Deslaurens,\u00a0 mort les armes \u00e0 la main le 17 mai 1940, alors qu\u2019il prot\u00e9geait l\u2019embarquement de ses troupes, rappel\u00e9es pour combattre ailleurs. Il est l&rsquo;un\u00a0<a href=\"http:\/\/fr.wikipedia.org\/wiki\/Liste_des_treize_officiers_g\u00e9n\u00e9raux_fran\u00e7ais_morts_au_cours_des_op\u00e9rations_de_mai-juin_1940\">des treize g\u00e9n\u00e9raux fran\u00e7ais morts au cours des op\u00e9rations de mai-juin 1940<\/a>. Suivie par la comm\u00e9moration au cimeti\u00e8re de Kapelle qui rend hommage aux 600 soldats fran\u00e7ais tu\u00e9s en Z\u00e9lande.<\/p>\n<p>\u00a0<\/p>\n<p>Comme chaque ann\u00e9e l\u2019UFE participait et \u00e9t\u00e9 pr\u00e9sente \u00e0 la f\u00eate de la musique \u00e0 Amsterdam.<\/p>\n<p>\u00a0<\/p>\n<p>Participation \u00e0 la r\u00e9union du Comit\u00e9 ONAC anciens combattants \u00e0 Amsterdam 24 juin 2016.<\/p>\n<h2>Rencontres officielles<\/h2>\n<p style=\"margin-left: 36pt;\">\u00b7\u00a0\u00a0\u00a0\u00a0\u00a0 R\u00e9ception \u00e0 la R\u00e9sidence de France le\u00a0 14 juillet 2016 en pr\u00e9sence de son Excellence Monsieur l\u2019Ambassadeur de France aux Pays Bas Philippe Lalliot et son \u00e9pouse<\/p>\n<p style=\"margin-left: 36pt;\">\u00b7\u00a0\u00a0\u00a0\u00a0\u00a0 Rencontre et pr\u00e9sentation de l\u2019UFE \u00e0 Madame Anne Genoud nouveau Consul de France le 27 septembre 2016\u00a0<\/p>\n<p style=\"margin-left: 36pt;\">\u00b7\u00a0\u00a0\u00a0\u00a0\u00a0 Nous avons rencontr\u00e9 au nom de notre association notre nouvel ambassadeur son Excellence Monsieur Philippe Lalliot ainsi que Madame Anne Genoud notre nouveau Consul G\u00e9n\u00e9ral, nos s\u00e9nateurs\u00a0: Olivier Cadic, Christophe Andr\u00e9 Frassa, Jacky Deromedi, ainsi que Philip Cordery notre D\u00e9put\u00e9 et les diff\u00e9rents conseillers consulaires.<\/p>\n<p>Autres pr\u00e9sences<\/p>\n<h1>Publication des Nouvelles<\/h1>\n<p>Comme chaque ann\u00e9e nous avons publi\u00e9 nos\u00a0 \u00ab\u00a0Nouvelles\u00a0\u00bb distribu\u00e9es \u00e0 tous nos membres et \u00e0 l\u2019ensemble des Fran\u00e7ais pr\u00e9sents aux Pays-Bas. Nous avons d\u2019ailleurs re\u00e7us de diff\u00e9rentes autorit\u00e9s locales des f\u00e9licitations \u00e0 ce sujet.<\/p>\n<p>\u00a0<\/p>\n<p>Nous avons aid\u00e9 Isabelle de Kerros \u00e0 restructurer la fondation pour\u00a0 la langue fran\u00e7aise et \u00e0 changer de nom\u00a0; pour m\u00e9moire victime d\u2019un hacker le nom Tremplin pour le Fran\u00e7ais ne pouvait plus \u00eatre utilis\u00e9. J\u2019ai le plaisir de vous annoncer que son nom est Objectif Fran\u00e7ais et son web est\u00a0<a href=\"http:\/\/www.objectiffrancais.nl\/\">www.objectiffrancais.nl<\/a>. Cette fondation a \u00e9t\u00e9 cr\u00e9\u00e9e en son temps par l\u2019UFE et a gr\u00e2ce \u00e0 l\u2019action d\u2019Isabelle connait un tr\u00e8s grand succ\u00e8s aujourd\u2019hui plus de 100 \u00e9l\u00e8ves.<\/p>\n<p>A cela s\u2019ajoute les nombreuses r\u00e9unions, visites, expositions, rencontres qu\u2019organise notre dynamique Chambre de commerce fran\u00e7aise des Pays-Bas, o\u00f9 nous pouvons rencontrer des personnalit\u00e9s utiles pour nos compatriotes comme des avocats, fiscalistes et aussi de nous pr\u00e9senter en tant qu\u2019UFE.<\/p>\n<p>Je terminerai en insistant pour que chacun puisse faire connaitre notre association cr\u00e9\u00e9e en 1927 qui est la plus grande repr\u00e9sentation des Fran\u00e7ais de l\u2019Etranger dans le Monde. L\u2019UFE est \u00e0 l\u2019origine et a particip\u00e9 \u00e0 toutes les grandes avanc\u00e9es obtenues pour les Fran\u00e7ais expatri\u00e9s (s\u00e9curit\u00e9 sociale, retraite, droit de vote, repr\u00e9sentation parlementaire) je vous invite \u00e0 aller sur notre facebook UFE Pays-Bas vous en avez une liste compl\u00e8te.<\/p>\n<p>Nous sommes demandeurs de bonnes volont\u00e9s et cherchons des talents et du monde pour rejoindre notre \u00e9quipe de direction.<\/p>\n<p>\u00a0L\u2019UFE est apolitique tout en respectant les convictions de chacun. Nous vous invitons et encourageons \u00e0 participer aux diff\u00e9rentes \u00e9lections qui se d\u00e9rouleront cette ann\u00e9e.<\/p>\n<p>La carte UFE offre de nombreux avantages lors de vos retours en France. En cas de grandes difficult\u00e9s l\u2019UFE peut vous aider. Avec l\u2019UFE aucun Fran\u00e7ais n\u2019est seul \u00e0 l\u2019\u00e9tranger.<\/p>\n<p>Je passe la parole maintenant \u00e0 notre tr\u00e9sori\u00e8re Mireille\u00a0 pour la pr\u00e9sentation du rapport financier.<\/p>\n<p>Merci \u00e0 notre fid\u00e8le Tr\u00e9sori\u00e8re Mireille Papin qui comme chaque ann\u00e9e avec rigueur et comp\u00e9tence g\u00e8re nos finances. Je remercie aussi nos 2 commissaires aux comptes Monsieur Jean Luc Deboudt et Monsieur Tanguy Lebreton. Avec une attention particuli\u00e8re pour notre ami Jean Luc Deboudt qui a parfaitement assur\u00e9 sa fonction ces derni\u00e8res ann\u00e9es, un grand merci Jean Luc. Nos r\u00e8gles veulent que nous ayons r\u00e9guli\u00e8rement de nouveaux contr\u00f4leurs j\u2019ai le plaisir de vous annoncer que pour l\u2019ann\u00e9e 2016-2017 Mesdames van Sprang et Pikar ce sont propos\u00e9es pour assurer le contr\u00f4le des comptes.<\/p>\n<p>Pour terminer je me dois de remercier en votre nom l\u2019ensemble de l\u2019\u00e9quipe qui g\u00e8re notre UFE Pays-Bas \u00e0 savoir Chantal Ostwinkel et Brigitte Stepp\u00e9 nos 2 vice-pr\u00e9sidentes, Mireille Papin\u00a0 tr\u00e9sori\u00e8re, Marie Goude secr\u00e9taire, Herv\u00e9 Dupuis notre homme du web, Fran\u00e7ois Mengin notre conseiller, Marie Christine Boer, Fran\u00e7oise Zanbergen, Agn\u00e8s Bompy nos d\u00e9l\u00e9gu\u00e9s r\u00e9gionaux. Leur d\u00e9vouement est plus que confirm\u00e9.\u00a0 Je profite de cette assembl\u00e9e pour officialiser Agn\u00e8s Bompy dans son r\u00f4le de d\u00e9gu\u00e9e pour la r\u00e9gion d\u2019Amsterdam.<\/p>\n<p>Je vous rappelle que nous sommes tous des b\u00e9n\u00e9voles<\/p>\n<p>Chers Amis nous vous remercions pour votre pr\u00e9sence et vous souhaitons une tr\u00e8s bonne soir\u00e9e.<\/p>\n<div>\u00a0<\/div>\n","protected":false},"excerpt":{"rendered":"<p>Rapport moral du Pr\u00e9sident pour l\u2019ann\u00e9e 2015\/2016\u00a0\u00a0 UFE Pays-Bas 1er\u00a0octobre 2016 \u00a0 Comme chaque ann\u00e9e, c\u2019est&#8230;<\/p>\n","protected":false},"author":1,"featured_media":0,"comment_status":"closed","ping_status":"closed","sticky":false,"template":"","format":"standard","meta":{"footnotes":""},"categories":[174],"tags":[],"yoast_head":"<!-- This site is optimized with the Yoast SEO plugin v22.8 - https:\/\/yoast.com\/wordpress\/plugins\/seo\/ -->\n<title>Rapport Moral 2016 Ufe Pays-Bas - UFE Pays-Bas<\/title>\n<meta name=\"robots\" content=\"index, follow, max-snippet:-1, max-image-preview:large, max-video-preview:-1\" \/>\n<link rel=\"canonical\" href=\"https:\/\/ufe.org\/pays-bas\/2017\/05\/12\/rapport-moral-2016-ufe-pays-bas\/\" \/>\n<meta property=\"og:locale\" content=\"fr_FR\" \/>\n<meta property=\"og:type\" content=\"article\" \/>\n<meta property=\"og:title\" content=\"Rapport Moral 2016 Ufe Pays-Bas - UFE Pays-Bas\" \/>\n<meta property=\"og:description\" content=\"Rapport moral du Pr\u00e9sident pour l\u2019ann\u00e9e 2015\/2016\u00a0\u00a0 UFE Pays-Bas 1er\u00a0octobre 2016 \u00a0 Comme chaque ann\u00e9e, c\u2019est...\" \/>\n<meta property=\"og:url\" content=\"https:\/\/ufe.org\/pays-bas\/2017\/05\/12\/rapport-moral-2016-ufe-pays-bas\/\" \/>\n<meta property=\"og:site_name\" content=\"UFE Pays-Bas\" \/>\n<meta property=\"article:published_time\" content=\"2017-05-11T22:00:00+00:00\" \/>\n<meta property=\"article:modified_time\" content=\"2021-05-27T11:52:30+00:00\" \/>\n<meta name=\"author\" content=\"admin6615\" \/>\n<meta name=\"twitter:card\" content=\"summary_large_image\" \/>\n<meta name=\"twitter:label1\" content=\"\u00c9crit par\" \/>\n\t<meta name=\"twitter:data1\" content=\"admin6615\" \/>\n\t<meta name=\"twitter:label2\" content=\"Dur\u00e9e de lecture estim\u00e9e\" \/>\n\t<meta name=\"twitter:data2\" content=\"7 minutes\" \/>\n<script type=\"application\/ld+json\" class=\"yoast-schema-graph\">{\"@context\":\"https:\/\/schema.org\",\"@graph\":[{\"@type\":\"WebPage\",\"@id\":\"https:\/\/ufe.org\/pays-bas\/2017\/05\/12\/rapport-moral-2016-ufe-pays-bas\/\",\"url\":\"https:\/\/ufe.org\/pays-bas\/2017\/05\/12\/rapport-moral-2016-ufe-pays-bas\/\",\"name\":\"Rapport Moral 2016 Ufe Pays-Bas - UFE Pays-Bas\",\"isPartOf\":{\"@id\":\"https:\/\/ufe.org\/pays-bas\/#website\"},\"datePublished\":\"2017-05-11T22:00:00+00:00\",\"dateModified\":\"2021-05-27T11:52:30+00:00\",\"author\":{\"@id\":\"https:\/\/ufe.org\/pays-bas\/#\/schema\/person\/3f57002465498f8b9c05f68075731b19\"},\"breadcrumb\":{\"@id\":\"https:\/\/ufe.org\/pays-bas\/2017\/05\/12\/rapport-moral-2016-ufe-pays-bas\/#breadcrumb\"},\"inLanguage\":\"fr-FR\",\"potentialAction\":[{\"@type\":\"ReadAction\",\"target\":[\"https:\/\/ufe.org\/pays-bas\/2017\/05\/12\/rapport-moral-2016-ufe-pays-bas\/\"]}]},{\"@type\":\"BreadcrumbList\",\"@id\":\"https:\/\/ufe.org\/pays-bas\/2017\/05\/12\/rapport-moral-2016-ufe-pays-bas\/#breadcrumb\",\"itemListElement\":[{\"@type\":\"ListItem\",\"position\":1,\"name\":\"Accueil\",\"item\":\"https:\/\/ufe.org\/pays-bas\/\"},{\"@type\":\"ListItem\",\"position\":2,\"name\":\"Rapport Moral 2016 Ufe Pays-Bas\"}]},{\"@type\":\"WebSite\",\"@id\":\"https:\/\/ufe.org\/pays-bas\/#website\",\"url\":\"https:\/\/ufe.org\/pays-bas\/\",\"name\":\"UFE Pays-Bas\",\"description\":\"Un site utilisant Multi site UFE\",\"potentialAction\":[{\"@type\":\"SearchAction\",\"target\":{\"@type\":\"EntryPoint\",\"urlTemplate\":\"https:\/\/ufe.org\/pays-bas\/?s={search_term_string}\"},\"query-input\":\"required name=search_term_string\"}],\"inLanguage\":\"fr-FR\"},{\"@type\":\"Person\",\"@id\":\"https:\/\/ufe.org\/pays-bas\/#\/schema\/person\/3f57002465498f8b9c05f68075731b19\",\"name\":\"admin6615\",\"image\":{\"@type\":\"ImageObject\",\"inLanguage\":\"fr-FR\",\"@id\":\"https:\/\/ufe.org\/pays-bas\/#\/schema\/person\/image\/\",\"url\":\"https:\/\/secure.gravatar.com\/avatar\/26e3f8eaf637eda33fcb3bc08e78b301?s=96&d=mm&r=g\",\"contentUrl\":\"https:\/\/secure.gravatar.com\/avatar\/26e3f8eaf637eda33fcb3bc08e78b301?s=96&d=mm&r=g\",\"caption\":\"admin6615\"},\"url\":\"https:\/\/ufe.org\/pays-bas\/author\/admin6615\/\"}]}<\/script>\n<!-- \/ Yoast SEO plugin. -->","yoast_head_json":{"title":"Rapport Moral 2016 Ufe Pays-Bas - UFE Pays-Bas","robots":{"index":"index","follow":"follow","max-snippet":"max-snippet:-1","max-image-preview":"max-image-preview:large","max-video-preview":"max-video-preview:-1"},"canonical":"https:\/\/ufe.org\/pays-bas\/2017\/05\/12\/rapport-moral-2016-ufe-pays-bas\/","og_locale":"fr_FR","og_type":"article","og_title":"Rapport Moral 2016 Ufe Pays-Bas - UFE Pays-Bas","og_description":"Rapport moral du Pr\u00e9sident pour l\u2019ann\u00e9e 2015\/2016\u00a0\u00a0 UFE Pays-Bas 1er\u00a0octobre 2016 \u00a0 Comme chaque ann\u00e9e, c\u2019est...","og_url":"https:\/\/ufe.org\/pays-bas\/2017\/05\/12\/rapport-moral-2016-ufe-pays-bas\/","og_site_name":"UFE Pays-Bas","article_published_time":"2017-05-11T22:00:00+00:00","article_modified_time":"2021-05-27T11:52:30+00:00","author":"admin6615","twitter_card":"summary_large_image","twitter_misc":{"\u00c9crit par":"admin6615","Dur\u00e9e de lecture estim\u00e9e":"7 minutes"},"schema":{"@context":"https:\/\/schema.org","@graph":[{"@type":"WebPage","@id":"https:\/\/ufe.org\/pays-bas\/2017\/05\/12\/rapport-moral-2016-ufe-pays-bas\/","url":"https:\/\/ufe.org\/pays-bas\/2017\/05\/12\/rapport-moral-2016-ufe-pays-bas\/","name":"Rapport Moral 2016 Ufe Pays-Bas - UFE Pays-Bas","isPartOf":{"@id":"https:\/\/ufe.org\/pays-bas\/#website"},"datePublished":"2017-05-11T22:00:00+00:00","dateModified":"2021-05-27T11:52:30+00:00","author":{"@id":"https:\/\/ufe.org\/pays-bas\/#\/schema\/person\/3f57002465498f8b9c05f68075731b19"},"breadcrumb":{"@id":"https:\/\/ufe.org\/pays-bas\/2017\/05\/12\/rapport-moral-2016-ufe-pays-bas\/#breadcrumb"},"inLanguage":"fr-FR","potentialAction":[{"@type":"ReadAction","target":["https:\/\/ufe.org\/pays-bas\/2017\/05\/12\/rapport-moral-2016-ufe-pays-bas\/"]}]},{"@type":"BreadcrumbList","@id":"https:\/\/ufe.org\/pays-bas\/2017\/05\/12\/rapport-moral-2016-ufe-pays-bas\/#breadcrumb","itemListElement":[{"@type":"ListItem","position":1,"name":"Accueil","item":"https:\/\/ufe.org\/pays-bas\/"},{"@type":"ListItem","position":2,"name":"Rapport Moral 2016 Ufe Pays-Bas"}]},{"@type":"WebSite","@id":"https:\/\/ufe.org\/pays-bas\/#website","url":"https:\/\/ufe.org\/pays-bas\/","name":"UFE Pays-Bas","description":"Un site utilisant Multi site UFE","potentialAction":[{"@type":"SearchAction","target":{"@type":"EntryPoint","urlTemplate":"https:\/\/ufe.org\/pays-bas\/?s={search_term_string}"},"query-input":"required name=search_term_string"}],"inLanguage":"fr-FR"},{"@type":"Person","@id":"https:\/\/ufe.org\/pays-bas\/#\/schema\/person\/3f57002465498f8b9c05f68075731b19","name":"admin6615","image":{"@type":"ImageObject","inLanguage":"fr-FR","@id":"https:\/\/ufe.org\/pays-bas\/#\/schema\/person\/image\/","url":"https:\/\/secure.gravatar.com\/avatar\/26e3f8eaf637eda33fcb3bc08e78b301?s=96&d=mm&r=g","contentUrl":"https:\/\/secure.gravatar.com\/avatar\/26e3f8eaf637eda33fcb3bc08e78b301?s=96&d=mm&r=g","caption":"admin6615"},"url":"https:\/\/ufe.org\/pays-bas\/author\/admin6615\/"}]}},"_links":{"self":[{"href":"https:\/\/ufe.org\/pays-bas\/wp-json\/wp\/v2\/posts\/3433"}],"collection":[{"href":"https:\/\/ufe.org\/pays-bas\/wp-json\/wp\/v2\/posts"}],"about":[{"href":"https:\/\/ufe.org\/pays-bas\/wp-json\/wp\/v2\/types\/post"}],"author":[{"embeddable":true,"href":"https:\/\/ufe.org\/pays-bas\/wp-json\/wp\/v2\/users\/1"}],"replies":[{"embeddable":true,"href":"https:\/\/ufe.org\/pays-bas\/wp-json\/wp\/v2\/comments?post=3433"}],"version-history":[{"count":1,"href":"https:\/\/ufe.org\/pays-bas\/wp-json\/wp\/v2\/posts\/3433\/revisions"}],"predecessor-version":[{"id":3497,"href":"https:\/\/ufe.org\/pays-bas\/wp-json\/wp\/v2\/posts\/3433\/revisions\/3497"}],"wp:attachment":[{"href":"https:\/\/ufe.org\/pays-bas\/wp-json\/wp\/v2\/media?parent=3433"}],"wp:term":[{"taxonomy":"category","embeddable":true,"href":"https:\/\/ufe.org\/pays-bas\/wp-json\/wp\/v2\/categories?post=3433"},{"taxonomy":"post_tag","embeddable":true,"href":"https:\/\/ufe.org\/pays-bas\/wp-json\/wp\/v2\/tags?post=3433"}],"curies":[{"name":"wp","href":"https:\/\/api.w.org\/{rel}","templated":true}]}}