{"id":3432,"date":"2017-05-12T00:00:00","date_gmt":"2017-05-11T22:00:00","guid":{"rendered":"https:\/\/ufe.org\/juridique-fiscalite\/agenda-commemoration-wassenar\/"},"modified":"2021-05-27T13:52:58","modified_gmt":"2021-05-27T11:52:58","slug":"agenda-commemoration-wassenar","status":"publish","type":"post","link":"https:\/\/ufe.org\/pays-bas\/2017\/05\/12\/agenda-commemoration-wassenar\/","title":{"rendered":"Agenda Comm\u00e9moration \u00e0 Wassenar"},"content":{"rendered":"<p>Participation de l&rsquo;UFE Pays-Bas ( Madame Chantal Ostwinkel, Brigitte Stepp\u00e9 vice-pr\u00e9sidentes et Henry Her Pr\u00e9sident)\u00e0 la c\u00e9r\u00e9monie de comm\u00e9moration des six commandos Marine fran\u00e7ais de Commando tr\u00e9pel qui sont tomb\u00e9s au champ d&rsquo;honneur pour notre libert\u00e9 la nuit du 27 f\u00e9vrier 1944. La c\u00e9r\u00e9monie a eu lieu au monument au Wassenaarse Slag en pr\u00e9sence de Monsieur le Maire de Wassenaar Ch. B. Aptroot, de Monsieur Rob Mes Pr\u00e9sident de l&rsquo;Association Commando Vereniging Zuid-Holland, du Kolonel b.d. Bert Delleman Commandant des troupes et du Colonel Sylvain Nogrette Attach\u00e9 de D\u00e9fense pr\u00e8s de l&rsquo;Ambassade de France aux Pays-Bas qui d\u00e9cerna des D\u00e9corations fran\u00e7aises aux militaires n\u00e9erlandais pour leur m\u00e9rite lors des missions au Mali, en R\u00e9publique Centre-Africaine, au Gabon et en Afghanistan. Ainsi que Monsieur Benoit Bigand Consul Adjoint, Chef de Chancellerie au Consulat G\u00e9n\u00e9ral de France \u00e0 Amsterdam.<\/p>\n<p>De nombreuses personnes \u00e9taient pr\u00e9sentes, malgr\u00e9 une pluie battante la c\u00e9r\u00e9monie comme chaque ann\u00e9e a \u00e9t\u00e9 un grand succ\u00e8s, un grand merci \u00e0 la municipalit\u00e9 de Wassenaar pour comm\u00e9morer comme chaque ann\u00e9e ce souvenir.<\/p>\n","protected":false},"excerpt":{"rendered":"<p>Participation de l&rsquo;UFE Pays-Bas ( Madame Chantal Ostwinkel, Brigitte Stepp\u00e9 vice-pr\u00e9sidentes et Henry Her Pr\u00e9sident)\u00e0 la&#8230;<\/p>\n","protected":false},"author":1,"featured_media":0,"comment_status":"closed","ping_status":"closed","sticky":false,"template":"","format":"standard","meta":{"footnotes":""},"categories":[174],"tags":[],"yoast_head":"<!-- This site is optimized with the Yoast SEO plugin v22.8 - https:\/\/yoast.com\/wordpress\/plugins\/seo\/ -->\n<title>Agenda Comm\u00e9moration \u00e0 Wassenar - UFE Pays-Bas<\/title>\n<meta name=\"robots\" content=\"index, follow, max-snippet:-1, max-image-preview:large, max-video-preview:-1\" \/>\n<link rel=\"canonical\" href=\"https:\/\/ufe.org\/pays-bas\/2017\/05\/12\/agenda-commemoration-wassenar\/\" \/>\n<meta property=\"og:locale\" content=\"fr_FR\" \/>\n<meta property=\"og:type\" content=\"article\" \/>\n<meta property=\"og:title\" content=\"Agenda Comm\u00e9moration \u00e0 Wassenar - UFE Pays-Bas\" \/>\n<meta property=\"og:description\" content=\"Participation de l&rsquo;UFE Pays-Bas ( Madame Chantal Ostwinkel, Brigitte Stepp\u00e9 vice-pr\u00e9sidentes et Henry Her Pr\u00e9sident)\u00e0 la...\" \/>\n<meta property=\"og:url\" content=\"https:\/\/ufe.org\/pays-bas\/2017\/05\/12\/agenda-commemoration-wassenar\/\" \/>\n<meta property=\"og:site_name\" content=\"UFE Pays-Bas\" \/>\n<meta property=\"article:published_time\" content=\"2017-05-11T22:00:00+00:00\" \/>\n<meta property=\"article:modified_time\" content=\"2021-05-27T11:52:58+00:00\" \/>\n<meta name=\"author\" content=\"admin6615\" \/>\n<meta name=\"twitter:card\" content=\"summary_large_image\" \/>\n<meta name=\"twitter:label1\" content=\"\u00c9crit par\" \/>\n\t<meta name=\"twitter:data1\" content=\"admin6615\" \/>\n\t<meta name=\"twitter:label2\" content=\"Dur\u00e9e de lecture estim\u00e9e\" \/>\n\t<meta name=\"twitter:data2\" content=\"1 minute\" \/>\n<script type=\"application\/ld+json\" class=\"yoast-schema-graph\">{\"@context\":\"https:\/\/schema.org\",\"@graph\":[{\"@type\":\"WebPage\",\"@id\":\"https:\/\/ufe.org\/pays-bas\/2017\/05\/12\/agenda-commemoration-wassenar\/\",\"url\":\"https:\/\/ufe.org\/pays-bas\/2017\/05\/12\/agenda-commemoration-wassenar\/\",\"name\":\"Agenda Comm\u00e9moration \u00e0 Wassenar - UFE Pays-Bas\",\"isPartOf\":{\"@id\":\"https:\/\/ufe.org\/pays-bas\/#website\"},\"datePublished\":\"2017-05-11T22:00:00+00:00\",\"dateModified\":\"2021-05-27T11:52:58+00:00\",\"author\":{\"@id\":\"https:\/\/ufe.org\/pays-bas\/#\/schema\/person\/3f57002465498f8b9c05f68075731b19\"},\"breadcrumb\":{\"@id\":\"https:\/\/ufe.org\/pays-bas\/2017\/05\/12\/agenda-commemoration-wassenar\/#breadcrumb\"},\"inLanguage\":\"fr-FR\",\"potentialAction\":[{\"@type\":\"ReadAction\",\"target\":[\"https:\/\/ufe.org\/pays-bas\/2017\/05\/12\/agenda-commemoration-wassenar\/\"]}]},{\"@type\":\"BreadcrumbList\",\"@id\":\"https:\/\/ufe.org\/pays-bas\/2017\/05\/12\/agenda-commemoration-wassenar\/#breadcrumb\",\"itemListElement\":[{\"@type\":\"ListItem\",\"position\":1,\"name\":\"Accueil\",\"item\":\"https:\/\/ufe.org\/pays-bas\/\"},{\"@type\":\"ListItem\",\"position\":2,\"name\":\"Agenda Comm\u00e9moration \u00e0 Wassenar\"}]},{\"@type\":\"WebSite\",\"@id\":\"https:\/\/ufe.org\/pays-bas\/#website\",\"url\":\"https:\/\/ufe.org\/pays-bas\/\",\"name\":\"UFE Pays-Bas\",\"description\":\"Un site utilisant Multi site UFE\",\"potentialAction\":[{\"@type\":\"SearchAction\",\"target\":{\"@type\":\"EntryPoint\",\"urlTemplate\":\"https:\/\/ufe.org\/pays-bas\/?s={search_term_string}\"},\"query-input\":\"required name=search_term_string\"}],\"inLanguage\":\"fr-FR\"},{\"@type\":\"Person\",\"@id\":\"https:\/\/ufe.org\/pays-bas\/#\/schema\/person\/3f57002465498f8b9c05f68075731b19\",\"name\":\"admin6615\",\"image\":{\"@type\":\"ImageObject\",\"inLanguage\":\"fr-FR\",\"@id\":\"https:\/\/ufe.org\/pays-bas\/#\/schema\/person\/image\/\",\"url\":\"https:\/\/secure.gravatar.com\/avatar\/26e3f8eaf637eda33fcb3bc08e78b301?s=96&d=mm&r=g\",\"contentUrl\":\"https:\/\/secure.gravatar.com\/avatar\/26e3f8eaf637eda33fcb3bc08e78b301?s=96&d=mm&r=g\",\"caption\":\"admin6615\"},\"url\":\"https:\/\/ufe.org\/pays-bas\/author\/admin6615\/\"}]}<\/script>\n<!-- \/ Yoast SEO plugin. -->","yoast_head_json":{"title":"Agenda Comm\u00e9moration \u00e0 Wassenar - UFE Pays-Bas","robots":{"index":"index","follow":"follow","max-snippet":"max-snippet:-1","max-image-preview":"max-image-preview:large","max-video-preview":"max-video-preview:-1"},"canonical":"https:\/\/ufe.org\/pays-bas\/2017\/05\/12\/agenda-commemoration-wassenar\/","og_locale":"fr_FR","og_type":"article","og_title":"Agenda Comm\u00e9moration \u00e0 Wassenar - UFE Pays-Bas","og_description":"Participation de l&rsquo;UFE Pays-Bas ( Madame Chantal Ostwinkel, Brigitte Stepp\u00e9 vice-pr\u00e9sidentes et Henry Her Pr\u00e9sident)\u00e0 la...","og_url":"https:\/\/ufe.org\/pays-bas\/2017\/05\/12\/agenda-commemoration-wassenar\/","og_site_name":"UFE Pays-Bas","article_published_time":"2017-05-11T22:00:00+00:00","article_modified_time":"2021-05-27T11:52:58+00:00","author":"admin6615","twitter_card":"summary_large_image","twitter_misc":{"\u00c9crit par":"admin6615","Dur\u00e9e de lecture estim\u00e9e":"1 minute"},"schema":{"@context":"https:\/\/schema.org","@graph":[{"@type":"WebPage","@id":"https:\/\/ufe.org\/pays-bas\/2017\/05\/12\/agenda-commemoration-wassenar\/","url":"https:\/\/ufe.org\/pays-bas\/2017\/05\/12\/agenda-commemoration-wassenar\/","name":"Agenda Comm\u00e9moration \u00e0 Wassenar - UFE Pays-Bas","isPartOf":{"@id":"https:\/\/ufe.org\/pays-bas\/#website"},"datePublished":"2017-05-11T22:00:00+00:00","dateModified":"2021-05-27T11:52:58+00:00","author":{"@id":"https:\/\/ufe.org\/pays-bas\/#\/schema\/person\/3f57002465498f8b9c05f68075731b19"},"breadcrumb":{"@id":"https:\/\/ufe.org\/pays-bas\/2017\/05\/12\/agenda-commemoration-wassenar\/#breadcrumb"},"inLanguage":"fr-FR","potentialAction":[{"@type":"ReadAction","target":["https:\/\/ufe.org\/pays-bas\/2017\/05\/12\/agenda-commemoration-wassenar\/"]}]},{"@type":"BreadcrumbList","@id":"https:\/\/ufe.org\/pays-bas\/2017\/05\/12\/agenda-commemoration-wassenar\/#breadcrumb","itemListElement":[{"@type":"ListItem","position":1,"name":"Accueil","item":"https:\/\/ufe.org\/pays-bas\/"},{"@type":"ListItem","position":2,"name":"Agenda Comm\u00e9moration \u00e0 Wassenar"}]},{"@type":"WebSite","@id":"https:\/\/ufe.org\/pays-bas\/#website","url":"https:\/\/ufe.org\/pays-bas\/","name":"UFE Pays-Bas","description":"Un site utilisant Multi site UFE","potentialAction":[{"@type":"SearchAction","target":{"@type":"EntryPoint","urlTemplate":"https:\/\/ufe.org\/pays-bas\/?s={search_term_string}"},"query-input":"required name=search_term_string"}],"inLanguage":"fr-FR"},{"@type":"Person","@id":"https:\/\/ufe.org\/pays-bas\/#\/schema\/person\/3f57002465498f8b9c05f68075731b19","name":"admin6615","image":{"@type":"ImageObject","inLanguage":"fr-FR","@id":"https:\/\/ufe.org\/pays-bas\/#\/schema\/person\/image\/","url":"https:\/\/secure.gravatar.com\/avatar\/26e3f8eaf637eda33fcb3bc08e78b301?s=96&d=mm&r=g","contentUrl":"https:\/\/secure.gravatar.com\/avatar\/26e3f8eaf637eda33fcb3bc08e78b301?s=96&d=mm&r=g","caption":"admin6615"},"url":"https:\/\/ufe.org\/pays-bas\/author\/admin6615\/"}]}},"_links":{"self":[{"href":"https:\/\/ufe.org\/pays-bas\/wp-json\/wp\/v2\/posts\/3432"}],"collection":[{"href":"https:\/\/ufe.org\/pays-bas\/wp-json\/wp\/v2\/posts"}],"about":[{"href":"https:\/\/ufe.org\/pays-bas\/wp-json\/wp\/v2\/types\/post"}],"author":[{"embeddable":true,"href":"https:\/\/ufe.org\/pays-bas\/wp-json\/wp\/v2\/users\/1"}],"replies":[{"embeddable":true,"href":"https:\/\/ufe.org\/pays-bas\/wp-json\/wp\/v2\/comments?post=3432"}],"version-history":[{"count":1,"href":"https:\/\/ufe.org\/pays-bas\/wp-json\/wp\/v2\/posts\/3432\/revisions"}],"predecessor-version":[{"id":3498,"href":"https:\/\/ufe.org\/pays-bas\/wp-json\/wp\/v2\/posts\/3432\/revisions\/3498"}],"wp:attachment":[{"href":"https:\/\/ufe.org\/pays-bas\/wp-json\/wp\/v2\/media?parent=3432"}],"wp:term":[{"taxonomy":"category","embeddable":true,"href":"https:\/\/ufe.org\/pays-bas\/wp-json\/wp\/v2\/categories?post=3432"},{"taxonomy":"post_tag","embeddable":true,"href":"https:\/\/ufe.org\/pays-bas\/wp-json\/wp\/v2\/tags?post=3432"}],"curies":[{"name":"wp","href":"https:\/\/api.w.org\/{rel}","templated":true}]}}