{"id":3427,"date":"2017-06-15T00:00:00","date_gmt":"2017-06-14T22:00:00","guid":{"rendered":"https:\/\/ufe.org\/juridique-fiscalite\/frais-ditinerance-sur-votre-mobile-en-europe-cest-fini\/"},"modified":"2021-05-27T13:52:30","modified_gmt":"2021-05-27T11:52:30","slug":"frais-ditinerance-sur-votre-mobile-en-europe-cest-fini","status":"publish","type":"post","link":"https:\/\/ufe.org\/pays-bas\/2017\/06\/15\/frais-ditinerance-sur-votre-mobile-en-europe-cest-fini\/","title":{"rendered":"Frais d&rsquo;itin\u00e9rance sur votre mobile en Europe : c\u2019est fini !"},"content":{"rendered":"<p>Evidemment, dit comme cela, c\u2019est le paradis, surtout lorsque l\u2019on se d\u00e9place beaucoup en Europe. Attention toutefois de bien comprendre ce que cette fin du \u00ab\u00a0roaming\u00a0\u00bb signifie\u00a0!<\/p>\n<p><!--\/\/--><!--\n\n  (function (w,i,d,g,e,t,s) {w[d] = w[d]||[];t= i.createElement(g);\n    t.async=1;t.src=e;s=i.getElementsByTagName(g)[0];s.parentNode.insertBefore(t, s);\n  })(window, document, '_gscq','script','\/\/widgets.getsitecontrol.com\/29144\/script.js');\n\n\/\/--><\/p>\n<p>Les frais d&rsquo;itin\u00e9rance (roaming) \u00a0sont les surco\u00fbts que les op\u00e9rateurs mobiles imposaient \u00e0 leurs abonn\u00e9s lorsqu&rsquo;ils utilisaient leur appareil mobile dans un autre pays de l&rsquo;UE par le biais d\u2019un op\u00e9rateur local.<\/p>\n<p>Pour faire plus simple, vous \u00e9tiez jusqu\u2019au 15 juin 2017 hors forfait lorsque vous t\u00e9l\u00e9phoniez ou vous connectiez au web de votre smartphone ou de votre tablette via un op\u00e9rateur du pays o\u00f9 vous \u00e9tiez de passage. Certains forfaits incluaient l&rsquo;utilisation de votre mobile dans certains pays dans les m\u00eames conditions qu&rsquo;en France jusqu&rsquo;\u00e0 35 jours par an sous conditions.<\/p>\n<p>Depuis l<strong>e 15\u00a0juin\u00a02017<\/strong>, lors de vos d\u00e9placements, vos appels, SMS et donn\u00e9es mobiles sont factur\u00e9s au m\u00eame tarif que lorsque vous \u00eates chez vous.<\/p>\n<h2><strong>Quelques infos \u00e0 retenir \u00a0:<\/strong><\/h2>\n<h3>La suppression du \u00ab\u00a0roaming\u00a0\u00bb est en place dans les 28 pays de l\u2019Union europ\u00e9enne\u00a0:<\/h3>\n<p>Allemagne \u2013 Autriche \u2013 Belgique \u2013 Bulgarie \u2013 Chypre \u2013 Croatie \u2013 Danemark \u2013 Espagne \u2013 Estonie \u2013 Finlande \u2013 France \u2013 Gr\u00e8ce \u2013 Hongrie \u2013 Irlande \u2013 Italie \u2013 Lettonie \u2013 Lituanie \u2013 Luxembourg \u2013 Malte &#8211; Pays-Bas \u2013 Pologne \u2013 Portugal &#8211; R\u00e9p. Tch\u00e8que \u2013 Roumanie &#8211; Royaume-Uni \u2013 Slovaquie \u2013 Slov\u00e9nie &#8211; Su\u00e8de.<\/p>\n<h3>Cette possibilit\u00e9 concerne les personnes qui sont en d\u00e9placement en Europe et non pas en r\u00e9sidence permanente. \u00a0<\/h3>\n<p>Dans le cadre de la \u00ab\u00a0politique d&rsquo;utilisation raisonnable\u00a0\u00bb, votre op\u00e9rateur peut v\u00e9rifier l&rsquo;utilisation que vous faites de votre mobile en\u00a0 itin\u00e9rance sur une p\u00e9riode de 4 mois et si, vous avez pass\u00e9 plus de temps \u00e0 l&rsquo;\u00e9tranger que dans votre pays et que votre utilisation d\u00e9passe votre utilisation nationale, il pourra vous demander de justifier votre situation. Vous aurez 14 jours pour le faire. Si vous continuez \u00e0 passer plus de temps \u00e0 l&rsquo;\u00e9tranger que dans votre pays et que votre consommation en itin\u00e9rance continue \u00e0 d\u00e9passer votre consommation nationale, votre op\u00e9rateur pourra commencer \u00e0 appliquer des frais d&rsquo;itin\u00e9rance suppl\u00e9mentaires.<\/p>\n<h3>En cas de d\u00e9passement de votre forfait en itin\u00e9rance, des frais suppl\u00e9mentaires vous seront factur\u00e9s.\u00a0<\/h3>\n<p>Ils ne pourront pas exc\u00e9der\u00a0:<\/p>\n<ul>\n<li>3,2 centimes par minute pour les appels\u00a0;<\/li>\n<li>1 centime par SMS\u00a0;<\/li>\n<li>7,7\u00a0\u20ac\u00a0par gigaoctet pour les donn\u00e9es mobiles. Ce tarif diminuera progressivement jusqu&rsquo;\u00e0\u00a02,5\u00a0\u20ac\u00a0au 1<sup>er<\/sup>\u00a0janvier\u00a02022.<\/li>\n<\/ul>\n<h3>Travailleurs frontaliers<\/h3>\n<p>Si vous travaillez dans un pays de l&rsquo;UE et r\u00e9sidez dans un autre, tant que vous vous connectez au moins une fois dans la journ\u00e9e au r\u00e9seau de votre op\u00e9rateur national, cette journ\u00e9e sera compt\u00e9e comme un jour de pr\u00e9sence dans votre pays (m\u00eame si vous allez \u00e0 l&rsquo;\u00e9tranger ce jour-l\u00e0).<\/p>\n<h3>Regardez bien les r\u00e8gles d\u2019utilisation de votre forfait en Europe.\u00a0<\/h3>\n<p>Votre op\u00e9rateur a la possibilit\u00e9 de mettre en place des r\u00e8gles visant \u00e0 plafonner le volume de donn\u00e9es mobiles utilis\u00e9es en roaming en fonction de votre forfait. Par exemple, sur un forfait de 50 GO par mois, il pourra vous \u00eatre pr\u00e9cis\u00e9 que seuls 10 GO sont utilisables en roaming.<\/p>\n<h3>Attention\u00a0!<\/h3>\n<p>Lorsque vous appellez l\u2019\u00e9tranger de chez vous (votre pays de r\u00e9sidence en Europe), il ne s\u2019agit pas d\u2019itin\u00e9rance\u00a0! Le prix de ces appels n&rsquo;est pas r\u00e9glement\u00e9 et d\u00e9pend de votre op\u00e9rateur.<\/p>\n<p>\u00a0<\/p>\n<p style=\"text-align: center\"><a href=\"https:\/\/www.ufe.org\/inscription-newsletter\" target=\"_blank\" rel=\"noopener\"><img loading=\"lazy\" decoding=\"async\" height=\"90\" width=\"768\" class=\"media-element file-default\" alt=\"\" title=\"\" src=\"https:\/\/ufe.org\/wp-content\/uploads\/2021\/04\/ufe_newsletterbox01_0.jpg\" \/><\/a><\/p>\n<div>\u00a0<\/div>\n","protected":false},"excerpt":{"rendered":"<p>Evidemment, dit comme cela, c\u2019est le paradis, surtout lorsque l\u2019on se d\u00e9place beaucoup en Europe. Attention&#8230;<\/p>\n","protected":false},"author":1,"featured_media":3428,"comment_status":"closed","ping_status":"closed","sticky":false,"template":"","format":"standard","meta":{"footnotes":""},"categories":[174],"tags":[],"yoast_head":"<!-- This site is optimized with the Yoast SEO plugin v22.8 - https:\/\/yoast.com\/wordpress\/plugins\/seo\/ -->\n<title>Frais d&#039;itin\u00e9rance sur votre mobile en Europe : c\u2019est fini ! - UFE Pays-Bas<\/title>\n<meta name=\"robots\" content=\"index, follow, max-snippet:-1, max-image-preview:large, max-video-preview:-1\" \/>\n<link rel=\"canonical\" href=\"https:\/\/ufe.org\/pays-bas\/2017\/06\/15\/frais-ditinerance-sur-votre-mobile-en-europe-cest-fini\/\" \/>\n<meta property=\"og:locale\" content=\"fr_FR\" \/>\n<meta property=\"og:type\" content=\"article\" \/>\n<meta property=\"og:title\" content=\"Frais d&#039;itin\u00e9rance sur votre mobile en Europe : c\u2019est fini ! - UFE Pays-Bas\" \/>\n<meta property=\"og:description\" content=\"Evidemment, dit comme cela, c\u2019est le paradis, surtout lorsque l\u2019on se d\u00e9place beaucoup en Europe. Attention...\" \/>\n<meta property=\"og:url\" content=\"https:\/\/ufe.org\/pays-bas\/2017\/06\/15\/frais-ditinerance-sur-votre-mobile-en-europe-cest-fini\/\" \/>\n<meta property=\"og:site_name\" content=\"UFE Pays-Bas\" \/>\n<meta property=\"article:published_time\" content=\"2017-06-14T22:00:00+00:00\" \/>\n<meta property=\"article:modified_time\" content=\"2021-05-27T11:52:30+00:00\" \/>\n<meta property=\"og:image\" content=\"https:\/\/ufe.org\/pays-bas\/wp-content\/uploads\/sites\/23\/2017\/06\/fin_du_roaming.png\" \/>\n\t<meta property=\"og:image:width\" content=\"770\" \/>\n\t<meta property=\"og:image:height\" content=\"512\" \/>\n\t<meta property=\"og:image:type\" content=\"image\/png\" \/>\n<meta name=\"author\" content=\"admin6615\" \/>\n<meta name=\"twitter:card\" content=\"summary_large_image\" \/>\n<meta name=\"twitter:label1\" content=\"\u00c9crit par\" \/>\n\t<meta name=\"twitter:data1\" content=\"admin6615\" \/>\n\t<meta name=\"twitter:label2\" content=\"Dur\u00e9e de lecture estim\u00e9e\" \/>\n\t<meta name=\"twitter:data2\" content=\"3 minutes\" \/>\n<script type=\"application\/ld+json\" class=\"yoast-schema-graph\">{\"@context\":\"https:\/\/schema.org\",\"@graph\":[{\"@type\":\"WebPage\",\"@id\":\"https:\/\/ufe.org\/pays-bas\/2017\/06\/15\/frais-ditinerance-sur-votre-mobile-en-europe-cest-fini\/\",\"url\":\"https:\/\/ufe.org\/pays-bas\/2017\/06\/15\/frais-ditinerance-sur-votre-mobile-en-europe-cest-fini\/\",\"name\":\"Frais d'itin\u00e9rance sur votre mobile en Europe : c\u2019est fini ! - UFE Pays-Bas\",\"isPartOf\":{\"@id\":\"https:\/\/ufe.org\/pays-bas\/#website\"},\"primaryImageOfPage\":{\"@id\":\"https:\/\/ufe.org\/pays-bas\/2017\/06\/15\/frais-ditinerance-sur-votre-mobile-en-europe-cest-fini\/#primaryimage\"},\"image\":{\"@id\":\"https:\/\/ufe.org\/pays-bas\/2017\/06\/15\/frais-ditinerance-sur-votre-mobile-en-europe-cest-fini\/#primaryimage\"},\"thumbnailUrl\":\"https:\/\/ufe.org\/pays-bas\/wp-content\/uploads\/sites\/23\/2017\/06\/fin_du_roaming.png\",\"datePublished\":\"2017-06-14T22:00:00+00:00\",\"dateModified\":\"2021-05-27T11:52:30+00:00\",\"author\":{\"@id\":\"https:\/\/ufe.org\/pays-bas\/#\/schema\/person\/3f57002465498f8b9c05f68075731b19\"},\"breadcrumb\":{\"@id\":\"https:\/\/ufe.org\/pays-bas\/2017\/06\/15\/frais-ditinerance-sur-votre-mobile-en-europe-cest-fini\/#breadcrumb\"},\"inLanguage\":\"fr-FR\",\"potentialAction\":[{\"@type\":\"ReadAction\",\"target\":[\"https:\/\/ufe.org\/pays-bas\/2017\/06\/15\/frais-ditinerance-sur-votre-mobile-en-europe-cest-fini\/\"]}]},{\"@type\":\"ImageObject\",\"inLanguage\":\"fr-FR\",\"@id\":\"https:\/\/ufe.org\/pays-bas\/2017\/06\/15\/frais-ditinerance-sur-votre-mobile-en-europe-cest-fini\/#primaryimage\",\"url\":\"https:\/\/ufe.org\/pays-bas\/wp-content\/uploads\/sites\/23\/2017\/06\/fin_du_roaming.png\",\"contentUrl\":\"https:\/\/ufe.org\/pays-bas\/wp-content\/uploads\/sites\/23\/2017\/06\/fin_du_roaming.png\",\"width\":770,\"height\":512},{\"@type\":\"BreadcrumbList\",\"@id\":\"https:\/\/ufe.org\/pays-bas\/2017\/06\/15\/frais-ditinerance-sur-votre-mobile-en-europe-cest-fini\/#breadcrumb\",\"itemListElement\":[{\"@type\":\"ListItem\",\"position\":1,\"name\":\"Accueil\",\"item\":\"https:\/\/ufe.org\/pays-bas\/\"},{\"@type\":\"ListItem\",\"position\":2,\"name\":\"Frais d&rsquo;itin\u00e9rance sur votre mobile en Europe : c\u2019est fini !\"}]},{\"@type\":\"WebSite\",\"@id\":\"https:\/\/ufe.org\/pays-bas\/#website\",\"url\":\"https:\/\/ufe.org\/pays-bas\/\",\"name\":\"UFE Pays-Bas\",\"description\":\"Un site utilisant Multi site UFE\",\"potentialAction\":[{\"@type\":\"SearchAction\",\"target\":{\"@type\":\"EntryPoint\",\"urlTemplate\":\"https:\/\/ufe.org\/pays-bas\/?s={search_term_string}\"},\"query-input\":\"required name=search_term_string\"}],\"inLanguage\":\"fr-FR\"},{\"@type\":\"Person\",\"@id\":\"https:\/\/ufe.org\/pays-bas\/#\/schema\/person\/3f57002465498f8b9c05f68075731b19\",\"name\":\"admin6615\",\"image\":{\"@type\":\"ImageObject\",\"inLanguage\":\"fr-FR\",\"@id\":\"https:\/\/ufe.org\/pays-bas\/#\/schema\/person\/image\/\",\"url\":\"https:\/\/secure.gravatar.com\/avatar\/26e3f8eaf637eda33fcb3bc08e78b301?s=96&d=mm&r=g\",\"contentUrl\":\"https:\/\/secure.gravatar.com\/avatar\/26e3f8eaf637eda33fcb3bc08e78b301?s=96&d=mm&r=g\",\"caption\":\"admin6615\"},\"url\":\"https:\/\/ufe.org\/pays-bas\/author\/admin6615\/\"}]}<\/script>\n<!-- \/ Yoast SEO plugin. -->","yoast_head_json":{"title":"Frais d'itin\u00e9rance sur votre mobile en Europe : c\u2019est fini ! - UFE Pays-Bas","robots":{"index":"index","follow":"follow","max-snippet":"max-snippet:-1","max-image-preview":"max-image-preview:large","max-video-preview":"max-video-preview:-1"},"canonical":"https:\/\/ufe.org\/pays-bas\/2017\/06\/15\/frais-ditinerance-sur-votre-mobile-en-europe-cest-fini\/","og_locale":"fr_FR","og_type":"article","og_title":"Frais d'itin\u00e9rance sur votre mobile en Europe : c\u2019est fini ! - UFE Pays-Bas","og_description":"Evidemment, dit comme cela, c\u2019est le paradis, surtout lorsque l\u2019on se d\u00e9place beaucoup en Europe. Attention...","og_url":"https:\/\/ufe.org\/pays-bas\/2017\/06\/15\/frais-ditinerance-sur-votre-mobile-en-europe-cest-fini\/","og_site_name":"UFE Pays-Bas","article_published_time":"2017-06-14T22:00:00+00:00","article_modified_time":"2021-05-27T11:52:30+00:00","og_image":[{"width":770,"height":512,"url":"https:\/\/ufe.org\/pays-bas\/wp-content\/uploads\/sites\/23\/2017\/06\/fin_du_roaming.png","type":"image\/png"}],"author":"admin6615","twitter_card":"summary_large_image","twitter_misc":{"\u00c9crit par":"admin6615","Dur\u00e9e de lecture estim\u00e9e":"3 minutes"},"schema":{"@context":"https:\/\/schema.org","@graph":[{"@type":"WebPage","@id":"https:\/\/ufe.org\/pays-bas\/2017\/06\/15\/frais-ditinerance-sur-votre-mobile-en-europe-cest-fini\/","url":"https:\/\/ufe.org\/pays-bas\/2017\/06\/15\/frais-ditinerance-sur-votre-mobile-en-europe-cest-fini\/","name":"Frais d'itin\u00e9rance sur votre mobile en Europe : c\u2019est fini ! - UFE Pays-Bas","isPartOf":{"@id":"https:\/\/ufe.org\/pays-bas\/#website"},"primaryImageOfPage":{"@id":"https:\/\/ufe.org\/pays-bas\/2017\/06\/15\/frais-ditinerance-sur-votre-mobile-en-europe-cest-fini\/#primaryimage"},"image":{"@id":"https:\/\/ufe.org\/pays-bas\/2017\/06\/15\/frais-ditinerance-sur-votre-mobile-en-europe-cest-fini\/#primaryimage"},"thumbnailUrl":"https:\/\/ufe.org\/pays-bas\/wp-content\/uploads\/sites\/23\/2017\/06\/fin_du_roaming.png","datePublished":"2017-06-14T22:00:00+00:00","dateModified":"2021-05-27T11:52:30+00:00","author":{"@id":"https:\/\/ufe.org\/pays-bas\/#\/schema\/person\/3f57002465498f8b9c05f68075731b19"},"breadcrumb":{"@id":"https:\/\/ufe.org\/pays-bas\/2017\/06\/15\/frais-ditinerance-sur-votre-mobile-en-europe-cest-fini\/#breadcrumb"},"inLanguage":"fr-FR","potentialAction":[{"@type":"ReadAction","target":["https:\/\/ufe.org\/pays-bas\/2017\/06\/15\/frais-ditinerance-sur-votre-mobile-en-europe-cest-fini\/"]}]},{"@type":"ImageObject","inLanguage":"fr-FR","@id":"https:\/\/ufe.org\/pays-bas\/2017\/06\/15\/frais-ditinerance-sur-votre-mobile-en-europe-cest-fini\/#primaryimage","url":"https:\/\/ufe.org\/pays-bas\/wp-content\/uploads\/sites\/23\/2017\/06\/fin_du_roaming.png","contentUrl":"https:\/\/ufe.org\/pays-bas\/wp-content\/uploads\/sites\/23\/2017\/06\/fin_du_roaming.png","width":770,"height":512},{"@type":"BreadcrumbList","@id":"https:\/\/ufe.org\/pays-bas\/2017\/06\/15\/frais-ditinerance-sur-votre-mobile-en-europe-cest-fini\/#breadcrumb","itemListElement":[{"@type":"ListItem","position":1,"name":"Accueil","item":"https:\/\/ufe.org\/pays-bas\/"},{"@type":"ListItem","position":2,"name":"Frais d&rsquo;itin\u00e9rance sur votre mobile en Europe : c\u2019est fini !"}]},{"@type":"WebSite","@id":"https:\/\/ufe.org\/pays-bas\/#website","url":"https:\/\/ufe.org\/pays-bas\/","name":"UFE Pays-Bas","description":"Un site utilisant Multi site UFE","potentialAction":[{"@type":"SearchAction","target":{"@type":"EntryPoint","urlTemplate":"https:\/\/ufe.org\/pays-bas\/?s={search_term_string}"},"query-input":"required name=search_term_string"}],"inLanguage":"fr-FR"},{"@type":"Person","@id":"https:\/\/ufe.org\/pays-bas\/#\/schema\/person\/3f57002465498f8b9c05f68075731b19","name":"admin6615","image":{"@type":"ImageObject","inLanguage":"fr-FR","@id":"https:\/\/ufe.org\/pays-bas\/#\/schema\/person\/image\/","url":"https:\/\/secure.gravatar.com\/avatar\/26e3f8eaf637eda33fcb3bc08e78b301?s=96&d=mm&r=g","contentUrl":"https:\/\/secure.gravatar.com\/avatar\/26e3f8eaf637eda33fcb3bc08e78b301?s=96&d=mm&r=g","caption":"admin6615"},"url":"https:\/\/ufe.org\/pays-bas\/author\/admin6615\/"}]}},"_links":{"self":[{"href":"https:\/\/ufe.org\/pays-bas\/wp-json\/wp\/v2\/posts\/3427"}],"collection":[{"href":"https:\/\/ufe.org\/pays-bas\/wp-json\/wp\/v2\/posts"}],"about":[{"href":"https:\/\/ufe.org\/pays-bas\/wp-json\/wp\/v2\/types\/post"}],"author":[{"embeddable":true,"href":"https:\/\/ufe.org\/pays-bas\/wp-json\/wp\/v2\/users\/1"}],"replies":[{"embeddable":true,"href":"https:\/\/ufe.org\/pays-bas\/wp-json\/wp\/v2\/comments?post=3427"}],"version-history":[{"count":1,"href":"https:\/\/ufe.org\/pays-bas\/wp-json\/wp\/v2\/posts\/3427\/revisions"}],"predecessor-version":[{"id":3492,"href":"https:\/\/ufe.org\/pays-bas\/wp-json\/wp\/v2\/posts\/3427\/revisions\/3492"}],"wp:featuredmedia":[{"embeddable":true,"href":"https:\/\/ufe.org\/pays-bas\/wp-json\/wp\/v2\/media\/3428"}],"wp:attachment":[{"href":"https:\/\/ufe.org\/pays-bas\/wp-json\/wp\/v2\/media?parent=3427"}],"wp:term":[{"taxonomy":"category","embeddable":true,"href":"https:\/\/ufe.org\/pays-bas\/wp-json\/wp\/v2\/categories?post=3427"},{"taxonomy":"post_tag","embeddable":true,"href":"https:\/\/ufe.org\/pays-bas\/wp-json\/wp\/v2\/tags?post=3427"}],"curies":[{"name":"wp","href":"https:\/\/api.w.org\/{rel}","templated":true}]}}