{"id":3426,"date":"2017-06-19T00:00:00","date_gmt":"2017-06-18T22:00:00","guid":{"rendered":"https:\/\/ufe.org\/juridique-fiscalite\/francais-de-letranger-vos-nouveaux-elus\/"},"modified":"2021-05-27T13:52:30","modified_gmt":"2021-05-27T11:52:30","slug":"francais-de-letranger-vos-nouveaux-elus","status":"publish","type":"post","link":"https:\/\/ufe.org\/pays-bas\/2017\/06\/19\/francais-de-letranger-vos-nouveaux-elus\/","title":{"rendered":"Fran\u00e7ais de l&rsquo;\u00e9tranger : vos nouveaux \u00e9lus"},"content":{"rendered":"<p>Voici donc les candidats qui seront pr\u00e9sents au second tour qui se d\u00e9roulera\u00a0<strong>le 18 juin prochain<\/strong>\u00a0(17 juin pour le continent am\u00e9ricain).\u00a0<strong>Lors du 1er tour,\u00a0moins d&rsquo;un \u00e9lecteur sur cinq s&rsquo;est exprim\u00e9<\/strong>.\u00a0Le taux de participation global \u00e9tait de 19.1 %.<\/p>\n<h3>1\u00e8re circonscription<\/h3>\n<p>Canada , Etats-Unis.\u00a0<br \/>\u00a0<\/p>\n<ul>\n<li><strong>REM\u00a0<span class=\"Apple-tab-span\"> <\/span>M. Roland LESCURE\u00a0<span class=\"Apple-tab-span\"> <\/span>\u00a0 \u00a0 \u00a079,73 % \u00a0ELU<\/strong><\/li>\n<li>LR<span class=\"Apple-tab-span\"> <\/span>\u00a0 \u00a0 \u00a0M. Fr\u00e9d\u00e9ric LEFEBVRE\u00a0<span class=\"Apple-tab-span\"> <\/span>20,27 %<\/li>\n<\/ul>\n<div>\u00a0<\/div>\n<div><strong>Taux de participation 13,07 %<\/strong><\/div>\n<div>\u00a0<\/div>\n<div><a href=\"http:\/\/elections.interieur.gouv.fr\/legislatives-2017\/099\/09901.html\" target=\"_blank\" rel=\"noopener\">Les \u00a0r\u00e9sultats en d\u00e9tail\u00a0<\/a><\/div>\n<div>\u00a0<\/div>\n<h3>2\u00e8me circonscription<\/h3>\n<p>Antigua-et-Barbuda, Argentine, Bahamas, Barbade, Belize, Bolivie, Br\u00e9sil, Chili, Colombie, Costa Rica, Cuba, Dominique, Equateur, Grenade, Guatemala, Guyana, Ha\u00efti, Honduras, Jama\u00efque, Mexique, Nicaragua, Panama, Paraguay, P\u00e9rou, R\u00e9publique dominicaine, Saint-Christophe-et-Ni\u00e9v\u00e8s, Sainte-Lucie, Saint-Vincent-et-les-Grenadines, Salvador, Suriname, Trinit\u00e9-et-Tobago, Uruguay, Venezuela.<br \/>\u00a0<\/p>\n<ul>\n<li><strong>REM\u00a0<span class=\"Apple-tab-span\"> <\/span>Mme Paula FORTEZA\u00a0<span class=\"Apple-tab-span\"> <\/span>\u00a0 60,92 % ELUE<\/strong><\/li>\n<li>ECO\u00a0<span class=\"Apple-tab-span\"> <\/span>M. Sergio CORONADO\u00a0<span class=\"Apple-tab-span\"> <\/span>39,08 %<\/li>\n<\/ul>\n<div>\u00a0<\/div>\n<div><strong>Taux de participation 12,47 %<\/strong><\/div>\n<div>\u00a0<\/div>\n<div><a href=\"http:\/\/elections.interieur.gouv.fr\/legislatives-2017\/099\/09902.html\" target=\"_blank\" rel=\"noopener\">Les \u00a0r\u00e9sultats en d\u00e9tail\u00a0<\/a><\/div>\n<div>\u00a0<\/div>\n<h3>3\u00e8me circonscription<\/h3>\n<p>Danemark, Estonie, Finlande, Irlande, Islande, Lettonie, Lituanie, Norv\u00e8ge, Royaume-Uni, Su\u00e8de.<br \/>\u00a0<\/p>\n<ul>\n<li><strong>REM \u00a0<span class=\"Apple-tab-span\"> <\/span>M. Alexandre HOLROYD \u00a0\u00a0<span class=\"Apple-tab-span\"> <\/span>70,11 % ELU<\/strong><\/li>\n<li>SOC\u00a0<span class=\"Apple-tab-span\"> <\/span>\u00a0Mme Axelle LEMAIRE \u00a0<span class=\"Apple-tab-span\"> <\/span>\u00a0<span class=\"Apple-tab-span\"> <\/span>\u00a0 \u00a0 29,89 %<\/li>\n<\/ul>\n<div>\u00a0<\/div>\n<div><strong>Taux de participation 17,54 %<\/strong><\/div>\n<div>\u00a0<\/div>\n<div><a href=\"http:\/\/elections.interieur.gouv.fr\/legislatives-2017\/099\/09903.html\" target=\"_blank\" rel=\"noopener\">Les \u00a0r\u00e9sultats en d\u00e9tail \u00a0<\/a><\/div>\n<div>\u00a0<\/div>\n<h3>4\u00e8me circonscription<\/h3>\n<p>Belgique, Luxembourg, Pays-Bas<br \/>\u00a0<\/p>\n<ul>\n<li><strong>REM\u00a0<span class=\"Apple-tab-span\"> <\/span>M. Pieyre-Alexandre ANGLADE \u00a073,73 % ELU<\/strong><\/li>\n<li>FI\u00a0<span class=\"Apple-tab-span\"> <\/span>\u00a0 \u00a0 \u00a0Mme Sophie RAUSZER\u00a0<span class=\"Apple-tab-span\"> <\/span>\u00a0 \u00a0 \u00a0 \u00a0 \u00a0 \u00a0 \u00a0 26,27 %<\/li>\n<\/ul>\n<div>\u00a0<\/div>\n<div><strong>Taux de participation 20,77 %<\/strong><\/div>\n<div>\u00a0<\/div>\n<div><a href=\"http:\/\/elections.interieur.gouv.fr\/legislatives-2017\/099\/09904.html\" target=\"_blank\" rel=\"noopener\">Les \u00a0r\u00e9sultats en d\u00e9tail\u00a0<\/a><\/div>\n<div>\u00a0<\/div>\n<h3>5\u00e8me circonscription<\/h3>\n<p>Andorre, Espagne, Monaco, Portugal.<br \/>\u00a0<\/p>\n<ul>\n<li><strong>REM \u00a0<span class=\"Apple-tab-span\"> <\/span>Mme Samantha CAZEBONNE \u00a0 \u00a0 \u00a0 66,21 % ELUE<\/strong><\/li>\n<li>FI \u00a0<span class=\"Apple-tab-span\"> <\/span>\u00a0 \u00a0 \u00a0M. Fran\u00e7ois RALLE-ANDREOLI \u00a033,79 %<\/li>\n<\/ul>\n<div>\u00a0<\/div>\n<div><strong>Taux de participation 13,54 %<\/strong><\/div>\n<div>\u00a0<\/div>\n<div><a href=\"http:\/\/elections.interieur.gouv.fr\/legislatives-2017\/099\/09905.html\" target=\"_blank\" rel=\"noopener\">Les \u00a0r\u00e9sultats en d\u00e9tail\u00a0<\/a><\/div>\n<div>\u00a0<\/div>\n<h3>6\u00e8me circonscription<\/h3>\n<p>Liechtenstein, Suisse.<br \/>\u00a0<\/p>\n<ul>\n<li><strong>REM\u00a0<span class=\"Apple-tab-span\"> <\/span>M. Joachim SON-FORGET \u00a0<span class=\"Apple-tab-span\"> <\/span>74,94 % ELU<\/strong><\/li>\n<li>LR \u00a0<span class=\"Apple-tab-span\"> <\/span>\u00a0 Mme Claudine SCHMID\u00a0<span class=\"Apple-tab-span\"> <\/span>\u00a0 \u00a0 \u00a0 25,06 %<\/li>\n<\/ul>\n<div>\u00a0<\/div>\n<div><strong>Taux de participation 18,78 %<\/strong><\/div>\n<div>\u00a0<\/div>\n<div><a href=\"http:\/\/elections.interieur.gouv.fr\/legislatives-2017\/099\/09906.html\" target=\"_blank\" rel=\"noopener\">Les \u00a0r\u00e9sultats en d\u00e9tail\u00a0<\/a><\/div>\n<div>\u00a0<\/div>\n<h3>7\u00e8me circonscription<\/h3>\n<p>Albanie, Allemagne, Autriche, Bosnie-Herz\u00e9govine, Bulgarie, Croatie, Hongrie, ancienne R\u00e9publique yougoslave de Mac\u00e9doine, Pologne, Roumanie, Serbie, Mont\u00e9n\u00e9gro, Kosovo, Slov\u00e9nie, R\u00e9publique tch\u00e8que, Slovaquie.<br \/>\u00a0<\/p>\n<ul>\n<li><strong>MDM\u00a0<span class=\"Apple-tab-span\"> <\/span>M. Fr\u00e9d\u00e9ric PETIT\u00a0<span class=\"Apple-tab-span\"> <\/span>\u00a0 \u00a0 \u00a0 \u00a0 \u00a0 \u00a0 \u00a0 \u00a062,94 % ELU<\/strong><\/li>\n<li>SOC\u00a0<span class=\"Apple-tab-span\"> <\/span>\u00a0 M. Pierre-Yves LE BORGN&rsquo;\u00a0<span class=\"Apple-tab-span\"> <\/span>37,06 %<\/li>\n<\/ul>\n<div>\u00a0<\/div>\n<div><strong>Taux de participation 22,13 %<\/strong><\/div>\n<div>\u00a0<\/div>\n<div><a href=\"http:\/\/elections.interieur.gouv.fr\/legislatives-2017\/099\/09907.html\" target=\"_blank\" rel=\"noopener\">Les \u00a0r\u00e9sultats en d\u00e9tail\u00a0<\/a><\/div>\n<div>\u00a0<\/div>\n<h3>8\u00e8me circonscription<\/h3>\n<p>Chypre, Gr\u00e8ce, Isra\u00ebl, Italie, Malte, Saint-Marin, Saint-Si\u00e8ge, Turquie.<br \/>\u00a0<\/p>\n<ul>\n<li><strong>UDI\u00a0<span class=\"Apple-tab-span\"> <\/span>M. Meyer HABIB\u00a0<span class=\"Apple-tab-span\"> <\/span>\u00a0 \u00a0 \u00a0 \u00a0 \u00a0 57,86 % ELU<\/strong><\/li>\n<li>REM\u00a0<span class=\"Apple-tab-span\"> <\/span>Mme Florence DRORY\u00a0<span class=\"Apple-tab-span\"> <\/span>42,14 %<\/li>\n<\/ul>\n<div>\u00a0<\/div>\n<div><strong>Taux de participation 11,70 %<\/strong><\/div>\n<div>\u00a0<\/div>\n<div><a href=\"http:\/\/elections.interieur.gouv.fr\/legislatives-2017\/099\/09908.html\" target=\"_blank\" rel=\"noopener\">Les \u00a0r\u00e9sultats en d\u00e9tail\u00a0<\/a><\/div>\n<div>\u00a0<\/div>\n<h3>9\u00e8me circonscription<\/h3>\n<p>Alg\u00e9rie, Burkina, Cap-Vert, C\u00f4te d&rsquo;Ivoire, Gambie, Guin\u00e9e, Guin\u00e9e-Bissau, Leone, Liberia, Libye, Mali, Maroc, Mauritanie, Niger, S\u00e9n\u00e9gal, Sierra, Tunisie.<br \/>\u00a0<\/p>\n<ul>\n<li><strong>DIV\u00a0<span class=\"Apple-tab-span\"> <\/span>\u00a0M. M&rsquo;Jid EL GUERRAB\u00a0 \u00a0 \u00a0 \u00a0 \u00a059,66 % ELU<\/strong><\/li>\n<li>DVD\u00a0<span class=\"Apple-tab-span\"> <\/span>Mme Leila A\u00cfCHI \u00a0\u00a0 \u00a0 \u00a0 \u00a0 \u00a0 \u00a0 \u00a0 \u00a0 \u00a040,34 %<\/li>\n<\/ul>\n<div>\u00a0<\/div>\n<div><strong>Taux de participation 14,57 %<\/strong><\/div>\n<div>\u00a0<\/div>\n<div><a href=\"http:\/\/www.diplomatie.gouv.fr\/IMG\/pdf\/legt1_circo_9_bis_cle0ca571.pdf\" target=\"_blank\" rel=\"noopener\">Les \u00a0r\u00e9sultats en d\u00e9tail\u00a0<\/a><\/div>\n<div>\u00a0<\/div>\n<h3>10\u00e8me circonscription<\/h3>\n<p>Afrique du Sud, Angola, Arabie saoudite, Bahre\u00efn, B\u00e9nin, Botswana, Burundi, Cameroun, Comores, Congo, Djibouti, Egypte, Emirats arabes unis, Erythr\u00e9e, Ethiopie, Gabon, Ghana, Guin\u00e9e \u00e9quatoriale, Irak, Jordanie, Kenya, Kowe\u00eft, Lesotho, Liban, Madagascar, Malawi, Maurice, Mozambique, Namibie, Nig\u00e9ria, Oman, Ouganda, Qatar, R\u00e9publique centrafricaine, R\u00e9publique d\u00e9mocratique du Congo, Rwanda, Sao Tom\u00e9-et-Principe, Seychelles, Somalie, Soudan, Soudan du Sud, Swaziland, Syrie, Tanzanie, Tchad, Togo, Y\u00e9men, Zambie, Zimbabwe.<br \/>\u00a0<\/p>\n<ul>\n<li>REM\u00a0<span class=\"Apple-tab-span\"> <\/span>Mme Amal Am\u00e9lia LAKRAFI\u00a0<span class=\"Apple-tab-span\"> <\/span>60,08 %<\/li>\n<li>LR<span class=\"Apple-tab-span\"> <\/span>M. Alain MARSAUD\u00a0<span class=\"Apple-tab-span\"> <\/span>\u00a0 \u00a0 \u00a0 \u00a0 \u00a0 \u00a0 \u00a0 \u00a0 \u00a0 \u00a018,89 %<\/li>\n<\/ul>\n<div>\u00a0<\/div>\n<div><strong>Taux de participation 19,54 %<\/strong><\/div>\n<div>\u00a0<\/div>\n<div><a href=\"http:\/\/www.diplomatie.gouv.fr\/IMG\/pdf\/legt1_circo_10_bis_cle8f7353.pdf\" target=\"_blank\" rel=\"noopener\">Les \u00a0r\u00e9sultats en d\u00e9tail\u00a0<\/a><\/div>\n<h3>11\u00e8me circonscription<\/h3>\n<p>Afghanistan, Arm\u00e9nie, Australie, Azerba\u00efdjan, Bangladesh, Bi\u00e9lorussie, Birmanie, Brunei, Cambodge, Chine, Cor\u00e9e du Sud, Fidji, G\u00e9orgie, Inde, Indon\u00e9sie, Iran, Japon, Kazakhstan, Kirghizstan, Kiribati, Laos, Malaisie, Maldives, Marshall, Micron\u00e9sie, Moldavie, Mongolie, Nauru, N\u00e9pal, Nouvelle-Z\u00e9lande, Ouzb\u00e9kistan, Pakistan, Palaos, Papouasie-Nouvelle-Guin\u00e9e, Philippines, Russie, Salomon, Samoa, Singapour, Sri Lanka, Tadjikistan, Tha\u00eflande, Timor oriental, Tonga, Turkm\u00e9nistan, Tuvalu, Ukraine, Vanuatu, Vietnam.<br \/>\u00a0<\/p>\n<ul>\n<li>REM\u00a0<span class=\"Apple-tab-span\"> <\/span>Mme Anne GENETET\u00a0<span class=\"Apple-tab-span\"> <\/span>54,11 %<\/li>\n<li>LR\u00a0<span class=\"Apple-tab-span\"> <\/span>\u00a0 \u00a0M. Thierry MARIANI\u00a0<span class=\"Apple-tab-span\"> <\/span>\u00a0 18,78 %<\/li>\n<\/ul>\n<div>\u00a0<\/div>\n<div><strong>Taux de participation 27,62 %<\/strong><\/div>\n<div>\u00a0<\/div>\n<div><a href=\"http:\/\/www.diplomatie.gouv.fr\/IMG\/pdf\/legt1_circo_11_bis_cle8d11c8.pdf\" target=\"_blank\" rel=\"noopener\">Les \u00a0r\u00e9sultats en d\u00e9tail\u00a0<\/a><\/div>\n<div>\u00a0<\/div>\n","protected":false},"excerpt":{"rendered":"<p>Voici donc les candidats qui seront pr\u00e9sents au second tour qui se d\u00e9roulera\u00a0le 18 juin prochain\u00a0(17&#8230;<\/p>\n","protected":false},"author":1,"featured_media":0,"comment_status":"closed","ping_status":"closed","sticky":false,"template":"","format":"standard","meta":{"footnotes":""},"categories":[174],"tags":[],"yoast_head":"<!-- This site is optimized with the Yoast SEO plugin v22.8 - https:\/\/yoast.com\/wordpress\/plugins\/seo\/ -->\n<title>Fran\u00e7ais de l&#039;\u00e9tranger : vos nouveaux \u00e9lus - UFE Pays-Bas<\/title>\n<meta name=\"robots\" content=\"index, follow, max-snippet:-1, max-image-preview:large, max-video-preview:-1\" \/>\n<link rel=\"canonical\" href=\"https:\/\/ufe.org\/pays-bas\/2017\/06\/19\/francais-de-letranger-vos-nouveaux-elus\/\" \/>\n<meta property=\"og:locale\" content=\"fr_FR\" \/>\n<meta property=\"og:type\" content=\"article\" \/>\n<meta property=\"og:title\" content=\"Fran\u00e7ais de l&#039;\u00e9tranger : vos nouveaux \u00e9lus - UFE Pays-Bas\" \/>\n<meta property=\"og:description\" content=\"Voici donc les candidats qui seront pr\u00e9sents au second tour qui se d\u00e9roulera\u00a0le 18 juin prochain\u00a0(17...\" \/>\n<meta property=\"og:url\" content=\"https:\/\/ufe.org\/pays-bas\/2017\/06\/19\/francais-de-letranger-vos-nouveaux-elus\/\" \/>\n<meta property=\"og:site_name\" content=\"UFE Pays-Bas\" \/>\n<meta property=\"article:published_time\" content=\"2017-06-18T22:00:00+00:00\" \/>\n<meta property=\"article:modified_time\" content=\"2021-05-27T11:52:30+00:00\" \/>\n<meta name=\"author\" content=\"admin6615\" \/>\n<meta name=\"twitter:card\" content=\"summary_large_image\" \/>\n<meta name=\"twitter:label1\" content=\"\u00c9crit par\" \/>\n\t<meta name=\"twitter:data1\" content=\"admin6615\" \/>\n\t<meta name=\"twitter:label2\" content=\"Dur\u00e9e de lecture estim\u00e9e\" \/>\n\t<meta name=\"twitter:data2\" content=\"3 minutes\" \/>\n<script type=\"application\/ld+json\" class=\"yoast-schema-graph\">{\"@context\":\"https:\/\/schema.org\",\"@graph\":[{\"@type\":\"WebPage\",\"@id\":\"https:\/\/ufe.org\/pays-bas\/2017\/06\/19\/francais-de-letranger-vos-nouveaux-elus\/\",\"url\":\"https:\/\/ufe.org\/pays-bas\/2017\/06\/19\/francais-de-letranger-vos-nouveaux-elus\/\",\"name\":\"Fran\u00e7ais de l'\u00e9tranger : vos nouveaux \u00e9lus - UFE Pays-Bas\",\"isPartOf\":{\"@id\":\"https:\/\/ufe.org\/pays-bas\/#website\"},\"datePublished\":\"2017-06-18T22:00:00+00:00\",\"dateModified\":\"2021-05-27T11:52:30+00:00\",\"author\":{\"@id\":\"https:\/\/ufe.org\/pays-bas\/#\/schema\/person\/3f57002465498f8b9c05f68075731b19\"},\"breadcrumb\":{\"@id\":\"https:\/\/ufe.org\/pays-bas\/2017\/06\/19\/francais-de-letranger-vos-nouveaux-elus\/#breadcrumb\"},\"inLanguage\":\"fr-FR\",\"potentialAction\":[{\"@type\":\"ReadAction\",\"target\":[\"https:\/\/ufe.org\/pays-bas\/2017\/06\/19\/francais-de-letranger-vos-nouveaux-elus\/\"]}]},{\"@type\":\"BreadcrumbList\",\"@id\":\"https:\/\/ufe.org\/pays-bas\/2017\/06\/19\/francais-de-letranger-vos-nouveaux-elus\/#breadcrumb\",\"itemListElement\":[{\"@type\":\"ListItem\",\"position\":1,\"name\":\"Accueil\",\"item\":\"https:\/\/ufe.org\/pays-bas\/\"},{\"@type\":\"ListItem\",\"position\":2,\"name\":\"Fran\u00e7ais de l&rsquo;\u00e9tranger : vos nouveaux \u00e9lus\"}]},{\"@type\":\"WebSite\",\"@id\":\"https:\/\/ufe.org\/pays-bas\/#website\",\"url\":\"https:\/\/ufe.org\/pays-bas\/\",\"name\":\"UFE Pays-Bas\",\"description\":\"Un site utilisant Multi site UFE\",\"potentialAction\":[{\"@type\":\"SearchAction\",\"target\":{\"@type\":\"EntryPoint\",\"urlTemplate\":\"https:\/\/ufe.org\/pays-bas\/?s={search_term_string}\"},\"query-input\":\"required name=search_term_string\"}],\"inLanguage\":\"fr-FR\"},{\"@type\":\"Person\",\"@id\":\"https:\/\/ufe.org\/pays-bas\/#\/schema\/person\/3f57002465498f8b9c05f68075731b19\",\"name\":\"admin6615\",\"image\":{\"@type\":\"ImageObject\",\"inLanguage\":\"fr-FR\",\"@id\":\"https:\/\/ufe.org\/pays-bas\/#\/schema\/person\/image\/\",\"url\":\"https:\/\/secure.gravatar.com\/avatar\/26e3f8eaf637eda33fcb3bc08e78b301?s=96&d=mm&r=g\",\"contentUrl\":\"https:\/\/secure.gravatar.com\/avatar\/26e3f8eaf637eda33fcb3bc08e78b301?s=96&d=mm&r=g\",\"caption\":\"admin6615\"},\"url\":\"https:\/\/ufe.org\/pays-bas\/author\/admin6615\/\"}]}<\/script>\n<!-- \/ Yoast SEO plugin. -->","yoast_head_json":{"title":"Fran\u00e7ais de l'\u00e9tranger : vos nouveaux \u00e9lus - UFE Pays-Bas","robots":{"index":"index","follow":"follow","max-snippet":"max-snippet:-1","max-image-preview":"max-image-preview:large","max-video-preview":"max-video-preview:-1"},"canonical":"https:\/\/ufe.org\/pays-bas\/2017\/06\/19\/francais-de-letranger-vos-nouveaux-elus\/","og_locale":"fr_FR","og_type":"article","og_title":"Fran\u00e7ais de l'\u00e9tranger : vos nouveaux \u00e9lus - UFE Pays-Bas","og_description":"Voici donc les candidats qui seront pr\u00e9sents au second tour qui se d\u00e9roulera\u00a0le 18 juin prochain\u00a0(17...","og_url":"https:\/\/ufe.org\/pays-bas\/2017\/06\/19\/francais-de-letranger-vos-nouveaux-elus\/","og_site_name":"UFE Pays-Bas","article_published_time":"2017-06-18T22:00:00+00:00","article_modified_time":"2021-05-27T11:52:30+00:00","author":"admin6615","twitter_card":"summary_large_image","twitter_misc":{"\u00c9crit par":"admin6615","Dur\u00e9e de lecture estim\u00e9e":"3 minutes"},"schema":{"@context":"https:\/\/schema.org","@graph":[{"@type":"WebPage","@id":"https:\/\/ufe.org\/pays-bas\/2017\/06\/19\/francais-de-letranger-vos-nouveaux-elus\/","url":"https:\/\/ufe.org\/pays-bas\/2017\/06\/19\/francais-de-letranger-vos-nouveaux-elus\/","name":"Fran\u00e7ais de l'\u00e9tranger : vos nouveaux \u00e9lus - UFE Pays-Bas","isPartOf":{"@id":"https:\/\/ufe.org\/pays-bas\/#website"},"datePublished":"2017-06-18T22:00:00+00:00","dateModified":"2021-05-27T11:52:30+00:00","author":{"@id":"https:\/\/ufe.org\/pays-bas\/#\/schema\/person\/3f57002465498f8b9c05f68075731b19"},"breadcrumb":{"@id":"https:\/\/ufe.org\/pays-bas\/2017\/06\/19\/francais-de-letranger-vos-nouveaux-elus\/#breadcrumb"},"inLanguage":"fr-FR","potentialAction":[{"@type":"ReadAction","target":["https:\/\/ufe.org\/pays-bas\/2017\/06\/19\/francais-de-letranger-vos-nouveaux-elus\/"]}]},{"@type":"BreadcrumbList","@id":"https:\/\/ufe.org\/pays-bas\/2017\/06\/19\/francais-de-letranger-vos-nouveaux-elus\/#breadcrumb","itemListElement":[{"@type":"ListItem","position":1,"name":"Accueil","item":"https:\/\/ufe.org\/pays-bas\/"},{"@type":"ListItem","position":2,"name":"Fran\u00e7ais de l&rsquo;\u00e9tranger : vos nouveaux \u00e9lus"}]},{"@type":"WebSite","@id":"https:\/\/ufe.org\/pays-bas\/#website","url":"https:\/\/ufe.org\/pays-bas\/","name":"UFE Pays-Bas","description":"Un site utilisant Multi site UFE","potentialAction":[{"@type":"SearchAction","target":{"@type":"EntryPoint","urlTemplate":"https:\/\/ufe.org\/pays-bas\/?s={search_term_string}"},"query-input":"required name=search_term_string"}],"inLanguage":"fr-FR"},{"@type":"Person","@id":"https:\/\/ufe.org\/pays-bas\/#\/schema\/person\/3f57002465498f8b9c05f68075731b19","name":"admin6615","image":{"@type":"ImageObject","inLanguage":"fr-FR","@id":"https:\/\/ufe.org\/pays-bas\/#\/schema\/person\/image\/","url":"https:\/\/secure.gravatar.com\/avatar\/26e3f8eaf637eda33fcb3bc08e78b301?s=96&d=mm&r=g","contentUrl":"https:\/\/secure.gravatar.com\/avatar\/26e3f8eaf637eda33fcb3bc08e78b301?s=96&d=mm&r=g","caption":"admin6615"},"url":"https:\/\/ufe.org\/pays-bas\/author\/admin6615\/"}]}},"_links":{"self":[{"href":"https:\/\/ufe.org\/pays-bas\/wp-json\/wp\/v2\/posts\/3426"}],"collection":[{"href":"https:\/\/ufe.org\/pays-bas\/wp-json\/wp\/v2\/posts"}],"about":[{"href":"https:\/\/ufe.org\/pays-bas\/wp-json\/wp\/v2\/types\/post"}],"author":[{"embeddable":true,"href":"https:\/\/ufe.org\/pays-bas\/wp-json\/wp\/v2\/users\/1"}],"replies":[{"embeddable":true,"href":"https:\/\/ufe.org\/pays-bas\/wp-json\/wp\/v2\/comments?post=3426"}],"version-history":[{"count":1,"href":"https:\/\/ufe.org\/pays-bas\/wp-json\/wp\/v2\/posts\/3426\/revisions"}],"predecessor-version":[{"id":3491,"href":"https:\/\/ufe.org\/pays-bas\/wp-json\/wp\/v2\/posts\/3426\/revisions\/3491"}],"wp:attachment":[{"href":"https:\/\/ufe.org\/pays-bas\/wp-json\/wp\/v2\/media?parent=3426"}],"wp:term":[{"taxonomy":"category","embeddable":true,"href":"https:\/\/ufe.org\/pays-bas\/wp-json\/wp\/v2\/categories?post=3426"},{"taxonomy":"post_tag","embeddable":true,"href":"https:\/\/ufe.org\/pays-bas\/wp-json\/wp\/v2\/tags?post=3426"}],"curies":[{"name":"wp","href":"https:\/\/api.w.org\/{rel}","templated":true}]}}