{"id":3424,"date":"2017-06-19T00:00:00","date_gmt":"2017-06-18T22:00:00","guid":{"rendered":"https:\/\/ufe.org\/juridique-fiscalite\/francais-de-letranger-vos-nouveaux-elus-2\/"},"modified":"2021-05-27T13:52:30","modified_gmt":"2021-05-27T11:52:30","slug":"francais-de-letranger-vos-nouveaux-elus-2","status":"publish","type":"post","link":"https:\/\/ufe.org\/pays-bas\/2017\/06\/19\/francais-de-letranger-vos-nouveaux-elus-2\/","title":{"rendered":"Fran\u00e7ais de l&rsquo;\u00e9tranger, vos nouveaux \u00e9lus"},"content":{"rendered":"<p>Le dimanche 18 juin s&rsquo;est d\u00e9roul\u00e9 le second tour des legislatives. Les Fran\u00e7ais de l&rsquo;\u00e9tranger ont vot\u00e9 pour l&rsquo;\u00e9lection des 11 d\u00e9put\u00e9s qui les repr\u00e9senteront \u00e0 l&rsquo;assembl\u00e9e nationale. Voici donc les r\u00e9sultats.<\/p>\n<p><!--\/\/--><!--\n\n  (function (w,i,d,g,e,t,s) {w[d] = w[d]||[];t= i.createElement(g);\n    t.async=1;t.src=e;s=i.getElementsByTagName(g)[0];s.parentNode.insertBefore(t, s);\n  })(window, document, '_gscq','script','\/\/widgets.getsitecontrol.com\/29144\/script.js');\n\n\/\/--><\/p>\n<p>\u00a0<\/p>\n<h3>1\u00e8re circonscription<\/h3>\n<p>Canada, Etats-Unis.\u00a0<\/p>\n<p><img loading=\"lazy\" decoding=\"async\" height=\"150\" width=\"150\" class=\"media-element file-default\" alt=\"\" title=\"\" src=\"https:\/\/ufe.org\/wp-content\/uploads\/2021\/04\/roland_lescure.png\" \/><\/p>\n<ul>\n<li><strong style=\"text-align: center\">REM\u00a0<span class=\"Apple-tab-span\"> <\/span>M. <a href=\"http:\/\/www2.assemblee-nationale.fr\/deputes\/fiche\/OMC_PA721134\" target=\"_blank\" rel=\"noopener\">Roland LESCURE<\/a>\u00a0<span class=\"Apple-tab-span\"> <\/span>\u00a0 79,73 % \u00a0ELU<\/strong><\/li>\n<li>LR<span class=\"Apple-tab-span\"> <\/span>\u00a0 \u00a0 \u00a0M. Fr\u00e9d\u00e9ric LEFEBVRE\u00a0<span class=\"Apple-tab-span\"> <\/span>20,27 %<\/li>\n<\/ul>\n<div><strong>Taux de participation 13,07 %<\/strong><\/div>\n<div>\u00a0<\/div>\n<div><a href=\"http:\/\/elections.interieur.gouv.fr\/legislatives-2017\/099\/09901.html\" target=\"_blank\" rel=\"noopener\">Les \u00a0r\u00e9sultats en d\u00e9tail\u00a0<\/a><\/div>\n<h3>2\u00e8me circonscription<\/h3>\n<p>Antigua-et-Barbuda, Argentine, Bahamas, Barbade, Belize, Bolivie, Br\u00e9sil, Chili, Colombie, Costa Rica, Cuba, Dominique, Equateur, Grenade, Guatemala, Guyana, Ha\u00efti, Honduras, Jama\u00efque, Mexique, Nicaragua, Panama, Paraguay, P\u00e9rou, R\u00e9publique dominicaine, Saint-Christophe-et-Ni\u00e9v\u00e8s, Sainte-Lucie, Saint-Vincent-et-les-Grenadines, Salvador, Suriname, Trinit\u00e9-et-Tobago, Uruguay, Venezuela.<\/p>\n<p><img loading=\"lazy\" decoding=\"async\" height=\"148\" width=\"150\" style=\"text-align: center\" class=\"media-element file-default\" alt=\"\" title=\"\" src=\"https:\/\/ufe.org\/wp-content\/uploads\/2021\/04\/paula_forteza.png\" \/><\/p>\n<ul>\n<li><strong style=\"text-align: center\">REM\u00a0<span class=\"Apple-tab-span\"> <\/span>Mme <a href=\"http:\/\/www2.assemblee-nationale.fr\/deputes\/fiche\/OMC_PA721142\" target=\"_blank\" rel=\"noopener\">Paula FORTEZA<\/a>\u00a0<span class=\"Apple-tab-span\"> <\/span>60,92 % ELUE<\/strong><\/li>\n<li>ECO\u00a0<span class=\"Apple-tab-span\"> <\/span>M. Sergio CORONADO \u00a0<span class=\"Apple-tab-span\"> <\/span>39,08 %<\/li>\n<\/ul>\n<div><strong>Taux de participation 12,47 %<\/strong><\/div>\n<div>\u00a0<\/div>\n<div><a href=\"http:\/\/elections.interieur.gouv.fr\/legislatives-2017\/099\/09902.html\" target=\"_blank\" rel=\"noopener\">Les \u00a0r\u00e9sultats en d\u00e9tail\u00a0<\/a><\/div>\n<h3>3\u00e8me circonscription<\/h3>\n<p>Danemark, Estonie, Finlande, Irlande, Islande, Lettonie, Lituanie, Norv\u00e8ge, Royaume-Uni, Su\u00e8de.<br \/>\u00a0<\/p>\n<p><img loading=\"lazy\" decoding=\"async\" height=\"152\" width=\"151\" style=\"text-align: center\" class=\"media-element file-default\" alt=\"\" title=\"\" src=\"https:\/\/ufe.org\/wp-content\/uploads\/2021\/04\/alexandre_holroyd.png\" \/><\/p>\n<ul>\n<li><strong>REM \u00a0M. <a href=\"http:\/\/www2.assemblee-nationale.fr\/deputes\/fiche\/OMC_PA721150\" target=\"_blank\" rel=\"noopener\">Alexandre HOLROYD<\/a> \u00a070,11 % ELU<\/strong><\/li>\n<li>SOC\u00a0<span class=\"Apple-tab-span\"> <\/span>\u00a0Mme Axelle LEMAIRE \u00a0<span class=\"Apple-tab-span\"> <\/span>\u00a0<span class=\"Apple-tab-span\"> <\/span>\u00a0 \u00a0 29,89 %<\/li>\n<\/ul>\n<div><strong>Taux de participation 17,54 %<\/strong><\/div>\n<div>\u00a0<\/div>\n<div><a href=\"http:\/\/elections.interieur.gouv.fr\/legislatives-2017\/099\/09903.html\" target=\"_blank\" rel=\"noopener\">Les \u00a0r\u00e9sultats en d\u00e9tail \u00a0<\/a><\/div>\n<h3>4\u00e8me circonscription<\/h3>\n<p>Belgique, Luxembourg, Pays-Bas<\/p>\n<p><img loading=\"lazy\" decoding=\"async\" height=\"186\" width=\"150\" style=\"text-align: center\" class=\"media-element file-default\" alt=\"\" title=\"\" src=\"https:\/\/ufe.org\/wp-content\/uploads\/2021\/04\/pierre-alexandre_anglade.png\" \/><\/p>\n<ul>\n<li><strong>REM\u00a0<span class=\"Apple-tab-span\"> <\/span>M. <a href=\"http:\/\/www2.assemblee-nationale.fr\/deputes\/fiche\/OMC_PA721158\" target=\"_blank\" rel=\"noopener\">Pieyre-Alexandre ANGLADE<\/a> \u00a073,73 % ELU<\/strong><\/li>\n<li>FI\u00a0<span class=\"Apple-tab-span\"> <\/span>\u00a0 \u00a0 \u00a0Mme Sophie RAUSZER\u00a0<span class=\"Apple-tab-span\"> <\/span>\u00a0 \u00a0 \u00a0 \u00a0 \u00a0 \u00a0 \u00a0 \u00a0 \u00a0 26,27 %<\/li>\n<\/ul>\n<div><strong>Taux de participation 20,77 %<\/strong><\/div>\n<div>\u00a0<\/div>\n<div><a href=\"http:\/\/elections.interieur.gouv.fr\/legislatives-2017\/099\/09904.html\" target=\"_blank\" rel=\"noopener\">Les \u00a0r\u00e9sultats en d\u00e9tail\u00a0<\/a><\/div>\n<h3>5\u00e8me circonscription<\/h3>\n<p>Andorre, Espagne, Monaco, Portugal.<\/p>\n<p><img loading=\"lazy\" decoding=\"async\" height=\"150\" width=\"150\" style=\"text-align: center\" class=\"media-element file-default\" alt=\"\" title=\"\" src=\"https:\/\/ufe.org\/wp-content\/uploads\/2021\/04\/samantha_cazebonne.png\" \/><\/p>\n<ul>\n<li><strong>REM \u00a0<span class=\"Apple-tab-span\"> <\/span>Mme <a href=\"http:\/\/www2.assemblee-nationale.fr\/deputes\/fiche\/OMC_PA721166\" target=\"_blank\" rel=\"noopener\">Samantha CAZEBONNE<\/a> \u00a0 66,21 % ELUE<\/strong><\/li>\n<li>FI \u00a0<span class=\"Apple-tab-span\"> <\/span>\u00a0 \u00a0 \u00a0M. Fran\u00e7ois RALLE-ANDREOLI \u00a033,79 %<\/li>\n<\/ul>\n<div><strong>Taux de participation 13,54 %<\/strong><\/div>\n<div>\u00a0<\/div>\n<div><a href=\"http:\/\/elections.interieur.gouv.fr\/legislatives-2017\/099\/09905.html\" target=\"_blank\" rel=\"noopener\">Les \u00a0r\u00e9sultats en d\u00e9tail\u00a0<\/a><\/div>\n<h3>6\u00e8me circonscription<\/h3>\n<p>Liechtenstein, Suisse.<\/p>\n<p><img loading=\"lazy\" decoding=\"async\" height=\"153\" width=\"150\" style=\"text-align: center\" class=\"media-element file-default\" alt=\"\" title=\"\" src=\"https:\/\/ufe.org\/wp-content\/uploads\/2021\/04\/joachim_son-forget.png\" \/><\/p>\n<ul>\n<li><strong>REM\u00a0<span class=\"Apple-tab-span\"> <\/span>M. <a href=\"http:\/\/www2.assemblee-nationale.fr\/deputes\/fiche\/OMC_PA721174\" target=\"_blank\" rel=\"noopener\">Joachim SON-FORGET<\/a> \u00a074,94 % ELU<\/strong><\/li>\n<li>LR \u00a0<span class=\"Apple-tab-span\"> <\/span>\u00a0 Mme Claudine SCHMID\u00a0<span class=\"Apple-tab-span\"> <\/span>\u00a0 \u00a0 \u00a0 \u00a0 \u00a025,06 %<\/li>\n<\/ul>\n<div><strong>Taux de participation 18,78 %<\/strong><\/div>\n<div>\u00a0<\/div>\n<div><a href=\"http:\/\/elections.interieur.gouv.fr\/legislatives-2017\/099\/09906.html\" target=\"_blank\" rel=\"noopener\">Les \u00a0r\u00e9sultats en d\u00e9tail\u00a0<\/a><\/div>\n<h3>7\u00e8me circonscription<\/h3>\n<p>Albanie, Allemagne, Autriche, Bosnie-Herz\u00e9govine, Bulgarie, Croatie, Hongrie, ancienne R\u00e9publique yougoslave de Mac\u00e9doine, Pologne, Roumanie, Serbie, Mont\u00e9n\u00e9gro, Kosovo, Slov\u00e9nie, R\u00e9publique tch\u00e8que, Slovaquie.<br \/>\u00a0<\/p>\n<p><img loading=\"lazy\" decoding=\"async\" height=\"150\" width=\"150\" style=\"text-align: center\" class=\"media-element file-default\" alt=\"\" title=\"\" src=\"https:\/\/ufe.org\/wp-content\/uploads\/2021\/04\/frederic_petit.png\" \/><\/p>\n<ul>\n<li><strong>MDM\u00a0<span class=\"Apple-tab-span\"> <\/span>M. <a href=\"http:\/\/www2.assemblee-nationale.fr\/deputes\/fiche\/OMC_PA721182\" target=\"_blank\" rel=\"noopener\">Fr\u00e9d\u00e9ric PETIT<\/a>\u00a0<span class=\"Apple-tab-span\"> <\/span>\u00a0 \u00a0 \u00a0 \u00a0 \u00a0 \u00a0 62,94 % ELU<\/strong><\/li>\n<li>SOC\u00a0<span class=\"Apple-tab-span\"> <\/span>\u00a0 M. Pierre-Yves LE BORGN&rsquo;\u00a0<span class=\"Apple-tab-span\"> <\/span>37,06 %<\/li>\n<\/ul>\n<div><strong>Taux de participation 22,13 %<\/strong><\/div>\n<div>\u00a0<\/div>\n<div><a href=\"http:\/\/elections.interieur.gouv.fr\/legislatives-2017\/099\/09907.html\" target=\"_blank\" rel=\"noopener\">Les \u00a0r\u00e9sultats en d\u00e9tail\u00a0<\/a><\/div>\n<h3>8\u00e8me circonscription<\/h3>\n<p>Chypre, Gr\u00e8ce, Isra\u00ebl, Italie, Malte, Saint-Marin, Saint-Si\u00e8ge, Turquie.<\/p>\n<p><img loading=\"lazy\" decoding=\"async\" height=\"151\" width=\"150\" style=\"text-align: center\" class=\"media-element file-default\" alt=\"\" title=\"\" src=\"https:\/\/ufe.org\/wp-content\/uploads\/2021\/04\/meyer_habib.png\" \/><\/p>\n<ul>\n<li><strong>UDI\u00a0<span class=\"Apple-tab-span\"> <\/span>M. <a href=\"http:\/\/www2.assemblee-nationale.fr\/deputes\/fiche\/OMC_PA695100\" target=\"_blank\" rel=\"noopener\">Meyer HABIB<\/a>\u00a0<span class=\"Apple-tab-span\"> <\/span>\u00a0 \u00a0 \u00a0 \u00a0 \u00a057,86 % REELU<\/strong><\/li>\n<li>REM\u00a0<span class=\"Apple-tab-span\"> <\/span>Mme Florence DRORY\u00a0<span class=\"Apple-tab-span\"> <\/span>42,14 %<\/li>\n<\/ul>\n<div><strong>Taux de participation 11,70 %<\/strong><\/div>\n<div>\u00a0<\/div>\n<div><a href=\"http:\/\/elections.interieur.gouv.fr\/legislatives-2017\/099\/09908.html\" target=\"_blank\" rel=\"noopener\">Les \u00a0r\u00e9sultats en d\u00e9tail\u00a0<\/a><\/div>\n<h3>9\u00e8me circonscription<\/h3>\n<p>Alg\u00e9rie, Burkina, Cap-Vert, C\u00f4te d&rsquo;Ivoire, Gambie, Guin\u00e9e, Guin\u00e9e-Bissau, Leone, Liberia, Libye, Mali, Maroc, Mauritanie, Niger, S\u00e9n\u00e9gal, Sierra, Tunisie.<\/p>\n<p><img loading=\"lazy\" decoding=\"async\" height=\"150\" width=\"150\" style=\"text-align: center\" class=\"media-element file-default\" alt=\"\" title=\"\" src=\"https:\/\/ufe.org\/wp-content\/uploads\/2021\/04\/mjid_el_guerrab.png\" \/><\/p>\n<ul>\n<li><strong>DIV\u00a0<span class=\"Apple-tab-span\"> <\/span>\u00a0M. <a href=\"http:\/\/www2.assemblee-nationale.fr\/deputes\/fiche\/OMC_PA720996\" target=\"_blank\" rel=\"noopener\">M&rsquo;Jid EL GUERRAB<\/a> \u00a0 \u00a0 \u00a059,66 % ELU<\/strong><\/li>\n<li>DVD\u00a0<span class=\"Apple-tab-span\"> <\/span>Mme Leila A\u00cfCHI \u00a0\u00a0 \u00a0 \u00a0 \u00a0 \u00a0 \u00a0 \u00a0 \u00a0 \u00a040,34 %<\/li>\n<\/ul>\n<div><strong>Taux de participation 11,72 %<\/strong><\/div>\n<div>\u00a0<\/div>\n<div><a href=\"http:\/\/elections.interieur.gouv.fr\/legislatives-2017\/099\/09909.html\" target=\"_blank\" rel=\"noopener\">Les \u00a0r\u00e9sultats en d\u00e9tail\u00a0<\/a><\/div>\n<h3>10\u00e8me circonscription<\/h3>\n<p>Afrique du Sud, Angola, Arabie saoudite, Bahre\u00efn, B\u00e9nin, Botswana, Burundi, Cameroun, Comores, Congo, Djibouti, Egypte, Emirats arabes unis, Erythr\u00e9e, Ethiopie, Gabon, Ghana, Guin\u00e9e \u00e9quatoriale, Irak, Jordanie, Kenya, Kowe\u00eft, Lesotho, Liban, Madagascar, Malawi, Maurice, Mozambique, Namibie, Nig\u00e9ria, Oman, Ouganda, Qatar, R\u00e9publique centrafricaine, R\u00e9publique d\u00e9mocratique du Congo, Rwanda, Sao Tom\u00e9-et-Principe, Seychelles, Somalie, Soudan, Soudan du Sud, Swaziland, Syrie, Tanzanie, Tchad, Togo, Y\u00e9men, Zambie, Zimbabwe.<\/p>\n<p><img loading=\"lazy\" decoding=\"async\" height=\"150\" width=\"151\" style=\"text-align: center\" class=\"media-element file-default\" alt=\"\" title=\"\" src=\"https:\/\/ufe.org\/wp-content\/uploads\/2021\/04\/amal_amelia_lakrafi.png\" \/><\/p>\n<ul>\n<li><strong>REM\u00a0<span class=\"Apple-tab-span\"> <\/span>Mme <a href=\"http:\/\/www2.assemblee-nationale.fr\/deputes\/fiche\/OMC_PA721004\" target=\"_blank\" rel=\"noopener\">Amal Am\u00e9lia LAKRAFI<\/a>\u00a0<span class=\"Apple-tab-span\"> <\/span>71,25 % ELUE<\/strong><\/li>\n<li>LR<span class=\"Apple-tab-span\"> <\/span>M. Alain MARSAUD\u00a0<span class=\"Apple-tab-span\"> <\/span>\u00a0 \u00a0 \u00a0 \u00a0 \u00a0 \u00a0 \u00a0 \u00a0 \u00a0 \u00a0 \u00a0 28,75 %<\/li>\n<\/ul>\n<div><strong>Taux de participation 18,26 %<\/strong><\/div>\n<div>\u00a0<\/div>\n<div><a href=\"http:\/\/elections.interieur.gouv.fr\/legislatives-2017\/099\/09910.html\" target=\"_blank\" rel=\"noopener\">Les \u00a0r\u00e9sultats en d\u00e9tail\u00a0<\/a><\/div>\n<h3>11\u00e8me circonscription<\/h3>\n<p>Afghanistan, Arm\u00e9nie, Australie, Azerba\u00efdjan, Bangladesh, Bi\u00e9lorussie, Birmanie, Brunei, Cambodge, Chine, Cor\u00e9e du Sud, Fidji, G\u00e9orgie, Inde, Indon\u00e9sie, Iran, Japon, Kazakhstan, Kirghizstan, Kiribati, Laos, Malaisie, Maldives, Marshall, Micron\u00e9sie, Moldavie, Mongolie, Nauru, N\u00e9pal, Nouvelle-Z\u00e9lande, Ouzb\u00e9kistan, Pakistan, Palaos, Papouasie-Nouvelle-Guin\u00e9e, Philippines, Russie, Salomon, Samoa, Singapour, Sri Lanka, Tadjikistan, Tha\u00eflande, Timor oriental, Tonga, Turkm\u00e9nistan, Tuvalu, Ukraine, Vanuatu, Vietnam.<\/p>\n<p><img loading=\"lazy\" decoding=\"async\" height=\"150\" width=\"150\" style=\"text-align: center\" class=\"media-element file-default\" alt=\"\" title=\"\" src=\"https:\/\/ufe.org\/wp-content\/uploads\/2021\/04\/anne_genetet.png\" \/><\/p>\n<ul>\n<li><strong>REM\u00a0<span class=\"Apple-tab-span\"> <\/span>Mme <a href=\"http:\/\/www2.assemblee-nationale.fr\/deputes\/fiche\/OMC_PA721024\" target=\"_blank\" rel=\"noopener\">Anne GENETET<\/a>\u00a0<span class=\"Apple-tab-span\"> <\/span>71,72 % ELUE<\/strong><\/li>\n<li>LR\u00a0<span class=\"Apple-tab-span\"> <\/span>\u00a0 \u00a0M. Thierry MARIANI\u00a0<span class=\"Apple-tab-span\"> <\/span>\u00a0 \u00a0 28,28 %<\/li>\n<\/ul>\n<div><strong>Taux de participation 22,66 %<\/strong><\/div>\n<div>\u00a0<\/div>\n<div><a href=\"http:\/\/elections.interieur.gouv.fr\/legislatives-2017\/099\/09911.html\" target=\"_blank\" rel=\"noopener\">Les \u00a0r\u00e9sultats en d\u00e9tail\u00a0<\/a><\/div>\n<div>\u00a0<\/div>\n<div>\u00a0<\/div>\n<div><a href=\"https:\/\/www.interieur.gouv.fr\/Elections\/Elections-legislatives-2017\/Second-tour-des-elections-legislatives-les-resultats\" target=\"_blank\" rel=\"noopener\">Consultez l&rsquo;ensemble des r\u00e9sultats au niveau national<\/a><\/div>\n<div>\u00a0<\/div>\n<div>\u00a0<\/div>\n<div>\u00a0<\/div>\n<div style=\"text-align: center\"><a href=\"https:\/\/www.ufe.org\/inscription-newsletter\" target=\"_blank\" rel=\"noopener\"><img loading=\"lazy\" decoding=\"async\" height=\"90\" width=\"768\" class=\"media-element file-default\" alt=\"\" title=\"\" src=\"https:\/\/ufe.org\/wp-content\/uploads\/2021\/04\/ufe_newsletterbox01_0.jpg\" \/><\/a><\/div>\n<div>\u00a0<\/div>\n","protected":false},"excerpt":{"rendered":"<p>Le dimanche 18 juin s&rsquo;est d\u00e9roul\u00e9 le second tour des legislatives. Les Fran\u00e7ais de l&rsquo;\u00e9tranger ont&#8230;<\/p>\n","protected":false},"author":1,"featured_media":3425,"comment_status":"closed","ping_status":"closed","sticky":false,"template":"","format":"standard","meta":{"footnotes":""},"categories":[174],"tags":[],"yoast_head":"<!-- This site is optimized with the Yoast SEO plugin v22.8 - https:\/\/yoast.com\/wordpress\/plugins\/seo\/ -->\n<title>Fran\u00e7ais de l&#039;\u00e9tranger, vos nouveaux \u00e9lus - UFE Pays-Bas<\/title>\n<meta name=\"robots\" content=\"index, follow, max-snippet:-1, max-image-preview:large, max-video-preview:-1\" \/>\n<link rel=\"canonical\" href=\"https:\/\/ufe.org\/pays-bas\/2017\/06\/19\/francais-de-letranger-vos-nouveaux-elus-2\/\" \/>\n<meta property=\"og:locale\" content=\"fr_FR\" \/>\n<meta property=\"og:type\" content=\"article\" \/>\n<meta property=\"og:title\" content=\"Fran\u00e7ais de l&#039;\u00e9tranger, vos nouveaux \u00e9lus - UFE Pays-Bas\" \/>\n<meta property=\"og:description\" content=\"Le dimanche 18 juin s&rsquo;est d\u00e9roul\u00e9 le second tour des legislatives. Les Fran\u00e7ais de l&rsquo;\u00e9tranger ont...\" \/>\n<meta property=\"og:url\" content=\"https:\/\/ufe.org\/pays-bas\/2017\/06\/19\/francais-de-letranger-vos-nouveaux-elus-2\/\" \/>\n<meta property=\"og:site_name\" content=\"UFE Pays-Bas\" \/>\n<meta property=\"article:published_time\" content=\"2017-06-18T22:00:00+00:00\" \/>\n<meta property=\"article:modified_time\" content=\"2021-05-27T11:52:30+00:00\" \/>\n<meta property=\"og:image\" content=\"https:\/\/ufe.org\/pays-bas\/wp-content\/uploads\/sites\/23\/2017\/06\/bbr-face-nov2015.jpg\" \/>\n\t<meta property=\"og:image:width\" content=\"770\" \/>\n\t<meta property=\"og:image:height\" content=\"513\" \/>\n\t<meta property=\"og:image:type\" content=\"image\/jpeg\" \/>\n<meta name=\"author\" content=\"admin6615\" \/>\n<meta name=\"twitter:card\" content=\"summary_large_image\" \/>\n<meta name=\"twitter:label1\" content=\"\u00c9crit par\" \/>\n\t<meta name=\"twitter:data1\" content=\"admin6615\" \/>\n\t<meta name=\"twitter:label2\" content=\"Dur\u00e9e de lecture estim\u00e9e\" \/>\n\t<meta name=\"twitter:data2\" content=\"3 minutes\" \/>\n<script type=\"application\/ld+json\" class=\"yoast-schema-graph\">{\"@context\":\"https:\/\/schema.org\",\"@graph\":[{\"@type\":\"WebPage\",\"@id\":\"https:\/\/ufe.org\/pays-bas\/2017\/06\/19\/francais-de-letranger-vos-nouveaux-elus-2\/\",\"url\":\"https:\/\/ufe.org\/pays-bas\/2017\/06\/19\/francais-de-letranger-vos-nouveaux-elus-2\/\",\"name\":\"Fran\u00e7ais de l'\u00e9tranger, vos nouveaux \u00e9lus - UFE Pays-Bas\",\"isPartOf\":{\"@id\":\"https:\/\/ufe.org\/pays-bas\/#website\"},\"primaryImageOfPage\":{\"@id\":\"https:\/\/ufe.org\/pays-bas\/2017\/06\/19\/francais-de-letranger-vos-nouveaux-elus-2\/#primaryimage\"},\"image\":{\"@id\":\"https:\/\/ufe.org\/pays-bas\/2017\/06\/19\/francais-de-letranger-vos-nouveaux-elus-2\/#primaryimage\"},\"thumbnailUrl\":\"https:\/\/ufe.org\/pays-bas\/wp-content\/uploads\/sites\/23\/2017\/06\/bbr-face-nov2015.jpg\",\"datePublished\":\"2017-06-18T22:00:00+00:00\",\"dateModified\":\"2021-05-27T11:52:30+00:00\",\"author\":{\"@id\":\"https:\/\/ufe.org\/pays-bas\/#\/schema\/person\/3f57002465498f8b9c05f68075731b19\"},\"breadcrumb\":{\"@id\":\"https:\/\/ufe.org\/pays-bas\/2017\/06\/19\/francais-de-letranger-vos-nouveaux-elus-2\/#breadcrumb\"},\"inLanguage\":\"fr-FR\",\"potentialAction\":[{\"@type\":\"ReadAction\",\"target\":[\"https:\/\/ufe.org\/pays-bas\/2017\/06\/19\/francais-de-letranger-vos-nouveaux-elus-2\/\"]}]},{\"@type\":\"ImageObject\",\"inLanguage\":\"fr-FR\",\"@id\":\"https:\/\/ufe.org\/pays-bas\/2017\/06\/19\/francais-de-letranger-vos-nouveaux-elus-2\/#primaryimage\",\"url\":\"https:\/\/ufe.org\/pays-bas\/wp-content\/uploads\/sites\/23\/2017\/06\/bbr-face-nov2015.jpg\",\"contentUrl\":\"https:\/\/ufe.org\/pays-bas\/wp-content\/uploads\/sites\/23\/2017\/06\/bbr-face-nov2015.jpg\",\"width\":770,\"height\":513},{\"@type\":\"BreadcrumbList\",\"@id\":\"https:\/\/ufe.org\/pays-bas\/2017\/06\/19\/francais-de-letranger-vos-nouveaux-elus-2\/#breadcrumb\",\"itemListElement\":[{\"@type\":\"ListItem\",\"position\":1,\"name\":\"Accueil\",\"item\":\"https:\/\/ufe.org\/pays-bas\/\"},{\"@type\":\"ListItem\",\"position\":2,\"name\":\"Fran\u00e7ais de l&rsquo;\u00e9tranger, vos nouveaux \u00e9lus\"}]},{\"@type\":\"WebSite\",\"@id\":\"https:\/\/ufe.org\/pays-bas\/#website\",\"url\":\"https:\/\/ufe.org\/pays-bas\/\",\"name\":\"UFE Pays-Bas\",\"description\":\"Un site utilisant Multi site UFE\",\"potentialAction\":[{\"@type\":\"SearchAction\",\"target\":{\"@type\":\"EntryPoint\",\"urlTemplate\":\"https:\/\/ufe.org\/pays-bas\/?s={search_term_string}\"},\"query-input\":\"required name=search_term_string\"}],\"inLanguage\":\"fr-FR\"},{\"@type\":\"Person\",\"@id\":\"https:\/\/ufe.org\/pays-bas\/#\/schema\/person\/3f57002465498f8b9c05f68075731b19\",\"name\":\"admin6615\",\"image\":{\"@type\":\"ImageObject\",\"inLanguage\":\"fr-FR\",\"@id\":\"https:\/\/ufe.org\/pays-bas\/#\/schema\/person\/image\/\",\"url\":\"https:\/\/secure.gravatar.com\/avatar\/26e3f8eaf637eda33fcb3bc08e78b301?s=96&d=mm&r=g\",\"contentUrl\":\"https:\/\/secure.gravatar.com\/avatar\/26e3f8eaf637eda33fcb3bc08e78b301?s=96&d=mm&r=g\",\"caption\":\"admin6615\"},\"url\":\"https:\/\/ufe.org\/pays-bas\/author\/admin6615\/\"}]}<\/script>\n<!-- \/ Yoast SEO plugin. -->","yoast_head_json":{"title":"Fran\u00e7ais de l'\u00e9tranger, vos nouveaux \u00e9lus - UFE Pays-Bas","robots":{"index":"index","follow":"follow","max-snippet":"max-snippet:-1","max-image-preview":"max-image-preview:large","max-video-preview":"max-video-preview:-1"},"canonical":"https:\/\/ufe.org\/pays-bas\/2017\/06\/19\/francais-de-letranger-vos-nouveaux-elus-2\/","og_locale":"fr_FR","og_type":"article","og_title":"Fran\u00e7ais de l'\u00e9tranger, vos nouveaux \u00e9lus - UFE Pays-Bas","og_description":"Le dimanche 18 juin s&rsquo;est d\u00e9roul\u00e9 le second tour des legislatives. Les Fran\u00e7ais de l&rsquo;\u00e9tranger ont...","og_url":"https:\/\/ufe.org\/pays-bas\/2017\/06\/19\/francais-de-letranger-vos-nouveaux-elus-2\/","og_site_name":"UFE Pays-Bas","article_published_time":"2017-06-18T22:00:00+00:00","article_modified_time":"2021-05-27T11:52:30+00:00","og_image":[{"width":770,"height":513,"url":"https:\/\/ufe.org\/pays-bas\/wp-content\/uploads\/sites\/23\/2017\/06\/bbr-face-nov2015.jpg","type":"image\/jpeg"}],"author":"admin6615","twitter_card":"summary_large_image","twitter_misc":{"\u00c9crit par":"admin6615","Dur\u00e9e de lecture estim\u00e9e":"3 minutes"},"schema":{"@context":"https:\/\/schema.org","@graph":[{"@type":"WebPage","@id":"https:\/\/ufe.org\/pays-bas\/2017\/06\/19\/francais-de-letranger-vos-nouveaux-elus-2\/","url":"https:\/\/ufe.org\/pays-bas\/2017\/06\/19\/francais-de-letranger-vos-nouveaux-elus-2\/","name":"Fran\u00e7ais de l'\u00e9tranger, vos nouveaux \u00e9lus - UFE Pays-Bas","isPartOf":{"@id":"https:\/\/ufe.org\/pays-bas\/#website"},"primaryImageOfPage":{"@id":"https:\/\/ufe.org\/pays-bas\/2017\/06\/19\/francais-de-letranger-vos-nouveaux-elus-2\/#primaryimage"},"image":{"@id":"https:\/\/ufe.org\/pays-bas\/2017\/06\/19\/francais-de-letranger-vos-nouveaux-elus-2\/#primaryimage"},"thumbnailUrl":"https:\/\/ufe.org\/pays-bas\/wp-content\/uploads\/sites\/23\/2017\/06\/bbr-face-nov2015.jpg","datePublished":"2017-06-18T22:00:00+00:00","dateModified":"2021-05-27T11:52:30+00:00","author":{"@id":"https:\/\/ufe.org\/pays-bas\/#\/schema\/person\/3f57002465498f8b9c05f68075731b19"},"breadcrumb":{"@id":"https:\/\/ufe.org\/pays-bas\/2017\/06\/19\/francais-de-letranger-vos-nouveaux-elus-2\/#breadcrumb"},"inLanguage":"fr-FR","potentialAction":[{"@type":"ReadAction","target":["https:\/\/ufe.org\/pays-bas\/2017\/06\/19\/francais-de-letranger-vos-nouveaux-elus-2\/"]}]},{"@type":"ImageObject","inLanguage":"fr-FR","@id":"https:\/\/ufe.org\/pays-bas\/2017\/06\/19\/francais-de-letranger-vos-nouveaux-elus-2\/#primaryimage","url":"https:\/\/ufe.org\/pays-bas\/wp-content\/uploads\/sites\/23\/2017\/06\/bbr-face-nov2015.jpg","contentUrl":"https:\/\/ufe.org\/pays-bas\/wp-content\/uploads\/sites\/23\/2017\/06\/bbr-face-nov2015.jpg","width":770,"height":513},{"@type":"BreadcrumbList","@id":"https:\/\/ufe.org\/pays-bas\/2017\/06\/19\/francais-de-letranger-vos-nouveaux-elus-2\/#breadcrumb","itemListElement":[{"@type":"ListItem","position":1,"name":"Accueil","item":"https:\/\/ufe.org\/pays-bas\/"},{"@type":"ListItem","position":2,"name":"Fran\u00e7ais de l&rsquo;\u00e9tranger, vos nouveaux \u00e9lus"}]},{"@type":"WebSite","@id":"https:\/\/ufe.org\/pays-bas\/#website","url":"https:\/\/ufe.org\/pays-bas\/","name":"UFE Pays-Bas","description":"Un site utilisant Multi site UFE","potentialAction":[{"@type":"SearchAction","target":{"@type":"EntryPoint","urlTemplate":"https:\/\/ufe.org\/pays-bas\/?s={search_term_string}"},"query-input":"required name=search_term_string"}],"inLanguage":"fr-FR"},{"@type":"Person","@id":"https:\/\/ufe.org\/pays-bas\/#\/schema\/person\/3f57002465498f8b9c05f68075731b19","name":"admin6615","image":{"@type":"ImageObject","inLanguage":"fr-FR","@id":"https:\/\/ufe.org\/pays-bas\/#\/schema\/person\/image\/","url":"https:\/\/secure.gravatar.com\/avatar\/26e3f8eaf637eda33fcb3bc08e78b301?s=96&d=mm&r=g","contentUrl":"https:\/\/secure.gravatar.com\/avatar\/26e3f8eaf637eda33fcb3bc08e78b301?s=96&d=mm&r=g","caption":"admin6615"},"url":"https:\/\/ufe.org\/pays-bas\/author\/admin6615\/"}]}},"_links":{"self":[{"href":"https:\/\/ufe.org\/pays-bas\/wp-json\/wp\/v2\/posts\/3424"}],"collection":[{"href":"https:\/\/ufe.org\/pays-bas\/wp-json\/wp\/v2\/posts"}],"about":[{"href":"https:\/\/ufe.org\/pays-bas\/wp-json\/wp\/v2\/types\/post"}],"author":[{"embeddable":true,"href":"https:\/\/ufe.org\/pays-bas\/wp-json\/wp\/v2\/users\/1"}],"replies":[{"embeddable":true,"href":"https:\/\/ufe.org\/pays-bas\/wp-json\/wp\/v2\/comments?post=3424"}],"version-history":[{"count":1,"href":"https:\/\/ufe.org\/pays-bas\/wp-json\/wp\/v2\/posts\/3424\/revisions"}],"predecessor-version":[{"id":3490,"href":"https:\/\/ufe.org\/pays-bas\/wp-json\/wp\/v2\/posts\/3424\/revisions\/3490"}],"wp:featuredmedia":[{"embeddable":true,"href":"https:\/\/ufe.org\/pays-bas\/wp-json\/wp\/v2\/media\/3425"}],"wp:attachment":[{"href":"https:\/\/ufe.org\/pays-bas\/wp-json\/wp\/v2\/media?parent=3424"}],"wp:term":[{"taxonomy":"category","embeddable":true,"href":"https:\/\/ufe.org\/pays-bas\/wp-json\/wp\/v2\/categories?post=3424"},{"taxonomy":"post_tag","embeddable":true,"href":"https:\/\/ufe.org\/pays-bas\/wp-json\/wp\/v2\/tags?post=3424"}],"curies":[{"name":"wp","href":"https:\/\/api.w.org\/{rel}","templated":true}]}}