{"id":3423,"date":"2017-07-16T00:00:00","date_gmt":"2017-07-15T22:00:00","guid":{"rendered":"https:\/\/ufe.org\/juridique-fiscalite\/discours-de-monsieur-lambassadeur-le-14-juillet-2017\/"},"modified":"2021-05-27T13:52:29","modified_gmt":"2021-05-27T11:52:29","slug":"discours-de-monsieur-lambassadeur-le-14-juillet-2017","status":"publish","type":"post","link":"https:\/\/ufe.org\/pays-bas\/2017\/07\/16\/discours-de-monsieur-lambassadeur-le-14-juillet-2017\/","title":{"rendered":"Discours de Monsieur l&rsquo;Ambassadeur le 14 juillet 2017"},"content":{"rendered":"<p>Vous trouverez avec <a href=\"https:\/\/nl.ambafrance.org\/Fete-Nationale-14-juillet-2017-Residence-de-France-a-La-Haye\">ce lien<\/a> le discours (et la video) de Mr Philippe Lalliot, ambassadeur de France aux Pays-Bas, prononc\u00e9 le 14 juillet 2017 \u00e0 la R\u00e9sidence de France, La Haye.\u00a0<\/p>\n<p>\u00a0<\/p>\n<p>Vous trouverez avec <a href=\"http:\/\/nl.ambafrance.org\/Fete-Nationale-14-juillet-2017-Residence-de-France-a-La-Haye\">ce lien<\/a> le discours (et la video) de Mr Philippe Lalliot, ambassadeur de France aux Pays-Bas, prononc\u00e9 le 14 juillet 2017 \u00e0 la R\u00e9sidence de France, La Haye.\u00a0<\/p>\n<p>La Marseillaise est chant\u00e9e par Katell \u00e0 l&rsquo;occasion de la F\u00eate Nationale organis\u00e9e \u00e0 la R\u00e9sidence de France \u00e0 La Haye<\/p>\n","protected":false},"excerpt":{"rendered":"<p>Vous trouverez avec ce lien le discours (et la video) de Mr Philippe Lalliot, ambassadeur de&#8230;<\/p>\n","protected":false},"author":1,"featured_media":0,"comment_status":"closed","ping_status":"closed","sticky":false,"template":"","format":"standard","meta":{"footnotes":""},"categories":[174],"tags":[],"yoast_head":"<!-- This site is optimized with the Yoast SEO plugin v22.8 - https:\/\/yoast.com\/wordpress\/plugins\/seo\/ -->\n<title>Discours de Monsieur l&#039;Ambassadeur le 14 juillet 2017 - UFE Pays-Bas<\/title>\n<meta name=\"robots\" content=\"index, follow, max-snippet:-1, max-image-preview:large, max-video-preview:-1\" \/>\n<link rel=\"canonical\" href=\"https:\/\/ufe.org\/pays-bas\/2017\/07\/16\/discours-de-monsieur-lambassadeur-le-14-juillet-2017\/\" \/>\n<meta property=\"og:locale\" content=\"fr_FR\" \/>\n<meta property=\"og:type\" content=\"article\" \/>\n<meta property=\"og:title\" content=\"Discours de Monsieur l&#039;Ambassadeur le 14 juillet 2017 - UFE Pays-Bas\" \/>\n<meta property=\"og:description\" content=\"Vous trouverez avec ce lien le discours (et la video) de Mr Philippe Lalliot, ambassadeur de...\" \/>\n<meta property=\"og:url\" content=\"https:\/\/ufe.org\/pays-bas\/2017\/07\/16\/discours-de-monsieur-lambassadeur-le-14-juillet-2017\/\" \/>\n<meta property=\"og:site_name\" content=\"UFE Pays-Bas\" \/>\n<meta property=\"article:published_time\" content=\"2017-07-15T22:00:00+00:00\" \/>\n<meta property=\"article:modified_time\" content=\"2021-05-27T11:52:29+00:00\" \/>\n<meta name=\"author\" content=\"admin6615\" \/>\n<meta name=\"twitter:card\" content=\"summary_large_image\" \/>\n<meta name=\"twitter:label1\" content=\"\u00c9crit par\" \/>\n\t<meta name=\"twitter:data1\" content=\"admin6615\" \/>\n<script type=\"application\/ld+json\" class=\"yoast-schema-graph\">{\"@context\":\"https:\/\/schema.org\",\"@graph\":[{\"@type\":\"WebPage\",\"@id\":\"https:\/\/ufe.org\/pays-bas\/2017\/07\/16\/discours-de-monsieur-lambassadeur-le-14-juillet-2017\/\",\"url\":\"https:\/\/ufe.org\/pays-bas\/2017\/07\/16\/discours-de-monsieur-lambassadeur-le-14-juillet-2017\/\",\"name\":\"Discours de Monsieur l'Ambassadeur le 14 juillet 2017 - UFE Pays-Bas\",\"isPartOf\":{\"@id\":\"https:\/\/ufe.org\/pays-bas\/#website\"},\"datePublished\":\"2017-07-15T22:00:00+00:00\",\"dateModified\":\"2021-05-27T11:52:29+00:00\",\"author\":{\"@id\":\"https:\/\/ufe.org\/pays-bas\/#\/schema\/person\/3f57002465498f8b9c05f68075731b19\"},\"breadcrumb\":{\"@id\":\"https:\/\/ufe.org\/pays-bas\/2017\/07\/16\/discours-de-monsieur-lambassadeur-le-14-juillet-2017\/#breadcrumb\"},\"inLanguage\":\"fr-FR\",\"potentialAction\":[{\"@type\":\"ReadAction\",\"target\":[\"https:\/\/ufe.org\/pays-bas\/2017\/07\/16\/discours-de-monsieur-lambassadeur-le-14-juillet-2017\/\"]}]},{\"@type\":\"BreadcrumbList\",\"@id\":\"https:\/\/ufe.org\/pays-bas\/2017\/07\/16\/discours-de-monsieur-lambassadeur-le-14-juillet-2017\/#breadcrumb\",\"itemListElement\":[{\"@type\":\"ListItem\",\"position\":1,\"name\":\"Accueil\",\"item\":\"https:\/\/ufe.org\/pays-bas\/\"},{\"@type\":\"ListItem\",\"position\":2,\"name\":\"Discours de Monsieur l&rsquo;Ambassadeur le 14 juillet 2017\"}]},{\"@type\":\"WebSite\",\"@id\":\"https:\/\/ufe.org\/pays-bas\/#website\",\"url\":\"https:\/\/ufe.org\/pays-bas\/\",\"name\":\"UFE Pays-Bas\",\"description\":\"Un site utilisant Multi site UFE\",\"potentialAction\":[{\"@type\":\"SearchAction\",\"target\":{\"@type\":\"EntryPoint\",\"urlTemplate\":\"https:\/\/ufe.org\/pays-bas\/?s={search_term_string}\"},\"query-input\":\"required name=search_term_string\"}],\"inLanguage\":\"fr-FR\"},{\"@type\":\"Person\",\"@id\":\"https:\/\/ufe.org\/pays-bas\/#\/schema\/person\/3f57002465498f8b9c05f68075731b19\",\"name\":\"admin6615\",\"image\":{\"@type\":\"ImageObject\",\"inLanguage\":\"fr-FR\",\"@id\":\"https:\/\/ufe.org\/pays-bas\/#\/schema\/person\/image\/\",\"url\":\"https:\/\/secure.gravatar.com\/avatar\/26e3f8eaf637eda33fcb3bc08e78b301?s=96&d=mm&r=g\",\"contentUrl\":\"https:\/\/secure.gravatar.com\/avatar\/26e3f8eaf637eda33fcb3bc08e78b301?s=96&d=mm&r=g\",\"caption\":\"admin6615\"},\"url\":\"https:\/\/ufe.org\/pays-bas\/author\/admin6615\/\"}]}<\/script>\n<!-- \/ Yoast SEO plugin. -->","yoast_head_json":{"title":"Discours de Monsieur l'Ambassadeur le 14 juillet 2017 - UFE Pays-Bas","robots":{"index":"index","follow":"follow","max-snippet":"max-snippet:-1","max-image-preview":"max-image-preview:large","max-video-preview":"max-video-preview:-1"},"canonical":"https:\/\/ufe.org\/pays-bas\/2017\/07\/16\/discours-de-monsieur-lambassadeur-le-14-juillet-2017\/","og_locale":"fr_FR","og_type":"article","og_title":"Discours de Monsieur l'Ambassadeur le 14 juillet 2017 - UFE Pays-Bas","og_description":"Vous trouverez avec ce lien le discours (et la video) de Mr Philippe Lalliot, ambassadeur de...","og_url":"https:\/\/ufe.org\/pays-bas\/2017\/07\/16\/discours-de-monsieur-lambassadeur-le-14-juillet-2017\/","og_site_name":"UFE Pays-Bas","article_published_time":"2017-07-15T22:00:00+00:00","article_modified_time":"2021-05-27T11:52:29+00:00","author":"admin6615","twitter_card":"summary_large_image","twitter_misc":{"\u00c9crit par":"admin6615"},"schema":{"@context":"https:\/\/schema.org","@graph":[{"@type":"WebPage","@id":"https:\/\/ufe.org\/pays-bas\/2017\/07\/16\/discours-de-monsieur-lambassadeur-le-14-juillet-2017\/","url":"https:\/\/ufe.org\/pays-bas\/2017\/07\/16\/discours-de-monsieur-lambassadeur-le-14-juillet-2017\/","name":"Discours de Monsieur l'Ambassadeur le 14 juillet 2017 - UFE Pays-Bas","isPartOf":{"@id":"https:\/\/ufe.org\/pays-bas\/#website"},"datePublished":"2017-07-15T22:00:00+00:00","dateModified":"2021-05-27T11:52:29+00:00","author":{"@id":"https:\/\/ufe.org\/pays-bas\/#\/schema\/person\/3f57002465498f8b9c05f68075731b19"},"breadcrumb":{"@id":"https:\/\/ufe.org\/pays-bas\/2017\/07\/16\/discours-de-monsieur-lambassadeur-le-14-juillet-2017\/#breadcrumb"},"inLanguage":"fr-FR","potentialAction":[{"@type":"ReadAction","target":["https:\/\/ufe.org\/pays-bas\/2017\/07\/16\/discours-de-monsieur-lambassadeur-le-14-juillet-2017\/"]}]},{"@type":"BreadcrumbList","@id":"https:\/\/ufe.org\/pays-bas\/2017\/07\/16\/discours-de-monsieur-lambassadeur-le-14-juillet-2017\/#breadcrumb","itemListElement":[{"@type":"ListItem","position":1,"name":"Accueil","item":"https:\/\/ufe.org\/pays-bas\/"},{"@type":"ListItem","position":2,"name":"Discours de Monsieur l&rsquo;Ambassadeur le 14 juillet 2017"}]},{"@type":"WebSite","@id":"https:\/\/ufe.org\/pays-bas\/#website","url":"https:\/\/ufe.org\/pays-bas\/","name":"UFE Pays-Bas","description":"Un site utilisant Multi site UFE","potentialAction":[{"@type":"SearchAction","target":{"@type":"EntryPoint","urlTemplate":"https:\/\/ufe.org\/pays-bas\/?s={search_term_string}"},"query-input":"required name=search_term_string"}],"inLanguage":"fr-FR"},{"@type":"Person","@id":"https:\/\/ufe.org\/pays-bas\/#\/schema\/person\/3f57002465498f8b9c05f68075731b19","name":"admin6615","image":{"@type":"ImageObject","inLanguage":"fr-FR","@id":"https:\/\/ufe.org\/pays-bas\/#\/schema\/person\/image\/","url":"https:\/\/secure.gravatar.com\/avatar\/26e3f8eaf637eda33fcb3bc08e78b301?s=96&d=mm&r=g","contentUrl":"https:\/\/secure.gravatar.com\/avatar\/26e3f8eaf637eda33fcb3bc08e78b301?s=96&d=mm&r=g","caption":"admin6615"},"url":"https:\/\/ufe.org\/pays-bas\/author\/admin6615\/"}]}},"_links":{"self":[{"href":"https:\/\/ufe.org\/pays-bas\/wp-json\/wp\/v2\/posts\/3423"}],"collection":[{"href":"https:\/\/ufe.org\/pays-bas\/wp-json\/wp\/v2\/posts"}],"about":[{"href":"https:\/\/ufe.org\/pays-bas\/wp-json\/wp\/v2\/types\/post"}],"author":[{"embeddable":true,"href":"https:\/\/ufe.org\/pays-bas\/wp-json\/wp\/v2\/users\/1"}],"replies":[{"embeddable":true,"href":"https:\/\/ufe.org\/pays-bas\/wp-json\/wp\/v2\/comments?post=3423"}],"version-history":[{"count":1,"href":"https:\/\/ufe.org\/pays-bas\/wp-json\/wp\/v2\/posts\/3423\/revisions"}],"predecessor-version":[{"id":3489,"href":"https:\/\/ufe.org\/pays-bas\/wp-json\/wp\/v2\/posts\/3423\/revisions\/3489"}],"wp:attachment":[{"href":"https:\/\/ufe.org\/pays-bas\/wp-json\/wp\/v2\/media?parent=3423"}],"wp:term":[{"taxonomy":"category","embeddable":true,"href":"https:\/\/ufe.org\/pays-bas\/wp-json\/wp\/v2\/categories?post=3423"},{"taxonomy":"post_tag","embeddable":true,"href":"https:\/\/ufe.org\/pays-bas\/wp-json\/wp\/v2\/tags?post=3423"}],"curies":[{"name":"wp","href":"https:\/\/api.w.org\/{rel}","templated":true}]}}