{"id":3408,"date":"2017-11-12T00:00:00","date_gmt":"2017-11-11T23:00:00","guid":{"rendered":"https:\/\/ufe.org\/juridique-fiscalite\/kermesse-francophone-la-haye-le-25-novembre\/"},"modified":"2021-05-27T13:52:29","modified_gmt":"2021-05-27T11:52:29","slug":"kermesse-francophone-la-haye-le-25-novembre","status":"publish","type":"post","link":"https:\/\/ufe.org\/pays-bas\/2017\/11\/12\/kermesse-francophone-la-haye-le-25-novembre\/","title":{"rendered":"Kermesse Francophone \u00e0 La Haye le 25 novembre"},"content":{"rendered":"<div>La kermesse Francophone se tiendra cette ann\u00e9e le 25 novembre 2017 \u00e0 l&rsquo;Ecole Internationale \u00e0 Kijkduin. C&rsquo;est l&rsquo;\u00e9v\u00e9nement de l&rsquo;ann\u00e9e pour les francophones de La Haye et tous les sympathisants de la langue et de la culture fran\u00e7aises. Sa finalit\u00e9 est caritative.<\/div>\n<div>\u00a0<\/div>\n<div>La kermesse soutient ainsi de nombreux projets humanitaires dans des pays d\u00e9favoris\u00e9s. L&rsquo;an dernier, elle a pu, gr\u00e2ce \u00e0 la g\u00e9n\u00e9rosit\u00e9 des participants et des nombreux visiteurs, r\u00e9partir la somme de 40 475 \u20ac\u00a0 sur 19 projets humanitaires dans le monde entier. Plus d&rsquo;informations sur <a href=\"https:\/\/www.kermessefrancophone.nl\/\">www.kermessefrancophone.nl<\/a><\/div>\n<div>\u00a0<\/div>\n<div>\u00a0<\/div>\n<div>Une journ\u00e9e \u00e0 la kermesse&#8230;:\u00a0 L&rsquo;id\u00e9e est que vous veniez passer une journ\u00e9e de f\u00eate \u00e0 la Kermesse, en famille et avec vos amis !<\/div>\n<div>\u00a0<\/div>\n<div>Vous y trouverez, comme d&rsquo;habitude plus de 20 stands anim\u00e9s par plus de 200 b\u00e9n\u00e9voles et proposant des jeux, de la restauration maison ou de la vente d&rsquo;articles de seconde main. Il y aura aussi des stands de d\u00e9gustations, un salon de th\u00e9, un stand de vente de v\u00eatements d&rsquo;enfants, de livres et de jouets, de la brocante, de l&rsquo;artisanat, et des jeux pour enfants. Vous trouverez le programme entier sur le site web de la Kermesse francophone.<\/div>\n<div><img loading=\"lazy\" decoding=\"async\" style=\"height: 267px;width: 200px\" class=\"media-element file-default\" data-delta=\"1\" alt=\"\" title=\"\" src=\"https:\/\/ufe.org\/wp-content\/uploads\/2021\/04\/k17_-_affiche_francais.jpg\" width=\"720\" height=\"960\" \/><br \/>Vous pourrez vous restaurer tout au long de la journ\u00e9e avec des mets d\u00e9licieux venus des 4 horizons de la francophonie et pendant que vos enfants s&rsquo;amuseront avec les jeux, feront du sport ou seront gard\u00e9s, vous pourrez participer aux activit\u00e9s, \u00e9couter de la musique, mais aussi faire de bonnes affaires !<br \/>\u00a0<\/div>\n<h4>Tombola<\/h4>\n<div>L&rsquo;attraction de la journ\u00e9e sera bien entendu la traditionnelle tombola. Les entreprises qui soutiennent l&rsquo;effort de solidarit\u00e9 de la kermesse ont pr\u00e9par\u00e9 de nombreux lots pour les participants.<\/div>\n<h4>Informations pratiques<\/h4>\n<div>La Kermesse Francophone aura lieu le samedi 25 novembre de 12h00 \u00e0 18h00 \u00e0 l&rsquo;ISH (The International School of The Hague) \u00e0 <a href=\"https:\/\/www.google.com\/maps\/place\/Wijndaelerduin+1,+2554+BX+Den+Haag\/@52.0584549,4.217536,17z\/data=!3m1!4b1!4m5!3m4!1s0x47c5b1bb0572297b:0xd3c463d9b45406e0!8m2!3d52.0584549!4d4.2197247\">Kijkduin, Wijndaelerduin 1, 2554 BX Den Haag<\/a>. Plus d&rsquo;informations sont disponibles sur le site web de la <a href=\"https:\/\/www.kermessefrancophone.nl\/\">Kermesse Francophone<\/a>.<\/div>\n<div>\u00a0<\/div>\n<div>Par exemple vous trouverez le programme (succinct) de la kermesse sur cette page\u00a0 mais pour pour avoir plus d&rsquo;informations sur la kermesse francophone <a href=\"https:\/\/www.kermessefrancophone.nl\/venez-%C3%A0-la-kermesse\/\">cliquez ici<\/a>.\u00a0<\/div>\n<div>\u00a0<\/div>\n<div>La Kermesse Francophone\u00a0 de La Haye a vu le jour en 1968. Elle est devenue au fil du temps un \u00e9v\u00e9nement majeur de la vie des francophones aux Pays-Bas. Elle a pour but de collecter de l\u2019argent pour financer ensuite de nombreux projets humanitaires sur les cinq continents dans les domaines de l\u2019enseignement, de la sant\u00e9, du d\u00e9veloppement rural, du logement et de l\u2019accueil des plus d\u00e9munis.\u00a0<\/div>\n<div>\u00a0<\/div>\n<div>La Kermesse nous offre \u00e0 tous l\u2019occasion de nous rassembler, de d\u00e9velopper des liens amicaux, tout en apportant un soutien aux plus d\u00e9munis \u00e0 travers le monde.<\/div>\n<div>\u00a0<\/div>\n","protected":false},"excerpt":{"rendered":"<p>La kermesse Francophone se tiendra cette ann\u00e9e le 25 novembre 2017 \u00e0 l&rsquo;Ecole Internationale \u00e0 Kijkduin&#8230;.<\/p>\n","protected":false},"author":1,"featured_media":3409,"comment_status":"closed","ping_status":"closed","sticky":false,"template":"","format":"standard","meta":{"footnotes":""},"categories":[174],"tags":[],"yoast_head":"<!-- This site is optimized with the Yoast SEO plugin v22.8 - https:\/\/yoast.com\/wordpress\/plugins\/seo\/ -->\n<title>Kermesse Francophone \u00e0 La Haye le 25 novembre - UFE Pays-Bas<\/title>\n<meta name=\"robots\" content=\"index, follow, max-snippet:-1, max-image-preview:large, max-video-preview:-1\" \/>\n<link rel=\"canonical\" href=\"https:\/\/ufe.org\/pays-bas\/2017\/11\/12\/kermesse-francophone-la-haye-le-25-novembre\/\" \/>\n<meta property=\"og:locale\" content=\"fr_FR\" \/>\n<meta property=\"og:type\" content=\"article\" \/>\n<meta property=\"og:title\" content=\"Kermesse Francophone \u00e0 La Haye le 25 novembre - UFE Pays-Bas\" \/>\n<meta property=\"og:description\" content=\"La kermesse Francophone se tiendra cette ann\u00e9e le 25 novembre 2017 \u00e0 l&rsquo;Ecole Internationale \u00e0 Kijkduin....\" \/>\n<meta property=\"og:url\" content=\"https:\/\/ufe.org\/pays-bas\/2017\/11\/12\/kermesse-francophone-la-haye-le-25-novembre\/\" \/>\n<meta property=\"og:site_name\" content=\"UFE Pays-Bas\" \/>\n<meta property=\"article:published_time\" content=\"2017-11-11T23:00:00+00:00\" \/>\n<meta property=\"article:modified_time\" content=\"2021-05-27T11:52:29+00:00\" \/>\n<meta property=\"og:image\" content=\"https:\/\/ufe.org\/pays-bas\/wp-content\/uploads\/sites\/23\/2017\/11\/programme.jpg\" \/>\n\t<meta property=\"og:image:width\" content=\"594\" \/>\n\t<meta property=\"og:image:height\" content=\"356\" \/>\n\t<meta property=\"og:image:type\" content=\"image\/jpeg\" \/>\n<meta name=\"author\" content=\"admin6615\" \/>\n<meta name=\"twitter:card\" content=\"summary_large_image\" \/>\n<meta name=\"twitter:label1\" content=\"\u00c9crit par\" \/>\n\t<meta name=\"twitter:data1\" content=\"admin6615\" \/>\n\t<meta name=\"twitter:label2\" content=\"Dur\u00e9e de lecture estim\u00e9e\" \/>\n\t<meta name=\"twitter:data2\" content=\"2 minutes\" \/>\n<script type=\"application\/ld+json\" class=\"yoast-schema-graph\">{\"@context\":\"https:\/\/schema.org\",\"@graph\":[{\"@type\":\"WebPage\",\"@id\":\"https:\/\/ufe.org\/pays-bas\/2017\/11\/12\/kermesse-francophone-la-haye-le-25-novembre\/\",\"url\":\"https:\/\/ufe.org\/pays-bas\/2017\/11\/12\/kermesse-francophone-la-haye-le-25-novembre\/\",\"name\":\"Kermesse Francophone \u00e0 La Haye le 25 novembre - UFE Pays-Bas\",\"isPartOf\":{\"@id\":\"https:\/\/ufe.org\/pays-bas\/#website\"},\"primaryImageOfPage\":{\"@id\":\"https:\/\/ufe.org\/pays-bas\/2017\/11\/12\/kermesse-francophone-la-haye-le-25-novembre\/#primaryimage\"},\"image\":{\"@id\":\"https:\/\/ufe.org\/pays-bas\/2017\/11\/12\/kermesse-francophone-la-haye-le-25-novembre\/#primaryimage\"},\"thumbnailUrl\":\"https:\/\/ufe.org\/pays-bas\/wp-content\/uploads\/sites\/23\/2017\/11\/programme.jpg\",\"datePublished\":\"2017-11-11T23:00:00+00:00\",\"dateModified\":\"2021-05-27T11:52:29+00:00\",\"author\":{\"@id\":\"https:\/\/ufe.org\/pays-bas\/#\/schema\/person\/3f57002465498f8b9c05f68075731b19\"},\"breadcrumb\":{\"@id\":\"https:\/\/ufe.org\/pays-bas\/2017\/11\/12\/kermesse-francophone-la-haye-le-25-novembre\/#breadcrumb\"},\"inLanguage\":\"fr-FR\",\"potentialAction\":[{\"@type\":\"ReadAction\",\"target\":[\"https:\/\/ufe.org\/pays-bas\/2017\/11\/12\/kermesse-francophone-la-haye-le-25-novembre\/\"]}]},{\"@type\":\"ImageObject\",\"inLanguage\":\"fr-FR\",\"@id\":\"https:\/\/ufe.org\/pays-bas\/2017\/11\/12\/kermesse-francophone-la-haye-le-25-novembre\/#primaryimage\",\"url\":\"https:\/\/ufe.org\/pays-bas\/wp-content\/uploads\/sites\/23\/2017\/11\/programme.jpg\",\"contentUrl\":\"https:\/\/ufe.org\/pays-bas\/wp-content\/uploads\/sites\/23\/2017\/11\/programme.jpg\",\"width\":594,\"height\":356},{\"@type\":\"BreadcrumbList\",\"@id\":\"https:\/\/ufe.org\/pays-bas\/2017\/11\/12\/kermesse-francophone-la-haye-le-25-novembre\/#breadcrumb\",\"itemListElement\":[{\"@type\":\"ListItem\",\"position\":1,\"name\":\"Accueil\",\"item\":\"https:\/\/ufe.org\/pays-bas\/\"},{\"@type\":\"ListItem\",\"position\":2,\"name\":\"Kermesse Francophone \u00e0 La Haye le 25 novembre\"}]},{\"@type\":\"WebSite\",\"@id\":\"https:\/\/ufe.org\/pays-bas\/#website\",\"url\":\"https:\/\/ufe.org\/pays-bas\/\",\"name\":\"UFE Pays-Bas\",\"description\":\"Un site utilisant Multi site UFE\",\"potentialAction\":[{\"@type\":\"SearchAction\",\"target\":{\"@type\":\"EntryPoint\",\"urlTemplate\":\"https:\/\/ufe.org\/pays-bas\/?s={search_term_string}\"},\"query-input\":\"required name=search_term_string\"}],\"inLanguage\":\"fr-FR\"},{\"@type\":\"Person\",\"@id\":\"https:\/\/ufe.org\/pays-bas\/#\/schema\/person\/3f57002465498f8b9c05f68075731b19\",\"name\":\"admin6615\",\"image\":{\"@type\":\"ImageObject\",\"inLanguage\":\"fr-FR\",\"@id\":\"https:\/\/ufe.org\/pays-bas\/#\/schema\/person\/image\/\",\"url\":\"https:\/\/secure.gravatar.com\/avatar\/26e3f8eaf637eda33fcb3bc08e78b301?s=96&d=mm&r=g\",\"contentUrl\":\"https:\/\/secure.gravatar.com\/avatar\/26e3f8eaf637eda33fcb3bc08e78b301?s=96&d=mm&r=g\",\"caption\":\"admin6615\"},\"url\":\"https:\/\/ufe.org\/pays-bas\/author\/admin6615\/\"}]}<\/script>\n<!-- \/ Yoast SEO plugin. -->","yoast_head_json":{"title":"Kermesse Francophone \u00e0 La Haye le 25 novembre - UFE Pays-Bas","robots":{"index":"index","follow":"follow","max-snippet":"max-snippet:-1","max-image-preview":"max-image-preview:large","max-video-preview":"max-video-preview:-1"},"canonical":"https:\/\/ufe.org\/pays-bas\/2017\/11\/12\/kermesse-francophone-la-haye-le-25-novembre\/","og_locale":"fr_FR","og_type":"article","og_title":"Kermesse Francophone \u00e0 La Haye le 25 novembre - UFE Pays-Bas","og_description":"La kermesse Francophone se tiendra cette ann\u00e9e le 25 novembre 2017 \u00e0 l&rsquo;Ecole Internationale \u00e0 Kijkduin....","og_url":"https:\/\/ufe.org\/pays-bas\/2017\/11\/12\/kermesse-francophone-la-haye-le-25-novembre\/","og_site_name":"UFE Pays-Bas","article_published_time":"2017-11-11T23:00:00+00:00","article_modified_time":"2021-05-27T11:52:29+00:00","og_image":[{"width":594,"height":356,"url":"https:\/\/ufe.org\/pays-bas\/wp-content\/uploads\/sites\/23\/2017\/11\/programme.jpg","type":"image\/jpeg"}],"author":"admin6615","twitter_card":"summary_large_image","twitter_misc":{"\u00c9crit par":"admin6615","Dur\u00e9e de lecture estim\u00e9e":"2 minutes"},"schema":{"@context":"https:\/\/schema.org","@graph":[{"@type":"WebPage","@id":"https:\/\/ufe.org\/pays-bas\/2017\/11\/12\/kermesse-francophone-la-haye-le-25-novembre\/","url":"https:\/\/ufe.org\/pays-bas\/2017\/11\/12\/kermesse-francophone-la-haye-le-25-novembre\/","name":"Kermesse Francophone \u00e0 La Haye le 25 novembre - UFE Pays-Bas","isPartOf":{"@id":"https:\/\/ufe.org\/pays-bas\/#website"},"primaryImageOfPage":{"@id":"https:\/\/ufe.org\/pays-bas\/2017\/11\/12\/kermesse-francophone-la-haye-le-25-novembre\/#primaryimage"},"image":{"@id":"https:\/\/ufe.org\/pays-bas\/2017\/11\/12\/kermesse-francophone-la-haye-le-25-novembre\/#primaryimage"},"thumbnailUrl":"https:\/\/ufe.org\/pays-bas\/wp-content\/uploads\/sites\/23\/2017\/11\/programme.jpg","datePublished":"2017-11-11T23:00:00+00:00","dateModified":"2021-05-27T11:52:29+00:00","author":{"@id":"https:\/\/ufe.org\/pays-bas\/#\/schema\/person\/3f57002465498f8b9c05f68075731b19"},"breadcrumb":{"@id":"https:\/\/ufe.org\/pays-bas\/2017\/11\/12\/kermesse-francophone-la-haye-le-25-novembre\/#breadcrumb"},"inLanguage":"fr-FR","potentialAction":[{"@type":"ReadAction","target":["https:\/\/ufe.org\/pays-bas\/2017\/11\/12\/kermesse-francophone-la-haye-le-25-novembre\/"]}]},{"@type":"ImageObject","inLanguage":"fr-FR","@id":"https:\/\/ufe.org\/pays-bas\/2017\/11\/12\/kermesse-francophone-la-haye-le-25-novembre\/#primaryimage","url":"https:\/\/ufe.org\/pays-bas\/wp-content\/uploads\/sites\/23\/2017\/11\/programme.jpg","contentUrl":"https:\/\/ufe.org\/pays-bas\/wp-content\/uploads\/sites\/23\/2017\/11\/programme.jpg","width":594,"height":356},{"@type":"BreadcrumbList","@id":"https:\/\/ufe.org\/pays-bas\/2017\/11\/12\/kermesse-francophone-la-haye-le-25-novembre\/#breadcrumb","itemListElement":[{"@type":"ListItem","position":1,"name":"Accueil","item":"https:\/\/ufe.org\/pays-bas\/"},{"@type":"ListItem","position":2,"name":"Kermesse Francophone \u00e0 La Haye le 25 novembre"}]},{"@type":"WebSite","@id":"https:\/\/ufe.org\/pays-bas\/#website","url":"https:\/\/ufe.org\/pays-bas\/","name":"UFE Pays-Bas","description":"Un site utilisant Multi site UFE","potentialAction":[{"@type":"SearchAction","target":{"@type":"EntryPoint","urlTemplate":"https:\/\/ufe.org\/pays-bas\/?s={search_term_string}"},"query-input":"required name=search_term_string"}],"inLanguage":"fr-FR"},{"@type":"Person","@id":"https:\/\/ufe.org\/pays-bas\/#\/schema\/person\/3f57002465498f8b9c05f68075731b19","name":"admin6615","image":{"@type":"ImageObject","inLanguage":"fr-FR","@id":"https:\/\/ufe.org\/pays-bas\/#\/schema\/person\/image\/","url":"https:\/\/secure.gravatar.com\/avatar\/26e3f8eaf637eda33fcb3bc08e78b301?s=96&d=mm&r=g","contentUrl":"https:\/\/secure.gravatar.com\/avatar\/26e3f8eaf637eda33fcb3bc08e78b301?s=96&d=mm&r=g","caption":"admin6615"},"url":"https:\/\/ufe.org\/pays-bas\/author\/admin6615\/"}]}},"_links":{"self":[{"href":"https:\/\/ufe.org\/pays-bas\/wp-json\/wp\/v2\/posts\/3408"}],"collection":[{"href":"https:\/\/ufe.org\/pays-bas\/wp-json\/wp\/v2\/posts"}],"about":[{"href":"https:\/\/ufe.org\/pays-bas\/wp-json\/wp\/v2\/types\/post"}],"author":[{"embeddable":true,"href":"https:\/\/ufe.org\/pays-bas\/wp-json\/wp\/v2\/users\/1"}],"replies":[{"embeddable":true,"href":"https:\/\/ufe.org\/pays-bas\/wp-json\/wp\/v2\/comments?post=3408"}],"version-history":[{"count":1,"href":"https:\/\/ufe.org\/pays-bas\/wp-json\/wp\/v2\/posts\/3408\/revisions"}],"predecessor-version":[{"id":3487,"href":"https:\/\/ufe.org\/pays-bas\/wp-json\/wp\/v2\/posts\/3408\/revisions\/3487"}],"wp:featuredmedia":[{"embeddable":true,"href":"https:\/\/ufe.org\/pays-bas\/wp-json\/wp\/v2\/media\/3409"}],"wp:attachment":[{"href":"https:\/\/ufe.org\/pays-bas\/wp-json\/wp\/v2\/media?parent=3408"}],"wp:term":[{"taxonomy":"category","embeddable":true,"href":"https:\/\/ufe.org\/pays-bas\/wp-json\/wp\/v2\/categories?post=3408"},{"taxonomy":"post_tag","embeddable":true,"href":"https:\/\/ufe.org\/pays-bas\/wp-json\/wp\/v2\/tags?post=3408"}],"curies":[{"name":"wp","href":"https:\/\/api.w.org\/{rel}","templated":true}]}}