{"id":3402,"date":"2018-09-20T00:00:00","date_gmt":"2018-09-19T22:00:00","guid":{"rendered":"https:\/\/ufe.org\/juridique-fiscalite\/theatre-notre-dame-de-paris-de-victor-hugo\/"},"modified":"2021-05-27T13:52:29","modified_gmt":"2021-05-27T11:52:29","slug":"theatre-notre-dame-de-paris-de-victor-hugo","status":"publish","type":"post","link":"https:\/\/ufe.org\/pays-bas\/2018\/09\/20\/theatre-notre-dame-de-paris-de-victor-hugo\/","title":{"rendered":"Th\u00e9atre: Notre Dame de Paris de Victor Hugo"},"content":{"rendered":"<p>L&rsquo;organisation th\u00e9atrale ADG-Europe pr\u00e9sente la pi\u00e8ce Notre Dame de Paris en fran\u00e7ais \u00e0 Eindhoven et Wassenar. Cette mise en sc\u00e8ne est orient\u00e9e pour un public scolaire, mais est aussi ouverte aux adultes dans la limite des places disponibles.<\/p>\n<table style=\"width:700px\" border=\"0\" cellspacing=\"1\" cellpadding=\"1\">\n<tbody>\n<tr>\n<td><img loading=\"lazy\" decoding=\"async\" style=\"height: 175px;width: 200px\" class=\"media-element file-default\" data-delta=\"1\" alt=\"\" title=\"\" src=\"https:\/\/ufe.org\/wp-content\/uploads\/2021\/04\/image1_0.jpg\" width=\"556\" height=\"487\" \/><\/td>\n<td>La pi\u00e8ce sera donn\u00e9e \u00e0:<\/p>\n<ul>\n<li><strong>Eindhoven <\/strong>le 26 septembre \u00e0 11h et 14h au CKE , Pastoor Petersstraat 180, 5612 LW Eindhoven<\/li>\n<li><strong>Wassenaar <\/strong>le 27 septembre \u00e0 11h et 14h30 au Warenar Theater, Kerkstraat 75, 2242 HE Wassenaar<\/li>\n<\/ul>\n<\/td>\n<\/tr>\n<tr>\n<td>\u00a0<\/td>\n<td>\u00a0<\/td>\n<\/tr>\n<\/tbody>\n<\/table>\n<p>Prix des places:<\/p>\n<ul>\n<li>Entree r\u00e9duite \u00e9tablissernents scolaires 10\u20ac<\/li>\n<li>Adulte: 15\u20ac<\/li>\n<\/ul>\n<p>Dossiers p\u00e9dagogiques disponibles gratuitement<\/p>\n<h2 class=\"encadre-title\" style=\"margin-bottom: 0cm;text-align: center\">\u00a0<\/h2>\n<h2 class=\"encadre-title\" style=\"margin-bottom: 0cm;text-align: center\">Notre Dame de Paris de Victor Hugo<\/h2>\n<p style=\"margin-bottom: 0cm\">C&rsquo;est sans doute Ie roman Ie plus connu de la litterature fran\u00e7aise et pour une raison simple: Ie livre explore la condition humaine avec clart\u00e9 et empathie. Comme toujours chez Victor Hugo, nous retrouvons dans la narration un grand sens de la justice sociale et morale, en plus d&rsquo;une histoire merveilleusement cont\u00e9e et d&rsquo;un divertissement presque cin\u00e9matographique. Les personnages principaux du roman sont pass\u00e9s depuis du domaine de la litt\u00e9rature \u00e0 celui du mythe : qui n&rsquo;a jamais entendu parler du bossu Quasimodo et de son amour impossible pour la belle Esmeralda ? A l&rsquo;oppos\u00e9 de ces figures tragiques, domine la figure du diable et de l&rsquo;hypocrisie : Frollo le pr\u00eatre, assoiff\u00e9 de d\u00e9sir pour la boh\u00e9mienne qu&rsquo;iI m\u00e9prise. Le drame ne se situe pas tant \u00e0 Paris, qu&rsquo;iI n&rsquo;est celui de Paris rn\u00eame et particulierement de la cath\u00e9drale Notre-Dame. Le b\u00e2timent est un personnage central de I&rsquo;histoire et Hugo \u00e9crit une \u00e9l\u00e9gie \u00e0 ce qu&rsquo;iI voit comme une beaut\u00e9 d\u00e9clinante de la ville embl\u00e9matique, une beaut\u00e9 \u00e0 la merci de la modernit\u00e9.<\/p>\n<p style=\"margin-bottom: 0cm\">\u00a0<\/p>\n<h3 style=\"margin-bottom: 0cm\"><strong>D\u00e9tail de la Pi\u00e8ce:<\/strong><\/h3>\n<p style=\"margin-bottom: 0cm\">\u00a0<\/p>\n<table style=\"width:500px\" border=\"0\" cellspacing=\"1\" cellpadding=\"1\">\n<tbody>\n<tr>\n<td>Texte:<\/td>\n<td>Victor Hugo<\/td>\n<\/tr>\n<tr>\n<td>Adaptation\u00a0\u00a0<\/td>\n<td>Paul Stebbings<\/td>\n<\/tr>\n<tr>\n<td>Mise en scene<\/td>\n<td>Gaspard Legendre<\/td>\n<\/tr>\n<tr>\n<td>Musique\u00a0\u00a0<\/td>\n<td>John Kenny<\/td>\n<\/tr>\n<tr>\n<td>Choregraphies\u00a0\u00a0<\/td>\n<td>Eric Tessier-Lavigne<\/td>\n<\/tr>\n<tr>\n<td>Produit par\u00a0<\/td>\n<td>Grantly Marshall<\/td>\n<\/tr>\n<tr>\n<td>Diffusion\u00a0\u00a0<\/td>\n<td>Federica Parise<\/td>\n<\/tr>\n<\/tbody>\n<\/table>\n<p style=\"margin-bottom: 0cm\">\u00a0<\/p>\n<p style=\"margin-bottom: 0cm\">TNT Theatre a cr\u00e9e une troupe d&rsquo;artistes fran\u00e7ais, qui a connu un succ\u00e8s international lors des deux derni\u00e8res productions : LE PETIT PRINCE et LE MALADE IMAGINAIRE, jouant de Shanghai \u00e0 Rome, de Berlin \u00e0 Paris. Ce rn\u00earne ensemble, dirig\u00e9 par Gaspard Legendre en collaboration avec Ie directeur artistique Paul Stebbings et Ie choreqraohe Eric Tessier-Lavigne se recr\u00e9e \u00e0 nouveau pour vous pr\u00e9senter une version th\u00e9atrale du chef d&rsquo;oeuvre de Victor Hugo. Le style est audacieux, physique, visuel et rempli d&rsquo;action, La musique fait partie int\u00e9grante de la production, la langue fran\u00e7aise est claire, moderne et facile \u00e0 comprendre, sans jamais trahir l&rsquo;oeuvre originale. C&rsquo;est un th\u00e9atre dynamique, physique, visuel et avec beaucoup de charme. Nous vous invitons dans Ie monde gothique de Quasimodo et de son amour maudit, l&rsquo;une des plus belles histoires jamais cont\u00e9es.<\/p>\n<p style=\"margin-bottom: 0cm\"><img loading=\"lazy\" decoding=\"async\" class=\"media-element file-default\" data-delta=\"3\" alt=\"\" title=\"\" src=\"https:\/\/ufe.org\/wp-content\/uploads\/2021\/04\/logo_adg.jpg\" width=\"159\" height=\"115\" \/><\/p>\n<h3 style=\"margin-bottom: 0cm\">Pour plus d&rsquo;information:<\/h3>\n<ul>\n<li style=\"margin-bottom: 0cm\">site web: <a href=\"http:\/\/www.theatreallovertheworld.com\">www.theatreallovertheworld.com\u00a0<\/a> ou\u00a0 <a href=\"http:\/\/www.adg-europe.com\">www.adg-europe.com<\/a><\/li>\n<li style=\"margin-bottom: 0cm\">information sur la pi\u00e8ce: <a href=\"https:\/\/www.theatreallovertheworld.com\/notre-dame-de-paris-1\">https:\/\/www.theatreallovertheworld.com\/notre-dame-de-paris-1<\/a><\/li>\n<li style=\"margin-bottom: 0cm\">contact: <a href=\"mailto:fpariseadge@gnail.com\">Federica Parise<\/a> &#8211; ADG-Europe Pays-Bas<br \/>\u00a0<\/li>\n<\/ul>\n","protected":false},"excerpt":{"rendered":"<p>L&rsquo;organisation th\u00e9atrale ADG-Europe pr\u00e9sente la pi\u00e8ce Notre Dame de Paris en fran\u00e7ais \u00e0 Eindhoven et Wassenar&#8230;.<\/p>\n","protected":false},"author":1,"featured_media":3403,"comment_status":"closed","ping_status":"closed","sticky":false,"template":"","format":"standard","meta":{"footnotes":""},"categories":[174],"tags":[],"yoast_head":"<!-- This site is optimized with the Yoast SEO plugin v22.8 - https:\/\/yoast.com\/wordpress\/plugins\/seo\/ -->\n<title>Th\u00e9atre: Notre Dame de Paris de Victor Hugo - UFE Pays-Bas<\/title>\n<meta name=\"robots\" content=\"index, follow, max-snippet:-1, max-image-preview:large, max-video-preview:-1\" \/>\n<link rel=\"canonical\" href=\"https:\/\/ufe.org\/pays-bas\/2018\/09\/20\/theatre-notre-dame-de-paris-de-victor-hugo\/\" \/>\n<meta property=\"og:locale\" content=\"fr_FR\" \/>\n<meta property=\"og:type\" content=\"article\" \/>\n<meta property=\"og:title\" content=\"Th\u00e9atre: Notre Dame de Paris de Victor Hugo - UFE Pays-Bas\" \/>\n<meta property=\"og:description\" content=\"L&rsquo;organisation th\u00e9atrale ADG-Europe pr\u00e9sente la pi\u00e8ce Notre Dame de Paris en fran\u00e7ais \u00e0 Eindhoven et Wassenar....\" \/>\n<meta property=\"og:url\" content=\"https:\/\/ufe.org\/pays-bas\/2018\/09\/20\/theatre-notre-dame-de-paris-de-victor-hugo\/\" \/>\n<meta property=\"og:site_name\" content=\"UFE Pays-Bas\" \/>\n<meta property=\"article:published_time\" content=\"2018-09-19T22:00:00+00:00\" \/>\n<meta property=\"article:modified_time\" content=\"2021-05-27T11:52:29+00:00\" \/>\n<meta property=\"og:image\" content=\"https:\/\/ufe.org\/pays-bas\/wp-content\/uploads\/sites\/23\/2018\/09\/image.jpg\" \/>\n\t<meta property=\"og:image:width\" content=\"556\" \/>\n\t<meta property=\"og:image:height\" content=\"487\" \/>\n\t<meta property=\"og:image:type\" content=\"image\/jpeg\" \/>\n<meta name=\"author\" content=\"admin6615\" \/>\n<meta name=\"twitter:card\" content=\"summary_large_image\" \/>\n<meta name=\"twitter:label1\" content=\"\u00c9crit par\" \/>\n\t<meta name=\"twitter:data1\" content=\"admin6615\" \/>\n\t<meta name=\"twitter:label2\" content=\"Dur\u00e9e de lecture estim\u00e9e\" \/>\n\t<meta name=\"twitter:data2\" content=\"2 minutes\" \/>\n<script type=\"application\/ld+json\" class=\"yoast-schema-graph\">{\"@context\":\"https:\/\/schema.org\",\"@graph\":[{\"@type\":\"WebPage\",\"@id\":\"https:\/\/ufe.org\/pays-bas\/2018\/09\/20\/theatre-notre-dame-de-paris-de-victor-hugo\/\",\"url\":\"https:\/\/ufe.org\/pays-bas\/2018\/09\/20\/theatre-notre-dame-de-paris-de-victor-hugo\/\",\"name\":\"Th\u00e9atre: Notre Dame de Paris de Victor Hugo - UFE Pays-Bas\",\"isPartOf\":{\"@id\":\"https:\/\/ufe.org\/pays-bas\/#website\"},\"primaryImageOfPage\":{\"@id\":\"https:\/\/ufe.org\/pays-bas\/2018\/09\/20\/theatre-notre-dame-de-paris-de-victor-hugo\/#primaryimage\"},\"image\":{\"@id\":\"https:\/\/ufe.org\/pays-bas\/2018\/09\/20\/theatre-notre-dame-de-paris-de-victor-hugo\/#primaryimage\"},\"thumbnailUrl\":\"https:\/\/ufe.org\/pays-bas\/wp-content\/uploads\/sites\/23\/2018\/09\/image.jpg\",\"datePublished\":\"2018-09-19T22:00:00+00:00\",\"dateModified\":\"2021-05-27T11:52:29+00:00\",\"author\":{\"@id\":\"https:\/\/ufe.org\/pays-bas\/#\/schema\/person\/3f57002465498f8b9c05f68075731b19\"},\"breadcrumb\":{\"@id\":\"https:\/\/ufe.org\/pays-bas\/2018\/09\/20\/theatre-notre-dame-de-paris-de-victor-hugo\/#breadcrumb\"},\"inLanguage\":\"fr-FR\",\"potentialAction\":[{\"@type\":\"ReadAction\",\"target\":[\"https:\/\/ufe.org\/pays-bas\/2018\/09\/20\/theatre-notre-dame-de-paris-de-victor-hugo\/\"]}]},{\"@type\":\"ImageObject\",\"inLanguage\":\"fr-FR\",\"@id\":\"https:\/\/ufe.org\/pays-bas\/2018\/09\/20\/theatre-notre-dame-de-paris-de-victor-hugo\/#primaryimage\",\"url\":\"https:\/\/ufe.org\/pays-bas\/wp-content\/uploads\/sites\/23\/2018\/09\/image.jpg\",\"contentUrl\":\"https:\/\/ufe.org\/pays-bas\/wp-content\/uploads\/sites\/23\/2018\/09\/image.jpg\",\"width\":556,\"height\":487},{\"@type\":\"BreadcrumbList\",\"@id\":\"https:\/\/ufe.org\/pays-bas\/2018\/09\/20\/theatre-notre-dame-de-paris-de-victor-hugo\/#breadcrumb\",\"itemListElement\":[{\"@type\":\"ListItem\",\"position\":1,\"name\":\"Accueil\",\"item\":\"https:\/\/ufe.org\/pays-bas\/\"},{\"@type\":\"ListItem\",\"position\":2,\"name\":\"Th\u00e9atre: Notre Dame de Paris de Victor Hugo\"}]},{\"@type\":\"WebSite\",\"@id\":\"https:\/\/ufe.org\/pays-bas\/#website\",\"url\":\"https:\/\/ufe.org\/pays-bas\/\",\"name\":\"UFE Pays-Bas\",\"description\":\"Un site utilisant Multi site UFE\",\"potentialAction\":[{\"@type\":\"SearchAction\",\"target\":{\"@type\":\"EntryPoint\",\"urlTemplate\":\"https:\/\/ufe.org\/pays-bas\/?s={search_term_string}\"},\"query-input\":\"required name=search_term_string\"}],\"inLanguage\":\"fr-FR\"},{\"@type\":\"Person\",\"@id\":\"https:\/\/ufe.org\/pays-bas\/#\/schema\/person\/3f57002465498f8b9c05f68075731b19\",\"name\":\"admin6615\",\"image\":{\"@type\":\"ImageObject\",\"inLanguage\":\"fr-FR\",\"@id\":\"https:\/\/ufe.org\/pays-bas\/#\/schema\/person\/image\/\",\"url\":\"https:\/\/secure.gravatar.com\/avatar\/26e3f8eaf637eda33fcb3bc08e78b301?s=96&d=mm&r=g\",\"contentUrl\":\"https:\/\/secure.gravatar.com\/avatar\/26e3f8eaf637eda33fcb3bc08e78b301?s=96&d=mm&r=g\",\"caption\":\"admin6615\"},\"url\":\"https:\/\/ufe.org\/pays-bas\/author\/admin6615\/\"}]}<\/script>\n<!-- \/ Yoast SEO plugin. -->","yoast_head_json":{"title":"Th\u00e9atre: Notre Dame de Paris de Victor Hugo - UFE Pays-Bas","robots":{"index":"index","follow":"follow","max-snippet":"max-snippet:-1","max-image-preview":"max-image-preview:large","max-video-preview":"max-video-preview:-1"},"canonical":"https:\/\/ufe.org\/pays-bas\/2018\/09\/20\/theatre-notre-dame-de-paris-de-victor-hugo\/","og_locale":"fr_FR","og_type":"article","og_title":"Th\u00e9atre: Notre Dame de Paris de Victor Hugo - UFE Pays-Bas","og_description":"L&rsquo;organisation th\u00e9atrale ADG-Europe pr\u00e9sente la pi\u00e8ce Notre Dame de Paris en fran\u00e7ais \u00e0 Eindhoven et Wassenar....","og_url":"https:\/\/ufe.org\/pays-bas\/2018\/09\/20\/theatre-notre-dame-de-paris-de-victor-hugo\/","og_site_name":"UFE Pays-Bas","article_published_time":"2018-09-19T22:00:00+00:00","article_modified_time":"2021-05-27T11:52:29+00:00","og_image":[{"width":556,"height":487,"url":"https:\/\/ufe.org\/pays-bas\/wp-content\/uploads\/sites\/23\/2018\/09\/image.jpg","type":"image\/jpeg"}],"author":"admin6615","twitter_card":"summary_large_image","twitter_misc":{"\u00c9crit par":"admin6615","Dur\u00e9e de lecture estim\u00e9e":"2 minutes"},"schema":{"@context":"https:\/\/schema.org","@graph":[{"@type":"WebPage","@id":"https:\/\/ufe.org\/pays-bas\/2018\/09\/20\/theatre-notre-dame-de-paris-de-victor-hugo\/","url":"https:\/\/ufe.org\/pays-bas\/2018\/09\/20\/theatre-notre-dame-de-paris-de-victor-hugo\/","name":"Th\u00e9atre: Notre Dame de Paris de Victor Hugo - UFE Pays-Bas","isPartOf":{"@id":"https:\/\/ufe.org\/pays-bas\/#website"},"primaryImageOfPage":{"@id":"https:\/\/ufe.org\/pays-bas\/2018\/09\/20\/theatre-notre-dame-de-paris-de-victor-hugo\/#primaryimage"},"image":{"@id":"https:\/\/ufe.org\/pays-bas\/2018\/09\/20\/theatre-notre-dame-de-paris-de-victor-hugo\/#primaryimage"},"thumbnailUrl":"https:\/\/ufe.org\/pays-bas\/wp-content\/uploads\/sites\/23\/2018\/09\/image.jpg","datePublished":"2018-09-19T22:00:00+00:00","dateModified":"2021-05-27T11:52:29+00:00","author":{"@id":"https:\/\/ufe.org\/pays-bas\/#\/schema\/person\/3f57002465498f8b9c05f68075731b19"},"breadcrumb":{"@id":"https:\/\/ufe.org\/pays-bas\/2018\/09\/20\/theatre-notre-dame-de-paris-de-victor-hugo\/#breadcrumb"},"inLanguage":"fr-FR","potentialAction":[{"@type":"ReadAction","target":["https:\/\/ufe.org\/pays-bas\/2018\/09\/20\/theatre-notre-dame-de-paris-de-victor-hugo\/"]}]},{"@type":"ImageObject","inLanguage":"fr-FR","@id":"https:\/\/ufe.org\/pays-bas\/2018\/09\/20\/theatre-notre-dame-de-paris-de-victor-hugo\/#primaryimage","url":"https:\/\/ufe.org\/pays-bas\/wp-content\/uploads\/sites\/23\/2018\/09\/image.jpg","contentUrl":"https:\/\/ufe.org\/pays-bas\/wp-content\/uploads\/sites\/23\/2018\/09\/image.jpg","width":556,"height":487},{"@type":"BreadcrumbList","@id":"https:\/\/ufe.org\/pays-bas\/2018\/09\/20\/theatre-notre-dame-de-paris-de-victor-hugo\/#breadcrumb","itemListElement":[{"@type":"ListItem","position":1,"name":"Accueil","item":"https:\/\/ufe.org\/pays-bas\/"},{"@type":"ListItem","position":2,"name":"Th\u00e9atre: Notre Dame de Paris de Victor Hugo"}]},{"@type":"WebSite","@id":"https:\/\/ufe.org\/pays-bas\/#website","url":"https:\/\/ufe.org\/pays-bas\/","name":"UFE Pays-Bas","description":"Un site utilisant Multi site UFE","potentialAction":[{"@type":"SearchAction","target":{"@type":"EntryPoint","urlTemplate":"https:\/\/ufe.org\/pays-bas\/?s={search_term_string}"},"query-input":"required name=search_term_string"}],"inLanguage":"fr-FR"},{"@type":"Person","@id":"https:\/\/ufe.org\/pays-bas\/#\/schema\/person\/3f57002465498f8b9c05f68075731b19","name":"admin6615","image":{"@type":"ImageObject","inLanguage":"fr-FR","@id":"https:\/\/ufe.org\/pays-bas\/#\/schema\/person\/image\/","url":"https:\/\/secure.gravatar.com\/avatar\/26e3f8eaf637eda33fcb3bc08e78b301?s=96&d=mm&r=g","contentUrl":"https:\/\/secure.gravatar.com\/avatar\/26e3f8eaf637eda33fcb3bc08e78b301?s=96&d=mm&r=g","caption":"admin6615"},"url":"https:\/\/ufe.org\/pays-bas\/author\/admin6615\/"}]}},"_links":{"self":[{"href":"https:\/\/ufe.org\/pays-bas\/wp-json\/wp\/v2\/posts\/3402"}],"collection":[{"href":"https:\/\/ufe.org\/pays-bas\/wp-json\/wp\/v2\/posts"}],"about":[{"href":"https:\/\/ufe.org\/pays-bas\/wp-json\/wp\/v2\/types\/post"}],"author":[{"embeddable":true,"href":"https:\/\/ufe.org\/pays-bas\/wp-json\/wp\/v2\/users\/1"}],"replies":[{"embeddable":true,"href":"https:\/\/ufe.org\/pays-bas\/wp-json\/wp\/v2\/comments?post=3402"}],"version-history":[{"count":1,"href":"https:\/\/ufe.org\/pays-bas\/wp-json\/wp\/v2\/posts\/3402\/revisions"}],"predecessor-version":[{"id":3484,"href":"https:\/\/ufe.org\/pays-bas\/wp-json\/wp\/v2\/posts\/3402\/revisions\/3484"}],"wp:featuredmedia":[{"embeddable":true,"href":"https:\/\/ufe.org\/pays-bas\/wp-json\/wp\/v2\/media\/3403"}],"wp:attachment":[{"href":"https:\/\/ufe.org\/pays-bas\/wp-json\/wp\/v2\/media?parent=3402"}],"wp:term":[{"taxonomy":"category","embeddable":true,"href":"https:\/\/ufe.org\/pays-bas\/wp-json\/wp\/v2\/categories?post=3402"},{"taxonomy":"post_tag","embeddable":true,"href":"https:\/\/ufe.org\/pays-bas\/wp-json\/wp\/v2\/tags?post=3402"}],"curies":[{"name":"wp","href":"https:\/\/api.w.org\/{rel}","templated":true}]}}