{"id":3400,"date":"2019-01-30T00:00:00","date_gmt":"2019-01-29T23:00:00","guid":{"rendered":"https:\/\/ufe.org\/juridique-fiscalite\/lunion-des-francais-de-letranger-vous-invite-participer-au-grand-debat-national-aux-pays-bas\/"},"modified":"2021-05-27T13:52:29","modified_gmt":"2021-05-27T11:52:29","slug":"lunion-des-francais-de-letranger-vous-invite-participer-au-grand-debat-national-aux-pays-bas","status":"publish","type":"post","link":"https:\/\/ufe.org\/pays-bas\/2019\/01\/30\/lunion-des-francais-de-letranger-vous-invite-participer-au-grand-debat-national-aux-pays-bas\/","title":{"rendered":"L\u2019Union des Fran\u00e7ais de l\u2019\u00c9tranger vous invite \u00e0 participer au grand d\u00e9bat national aux Pays-Bas"},"content":{"rendered":"<p>Le 10 d\u00e9cembre dernier, le pr\u00e9sident de la R\u00e9publique a annonc\u00e9, comme vous le savez, le lancement d&rsquo;un Grand D\u00e9bat National (GDN). Dans sa <a href=\"https:\/\/www.elysee.fr\/emmanuel-macron\/2019\/01\/13\/lettre-aux-francais\">Lettre aux Fran\u00e7ais<\/a> (site WEB: <a href=\"https:\/\/www.elysee.fr\/emmanuel-macron\/2019\/01\/13\/lettre-aux-francais\">https:\/\/www.elysee.fr\/emmanuel-macron\/2019\/01\/13\/lettre-aux-francais<\/a>) du 14 janvier 2019, le Chef de l&rsquo;Etat en a pr\u00e9cis\u00e9 les th\u00e8mes qui lui paraissent d\u00e9terminants pour notre pays (d\u00e9pense et action publique ; organisation de l&rsquo;Etat et des collectivit\u00e9s ; transition \u00e9cologique ; d\u00e9mocratie et citoyennet\u00e9).<\/p>\n<div>\n<p>L&rsquo;Union des Fran\u00e7ais de l&rsquo;Etranger (UFE), section des Pays-Bas, association reconnue d&rsquo;utilit\u00e9 publique, souhaite susciter et nourrir le d\u00e9bat dans notre pays d&rsquo;accueil. Nous vous invitons \u00e0 l&rsquo;une des\u00a0 r\u00e9unions publiques qui se tiendront<\/p>\n<ul>\n<li>soit \u00e0 La Haye, le mercredi 13 f\u00e9vrier, de 18h \u00e0 20h<\/li>\n<li>soit \u00e0 Eindhoven, le samedi 16 f\u00e9vrier de 16h \u00e0 18h<\/li>\n<\/ul>\n<\/div>\n<p>\u00a0<\/p>\n<p>Le 10 d\u00e9cembre dernier, le pr\u00e9sident de la R\u00e9publique a annonc\u00e9, comme vous le savez, le lancement d&rsquo;un Grand D\u00e9bat National (GDN). Dans sa\u00a0<a href=\"https:\/\/www.elysee.fr\/emmanuel-macron\/2019\/01\/13\/lettre-aux-francais\">Lettre aux Fran\u00e7ais<\/a>\u00a0(site WEB:\u00a0<a href=\"https:\/\/www.elysee.fr\/emmanuel-macron\/2019\/01\/13\/lettre-aux-francais\">https:\/\/www.elysee.fr\/emmanuel-macron\/2019\/01\/13\/lettre-aux-francais<\/a>) du 14 janvier 2019, le Chef de l&rsquo;Etat en a pr\u00e9cis\u00e9 les th\u00e8mes qui lui paraissent d\u00e9terminants pour notre pays (d\u00e9pense et action publique ; organisation de l&rsquo;Etat et des collectivit\u00e9s ; transition \u00e9cologique ; d\u00e9mocratie et citoyennet\u00e9).<\/p>\n<div>\n<p>L&rsquo;Union des Fran\u00e7ais de l&rsquo;Etranger (UFE), section des Pays-Bas, association reconnue d&rsquo;utilit\u00e9 publique, souhaite susciter et nourrir le d\u00e9bat dans notre pays d&rsquo;accueil. Nous vous invitons \u00e0 l&rsquo;une des\u00a0 r\u00e9unions publiques qui se tiendront<\/p>\n<ul>\n<li>soit \u00e0 La Haye, le mercredi 13 f\u00e9vrier, de 18h \u00e0 20h<\/li>\n<li>soit \u00e0 Eindhoven, le samedi 16 f\u00e9vrier de 16h \u00e0 18h<\/li>\n<\/ul>\n<div>Si vous souhaitez participer \u00e0 l&rsquo;un de ces d\u00e9bats, sachant que le nombre de places est limit\u00e9 du fait de la taille des salles, veuillez vous inscrire\u00a0<\/div>\n<ul>\n<li>pour\u00a0 La Haye avant le 6 f\u00e9vrier aupr\u00e8s de Mr <a href=\"mailto:francois_boubal@hotmail.com?subject=inscription%20au%20Grand%20D%C3%A9bat%20National%20%C3%A0%20La%20Haye\">Boubal<\/a>,\u00a0<\/li>\n<li>pour Eindhoven avant le 12 f\u00e9vrier aupr\u00e8s de Mme <a href=\"mailto:brigitte.steppe@onsbrabantnet.nl?subject=inscription%20au%20Grand%20D%C3%A9bat%20National%20%C3%A0%20Eindhoven\">Stepp\u00e9<\/a>,\u00a0\u00a0<\/li>\n<\/ul>\n<div>\u00a0<\/div>\n<div>A la r\u00e9ception de votre inscription nous prendrons contact avec vous.\u00a0<\/div>\n<div>\u00a0<\/div>\n<div>Vos questions peuvent faire partie des axes fix\u00e9s par le Pr\u00e9sident, mais elle peuvent bien-entendu aborder d&rsquo;autres th\u00e8mes, notamment des questions plus particuli\u00e8res aux Fran\u00e7ais expatri\u00e9s.<\/div>\n<div>\u00a0<\/div>\n<div>Dans le cas o\u00f9 vous ne pourriez pas participer \u00e0 l&rsquo;un des d\u00e9bats, vous pouvez toujours faire entendre votre voix en renvoyant vos contributions par courriel \u00e0 l&rsquo;adresse <a href=\"mailto:debat.ufe.paysbas@gmail.com\">debat.ufe.paysbas@gmail.com<\/a>. Nous agr\u00e9gerons vos r\u00e9ponses avec les conclusions des d\u00e9bats.<\/div>\n<div>\u00a0<\/div>\n<div>\u00a0<\/div>\n<div>Dans l&rsquo;attente de rencontrer le plus grand nombre d&rsquo;entre vous,\u00a0<\/div>\n<div>\u00a0<\/div>\n<div>Cordialement<\/div>\n<div>Le bureau de l&rsquo;UFE Pays-Bas<\/div>\n<\/div>\n<p>\u00a0<\/p>\n","protected":false},"excerpt":{"rendered":"<p>Le 10 d\u00e9cembre dernier, le pr\u00e9sident de la R\u00e9publique a annonc\u00e9, comme vous le savez, le&#8230;<\/p>\n","protected":false},"author":1,"featured_media":3401,"comment_status":"closed","ping_status":"closed","sticky":false,"template":"","format":"standard","meta":{"footnotes":""},"categories":[174],"tags":[],"yoast_head":"<!-- This site is optimized with the Yoast SEO plugin v22.8 - https:\/\/yoast.com\/wordpress\/plugins\/seo\/ -->\n<title>L\u2019Union des Fran\u00e7ais de l\u2019\u00c9tranger vous invite \u00e0 participer au grand d\u00e9bat national aux Pays-Bas - UFE Pays-Bas<\/title>\n<meta name=\"robots\" content=\"index, follow, max-snippet:-1, max-image-preview:large, max-video-preview:-1\" \/>\n<link rel=\"canonical\" href=\"https:\/\/ufe.org\/pays-bas\/2019\/01\/30\/lunion-des-francais-de-letranger-vous-invite-participer-au-grand-debat-national-aux-pays-bas\/\" \/>\n<meta property=\"og:locale\" content=\"fr_FR\" \/>\n<meta property=\"og:type\" content=\"article\" \/>\n<meta property=\"og:title\" content=\"L\u2019Union des Fran\u00e7ais de l\u2019\u00c9tranger vous invite \u00e0 participer au grand d\u00e9bat national aux Pays-Bas - UFE Pays-Bas\" \/>\n<meta property=\"og:description\" content=\"Le 10 d\u00e9cembre dernier, le pr\u00e9sident de la R\u00e9publique a annonc\u00e9, comme vous le savez, le...\" \/>\n<meta property=\"og:url\" content=\"https:\/\/ufe.org\/pays-bas\/2019\/01\/30\/lunion-des-francais-de-letranger-vous-invite-participer-au-grand-debat-national-aux-pays-bas\/\" \/>\n<meta property=\"og:site_name\" content=\"UFE Pays-Bas\" \/>\n<meta property=\"article:published_time\" content=\"2019-01-29T23:00:00+00:00\" \/>\n<meta property=\"article:modified_time\" content=\"2021-05-27T11:52:29+00:00\" \/>\n<meta property=\"og:image\" content=\"https:\/\/ufe.org\/pays-bas\/wp-content\/uploads\/sites\/23\/2019\/01\/consulting_v.png\" \/>\n\t<meta property=\"og:image:width\" content=\"770\" \/>\n\t<meta property=\"og:image:height\" content=\"448\" \/>\n\t<meta property=\"og:image:type\" content=\"image\/png\" \/>\n<meta name=\"author\" content=\"admin6615\" \/>\n<meta name=\"twitter:card\" content=\"summary_large_image\" \/>\n<meta name=\"twitter:label1\" content=\"\u00c9crit par\" \/>\n\t<meta name=\"twitter:data1\" content=\"admin6615\" \/>\n\t<meta name=\"twitter:label2\" content=\"Dur\u00e9e de lecture estim\u00e9e\" \/>\n\t<meta name=\"twitter:data2\" content=\"2 minutes\" \/>\n<script type=\"application\/ld+json\" class=\"yoast-schema-graph\">{\"@context\":\"https:\/\/schema.org\",\"@graph\":[{\"@type\":\"WebPage\",\"@id\":\"https:\/\/ufe.org\/pays-bas\/2019\/01\/30\/lunion-des-francais-de-letranger-vous-invite-participer-au-grand-debat-national-aux-pays-bas\/\",\"url\":\"https:\/\/ufe.org\/pays-bas\/2019\/01\/30\/lunion-des-francais-de-letranger-vous-invite-participer-au-grand-debat-national-aux-pays-bas\/\",\"name\":\"L\u2019Union des Fran\u00e7ais de l\u2019\u00c9tranger vous invite \u00e0 participer au grand d\u00e9bat national aux Pays-Bas - UFE Pays-Bas\",\"isPartOf\":{\"@id\":\"https:\/\/ufe.org\/pays-bas\/#website\"},\"primaryImageOfPage\":{\"@id\":\"https:\/\/ufe.org\/pays-bas\/2019\/01\/30\/lunion-des-francais-de-letranger-vous-invite-participer-au-grand-debat-national-aux-pays-bas\/#primaryimage\"},\"image\":{\"@id\":\"https:\/\/ufe.org\/pays-bas\/2019\/01\/30\/lunion-des-francais-de-letranger-vous-invite-participer-au-grand-debat-national-aux-pays-bas\/#primaryimage\"},\"thumbnailUrl\":\"https:\/\/ufe.org\/pays-bas\/wp-content\/uploads\/sites\/23\/2019\/01\/consulting_v.png\",\"datePublished\":\"2019-01-29T23:00:00+00:00\",\"dateModified\":\"2021-05-27T11:52:29+00:00\",\"author\":{\"@id\":\"https:\/\/ufe.org\/pays-bas\/#\/schema\/person\/3f57002465498f8b9c05f68075731b19\"},\"breadcrumb\":{\"@id\":\"https:\/\/ufe.org\/pays-bas\/2019\/01\/30\/lunion-des-francais-de-letranger-vous-invite-participer-au-grand-debat-national-aux-pays-bas\/#breadcrumb\"},\"inLanguage\":\"fr-FR\",\"potentialAction\":[{\"@type\":\"ReadAction\",\"target\":[\"https:\/\/ufe.org\/pays-bas\/2019\/01\/30\/lunion-des-francais-de-letranger-vous-invite-participer-au-grand-debat-national-aux-pays-bas\/\"]}]},{\"@type\":\"ImageObject\",\"inLanguage\":\"fr-FR\",\"@id\":\"https:\/\/ufe.org\/pays-bas\/2019\/01\/30\/lunion-des-francais-de-letranger-vous-invite-participer-au-grand-debat-national-aux-pays-bas\/#primaryimage\",\"url\":\"https:\/\/ufe.org\/pays-bas\/wp-content\/uploads\/sites\/23\/2019\/01\/consulting_v.png\",\"contentUrl\":\"https:\/\/ufe.org\/pays-bas\/wp-content\/uploads\/sites\/23\/2019\/01\/consulting_v.png\",\"width\":770,\"height\":448},{\"@type\":\"BreadcrumbList\",\"@id\":\"https:\/\/ufe.org\/pays-bas\/2019\/01\/30\/lunion-des-francais-de-letranger-vous-invite-participer-au-grand-debat-national-aux-pays-bas\/#breadcrumb\",\"itemListElement\":[{\"@type\":\"ListItem\",\"position\":1,\"name\":\"Accueil\",\"item\":\"https:\/\/ufe.org\/pays-bas\/\"},{\"@type\":\"ListItem\",\"position\":2,\"name\":\"L\u2019Union des Fran\u00e7ais de l\u2019\u00c9tranger vous invite \u00e0 participer au grand d\u00e9bat national aux Pays-Bas\"}]},{\"@type\":\"WebSite\",\"@id\":\"https:\/\/ufe.org\/pays-bas\/#website\",\"url\":\"https:\/\/ufe.org\/pays-bas\/\",\"name\":\"UFE Pays-Bas\",\"description\":\"Un site utilisant Multi site UFE\",\"potentialAction\":[{\"@type\":\"SearchAction\",\"target\":{\"@type\":\"EntryPoint\",\"urlTemplate\":\"https:\/\/ufe.org\/pays-bas\/?s={search_term_string}\"},\"query-input\":\"required name=search_term_string\"}],\"inLanguage\":\"fr-FR\"},{\"@type\":\"Person\",\"@id\":\"https:\/\/ufe.org\/pays-bas\/#\/schema\/person\/3f57002465498f8b9c05f68075731b19\",\"name\":\"admin6615\",\"image\":{\"@type\":\"ImageObject\",\"inLanguage\":\"fr-FR\",\"@id\":\"https:\/\/ufe.org\/pays-bas\/#\/schema\/person\/image\/\",\"url\":\"https:\/\/secure.gravatar.com\/avatar\/26e3f8eaf637eda33fcb3bc08e78b301?s=96&d=mm&r=g\",\"contentUrl\":\"https:\/\/secure.gravatar.com\/avatar\/26e3f8eaf637eda33fcb3bc08e78b301?s=96&d=mm&r=g\",\"caption\":\"admin6615\"},\"url\":\"https:\/\/ufe.org\/pays-bas\/author\/admin6615\/\"}]}<\/script>\n<!-- \/ Yoast SEO plugin. -->","yoast_head_json":{"title":"L\u2019Union des Fran\u00e7ais de l\u2019\u00c9tranger vous invite \u00e0 participer au grand d\u00e9bat national aux Pays-Bas - UFE Pays-Bas","robots":{"index":"index","follow":"follow","max-snippet":"max-snippet:-1","max-image-preview":"max-image-preview:large","max-video-preview":"max-video-preview:-1"},"canonical":"https:\/\/ufe.org\/pays-bas\/2019\/01\/30\/lunion-des-francais-de-letranger-vous-invite-participer-au-grand-debat-national-aux-pays-bas\/","og_locale":"fr_FR","og_type":"article","og_title":"L\u2019Union des Fran\u00e7ais de l\u2019\u00c9tranger vous invite \u00e0 participer au grand d\u00e9bat national aux Pays-Bas - UFE Pays-Bas","og_description":"Le 10 d\u00e9cembre dernier, le pr\u00e9sident de la R\u00e9publique a annonc\u00e9, comme vous le savez, le...","og_url":"https:\/\/ufe.org\/pays-bas\/2019\/01\/30\/lunion-des-francais-de-letranger-vous-invite-participer-au-grand-debat-national-aux-pays-bas\/","og_site_name":"UFE Pays-Bas","article_published_time":"2019-01-29T23:00:00+00:00","article_modified_time":"2021-05-27T11:52:29+00:00","og_image":[{"width":770,"height":448,"url":"https:\/\/ufe.org\/pays-bas\/wp-content\/uploads\/sites\/23\/2019\/01\/consulting_v.png","type":"image\/png"}],"author":"admin6615","twitter_card":"summary_large_image","twitter_misc":{"\u00c9crit par":"admin6615","Dur\u00e9e de lecture estim\u00e9e":"2 minutes"},"schema":{"@context":"https:\/\/schema.org","@graph":[{"@type":"WebPage","@id":"https:\/\/ufe.org\/pays-bas\/2019\/01\/30\/lunion-des-francais-de-letranger-vous-invite-participer-au-grand-debat-national-aux-pays-bas\/","url":"https:\/\/ufe.org\/pays-bas\/2019\/01\/30\/lunion-des-francais-de-letranger-vous-invite-participer-au-grand-debat-national-aux-pays-bas\/","name":"L\u2019Union des Fran\u00e7ais de l\u2019\u00c9tranger vous invite \u00e0 participer au grand d\u00e9bat national aux Pays-Bas - UFE Pays-Bas","isPartOf":{"@id":"https:\/\/ufe.org\/pays-bas\/#website"},"primaryImageOfPage":{"@id":"https:\/\/ufe.org\/pays-bas\/2019\/01\/30\/lunion-des-francais-de-letranger-vous-invite-participer-au-grand-debat-national-aux-pays-bas\/#primaryimage"},"image":{"@id":"https:\/\/ufe.org\/pays-bas\/2019\/01\/30\/lunion-des-francais-de-letranger-vous-invite-participer-au-grand-debat-national-aux-pays-bas\/#primaryimage"},"thumbnailUrl":"https:\/\/ufe.org\/pays-bas\/wp-content\/uploads\/sites\/23\/2019\/01\/consulting_v.png","datePublished":"2019-01-29T23:00:00+00:00","dateModified":"2021-05-27T11:52:29+00:00","author":{"@id":"https:\/\/ufe.org\/pays-bas\/#\/schema\/person\/3f57002465498f8b9c05f68075731b19"},"breadcrumb":{"@id":"https:\/\/ufe.org\/pays-bas\/2019\/01\/30\/lunion-des-francais-de-letranger-vous-invite-participer-au-grand-debat-national-aux-pays-bas\/#breadcrumb"},"inLanguage":"fr-FR","potentialAction":[{"@type":"ReadAction","target":["https:\/\/ufe.org\/pays-bas\/2019\/01\/30\/lunion-des-francais-de-letranger-vous-invite-participer-au-grand-debat-national-aux-pays-bas\/"]}]},{"@type":"ImageObject","inLanguage":"fr-FR","@id":"https:\/\/ufe.org\/pays-bas\/2019\/01\/30\/lunion-des-francais-de-letranger-vous-invite-participer-au-grand-debat-national-aux-pays-bas\/#primaryimage","url":"https:\/\/ufe.org\/pays-bas\/wp-content\/uploads\/sites\/23\/2019\/01\/consulting_v.png","contentUrl":"https:\/\/ufe.org\/pays-bas\/wp-content\/uploads\/sites\/23\/2019\/01\/consulting_v.png","width":770,"height":448},{"@type":"BreadcrumbList","@id":"https:\/\/ufe.org\/pays-bas\/2019\/01\/30\/lunion-des-francais-de-letranger-vous-invite-participer-au-grand-debat-national-aux-pays-bas\/#breadcrumb","itemListElement":[{"@type":"ListItem","position":1,"name":"Accueil","item":"https:\/\/ufe.org\/pays-bas\/"},{"@type":"ListItem","position":2,"name":"L\u2019Union des Fran\u00e7ais de l\u2019\u00c9tranger vous invite \u00e0 participer au grand d\u00e9bat national aux Pays-Bas"}]},{"@type":"WebSite","@id":"https:\/\/ufe.org\/pays-bas\/#website","url":"https:\/\/ufe.org\/pays-bas\/","name":"UFE Pays-Bas","description":"Un site utilisant Multi site UFE","potentialAction":[{"@type":"SearchAction","target":{"@type":"EntryPoint","urlTemplate":"https:\/\/ufe.org\/pays-bas\/?s={search_term_string}"},"query-input":"required name=search_term_string"}],"inLanguage":"fr-FR"},{"@type":"Person","@id":"https:\/\/ufe.org\/pays-bas\/#\/schema\/person\/3f57002465498f8b9c05f68075731b19","name":"admin6615","image":{"@type":"ImageObject","inLanguage":"fr-FR","@id":"https:\/\/ufe.org\/pays-bas\/#\/schema\/person\/image\/","url":"https:\/\/secure.gravatar.com\/avatar\/26e3f8eaf637eda33fcb3bc08e78b301?s=96&d=mm&r=g","contentUrl":"https:\/\/secure.gravatar.com\/avatar\/26e3f8eaf637eda33fcb3bc08e78b301?s=96&d=mm&r=g","caption":"admin6615"},"url":"https:\/\/ufe.org\/pays-bas\/author\/admin6615\/"}]}},"_links":{"self":[{"href":"https:\/\/ufe.org\/pays-bas\/wp-json\/wp\/v2\/posts\/3400"}],"collection":[{"href":"https:\/\/ufe.org\/pays-bas\/wp-json\/wp\/v2\/posts"}],"about":[{"href":"https:\/\/ufe.org\/pays-bas\/wp-json\/wp\/v2\/types\/post"}],"author":[{"embeddable":true,"href":"https:\/\/ufe.org\/pays-bas\/wp-json\/wp\/v2\/users\/1"}],"replies":[{"embeddable":true,"href":"https:\/\/ufe.org\/pays-bas\/wp-json\/wp\/v2\/comments?post=3400"}],"version-history":[{"count":1,"href":"https:\/\/ufe.org\/pays-bas\/wp-json\/wp\/v2\/posts\/3400\/revisions"}],"predecessor-version":[{"id":3482,"href":"https:\/\/ufe.org\/pays-bas\/wp-json\/wp\/v2\/posts\/3400\/revisions\/3482"}],"wp:featuredmedia":[{"embeddable":true,"href":"https:\/\/ufe.org\/pays-bas\/wp-json\/wp\/v2\/media\/3401"}],"wp:attachment":[{"href":"https:\/\/ufe.org\/pays-bas\/wp-json\/wp\/v2\/media?parent=3400"}],"wp:term":[{"taxonomy":"category","embeddable":true,"href":"https:\/\/ufe.org\/pays-bas\/wp-json\/wp\/v2\/categories?post=3400"},{"taxonomy":"post_tag","embeddable":true,"href":"https:\/\/ufe.org\/pays-bas\/wp-json\/wp\/v2\/tags?post=3400"}],"curies":[{"name":"wp","href":"https:\/\/api.w.org\/{rel}","templated":true}]}}