{"id":3385,"date":"2020-05-07T00:00:00","date_gmt":"2020-05-06T22:00:00","guid":{"rendered":"https:\/\/ufe.org\/juridique-fiscalite\/assouplissement-du-confinement-aux-pays-bas-partir-du-11-mai-les-nouvelles-regles\/"},"modified":"2021-05-27T13:52:02","modified_gmt":"2021-05-27T11:52:02","slug":"assouplissement-du-confinement-aux-pays-bas-partir-du-11-mai-les-nouvelles-regles","status":"publish","type":"post","link":"https:\/\/ufe.org\/pays-bas\/2020\/05\/07\/assouplissement-du-confinement-aux-pays-bas-partir-du-11-mai-les-nouvelles-regles\/","title":{"rendered":"Assouplissement du Confinement aux Pays-Bas \u00e0 partir du 11 mai: les nouvelles r\u00e8gles."},"content":{"rendered":"<div>Suite au discours du premier ministre Mark Rutte aux Pays-Bas,\u00a0 nous pouvons nous donner un peu plus d&rsquo;espace aux Pays-Bas \u00e0 partir du lundi 11 mai,\u00a0tout en ma\u00eetrisant le virus corona. Le respect des r\u00e8gles de base les plus importantes est plus important que jamais.<\/div>\n<div>\u00a0<\/div>\n<div>\u00a0<\/div>\n<div>\u00a0<\/div>\n<div>A partir du lundi 11 mai, nous pouvons nous donner un peu plus d&rsquo;espace aux Pays-Bas, tout en ma\u00eetrisant le virus corona. Le respect des r\u00e8gles de base les plus importantes est plus important que jamais.<\/div>\n<div>\n<table border=\"0\" cellpadding=\"1\" cellspacing=\"1\" style=\"width:600px;\">\n<tbody>\n<tr>\n<td><img loading=\"lazy\" decoding=\"async\" style=\"height: 200px; width: 200px;\" class=\"media-element file-default\" data-delta=\"1\" alt=\"\" title=\"\" typeof=\"foaf:Image\" src=\"https:\/\/ufe.org\/wp-content\/uploads\/2021\/04\/20n1_chapufe_nl_v4_html_m9ebb58a_0.png\" width=\"1280\" height=\"1280\" \/><\/td>\n<td>\n<p>Par cons\u00e9quent, ce qui suit s&rsquo;applique \u00e0 tout le monde:<\/p>\n<ul>\n<li>Lavez-vous souvent les mains.<\/li>\n<li>Toussez et \u00e9ternuez \u00e0 l&rsquo;int\u00e9rieur de votre coude.<\/li>\n<li>Utilisez du papier de soie pour vous moucher, puis jetez-le.<\/li>\n<li>Ne vous serrez pas la main.<\/li>\n<li>Gardez 1,5 m\u00e8tre (2 longueurs de bras) des autres.<\/li>\n<li>Travaillez \u00e0 la maison autant que possible<\/li>\n<li>\u00a0<\/li>\n<\/ul>\n<\/td>\n<\/tr>\n<tr>\n<td>\u00a0<\/td>\n<td>\u00a0<\/td>\n<\/tr>\n<\/tbody>\n<\/table>\n<p>\u00a0<\/p>\n<p>Ci-dessous une image donnant les \u00e9tapes pr\u00e9vues pour le d\u00e9confinement (cette image est sur le site du gouverenement en fin de l&rsquo;article):\u00a0\u00a0<\/p>\n<p>On trouve aussi ces informations maintenant sur le site de <a href=\"http:\/\/nl.ambafrance.org\/Coronavirus-COVID-19-Situation-aux-Pays-Bas?var_mode=calcul&#038;fbclid=IwAR2ZJCxTgRmsWvfXW4Hv13LGEiPN7h6bWTcLw93HkfIi9ewXAVDzGujvudE#Point-de-situation-aux-Pays-Bas-6-mai-2020\">l&rsquo;ambassade de France aux Pays-Bas<\/a>:\u00a0<\/p>\n<p><img loading=\"lazy\" decoding=\"async\" style=\"height: 813px; width: 650px;\" class=\"media-element file-default\" data-delta=\"2\" alt=\"\" title=\"\" typeof=\"foaf:Image\" src=\"https:\/\/ufe.org\/wp-content\/uploads\/2021\/04\/200511_stapbujstap_coronairus.jpg\" width=\"768\" height=\"960\" \/><\/p>\n<p>\u00a0<\/p>\n<\/div>\n<div>\n<div>Plus de d\u00e9tails en N\u00e9erlandais \u00e0 la <a href=\"https:\/\/www.rijksoverheid.nl\/actueel\/nieuws\/2020\/05\/06\/vermijd-drukte-houd-15-meter-afstand?fbclid=IwAR2d3ADBK-3wyZzVJZx5O2nzvWvBIwSzEl9YdcE9o_xVuaL6yGsnp6U_hFg\">page\u00a0 du gouvernement: <\/a>:\u00a0<\/div>\n<div><a href=\"https:\/\/www.rijksoverheid.nl\/actueel\/nieuws\/2020\/05\/06\/vermijd-drukte-houd-15-meter-afstand?fbclid=IwAR2d3ADBK-3wyZzVJZx5O2nzvWvBIwSzEl9YdcE9o_xVuaL6yGsnp6U_hFg\">https:\/\/www.rijksoverheid.nl\/actueel\/nieuws\/2020\/05\/06\/vermijd-drukte-houd-15-meter-afstand?fbclid=IwAR2d3ADBK-3wyZzVJZx5O2nzvWvBIwSzEl9YdcE9o_xVuaL6yGsnp6U_hFg<\/a><\/div>\n<\/div>\n<div>\u00a0<\/div>\n<div>Il est \u00e9galement possible de trouver le discours (en n\u00e9erlandais) du 1er Ministre Mark Rutte \u00e0 la <a href=\"https:\/\/www.rijksoverheid.nl\/documenten\/vragen-en-antwoorden\/de-persconferentie-van-6-mei-in-eenvoudige-taal\">page\u00a0 suivante:<\/a><\/div>\n<div><a href=\"https:\/\/www.rijksoverheid.nl\/documenten\/vragen-en-antwoorden\/de-persconferentie-van-6-mei-in-eenvoudige-taal\">https:\/\/www.rijksoverheid.nl\/documenten\/vragen-en-antwoorden\/de-persconferentie-van-6-mei-in-eenvoudige-taal<\/a><\/div>\n<div>\u00a0<\/div>\n<div>\u00a0<\/div>\n","protected":false},"excerpt":{"rendered":"<p>Suite au discours du premier ministre Mark Rutte aux Pays-Bas,\u00a0 nous pouvons nous donner un peu&#8230;<\/p>\n","protected":false},"author":1,"featured_media":0,"comment_status":"closed","ping_status":"closed","sticky":false,"template":"","format":"standard","meta":{"footnotes":""},"categories":[174],"tags":[],"yoast_head":"<!-- This site is optimized with the Yoast SEO plugin v22.8 - https:\/\/yoast.com\/wordpress\/plugins\/seo\/ -->\n<title>Assouplissement du Confinement aux Pays-Bas \u00e0 partir du 11 mai: les nouvelles r\u00e8gles. - UFE Pays-Bas<\/title>\n<meta name=\"robots\" content=\"index, follow, max-snippet:-1, max-image-preview:large, max-video-preview:-1\" \/>\n<link rel=\"canonical\" href=\"https:\/\/ufe.org\/pays-bas\/2020\/05\/07\/assouplissement-du-confinement-aux-pays-bas-partir-du-11-mai-les-nouvelles-regles\/\" \/>\n<meta property=\"og:locale\" content=\"fr_FR\" \/>\n<meta property=\"og:type\" content=\"article\" \/>\n<meta property=\"og:title\" content=\"Assouplissement du Confinement aux Pays-Bas \u00e0 partir du 11 mai: les nouvelles r\u00e8gles. - UFE Pays-Bas\" \/>\n<meta property=\"og:description\" content=\"Suite au discours du premier ministre Mark Rutte aux Pays-Bas,\u00a0 nous pouvons nous donner un peu...\" \/>\n<meta property=\"og:url\" content=\"https:\/\/ufe.org\/pays-bas\/2020\/05\/07\/assouplissement-du-confinement-aux-pays-bas-partir-du-11-mai-les-nouvelles-regles\/\" \/>\n<meta property=\"og:site_name\" content=\"UFE Pays-Bas\" \/>\n<meta property=\"article:published_time\" content=\"2020-05-06T22:00:00+00:00\" \/>\n<meta property=\"article:modified_time\" content=\"2021-05-27T11:52:02+00:00\" \/>\n<meta property=\"og:image\" content=\"https:\/\/ufe.org\/wp-content\/uploads\/2021\/04\/20n1_chapufe_nl_v4_html_m9ebb58a_0.png\" \/>\n<meta name=\"author\" content=\"admin6615\" \/>\n<meta name=\"twitter:card\" content=\"summary_large_image\" \/>\n<meta name=\"twitter:label1\" content=\"\u00c9crit par\" \/>\n\t<meta name=\"twitter:data1\" content=\"admin6615\" \/>\n\t<meta name=\"twitter:label2\" content=\"Dur\u00e9e de lecture estim\u00e9e\" \/>\n\t<meta name=\"twitter:data2\" content=\"1 minute\" \/>\n<script type=\"application\/ld+json\" class=\"yoast-schema-graph\">{\"@context\":\"https:\/\/schema.org\",\"@graph\":[{\"@type\":\"WebPage\",\"@id\":\"https:\/\/ufe.org\/pays-bas\/2020\/05\/07\/assouplissement-du-confinement-aux-pays-bas-partir-du-11-mai-les-nouvelles-regles\/\",\"url\":\"https:\/\/ufe.org\/pays-bas\/2020\/05\/07\/assouplissement-du-confinement-aux-pays-bas-partir-du-11-mai-les-nouvelles-regles\/\",\"name\":\"Assouplissement du Confinement aux Pays-Bas \u00e0 partir du 11 mai: les nouvelles r\u00e8gles. - UFE Pays-Bas\",\"isPartOf\":{\"@id\":\"https:\/\/ufe.org\/pays-bas\/#website\"},\"primaryImageOfPage\":{\"@id\":\"https:\/\/ufe.org\/pays-bas\/2020\/05\/07\/assouplissement-du-confinement-aux-pays-bas-partir-du-11-mai-les-nouvelles-regles\/#primaryimage\"},\"image\":{\"@id\":\"https:\/\/ufe.org\/pays-bas\/2020\/05\/07\/assouplissement-du-confinement-aux-pays-bas-partir-du-11-mai-les-nouvelles-regles\/#primaryimage\"},\"thumbnailUrl\":\"https:\/\/ufe.org\/wp-content\/uploads\/2021\/04\/20n1_chapufe_nl_v4_html_m9ebb58a_0.png\",\"datePublished\":\"2020-05-06T22:00:00+00:00\",\"dateModified\":\"2021-05-27T11:52:02+00:00\",\"author\":{\"@id\":\"https:\/\/ufe.org\/pays-bas\/#\/schema\/person\/3f57002465498f8b9c05f68075731b19\"},\"breadcrumb\":{\"@id\":\"https:\/\/ufe.org\/pays-bas\/2020\/05\/07\/assouplissement-du-confinement-aux-pays-bas-partir-du-11-mai-les-nouvelles-regles\/#breadcrumb\"},\"inLanguage\":\"fr-FR\",\"potentialAction\":[{\"@type\":\"ReadAction\",\"target\":[\"https:\/\/ufe.org\/pays-bas\/2020\/05\/07\/assouplissement-du-confinement-aux-pays-bas-partir-du-11-mai-les-nouvelles-regles\/\"]}]},{\"@type\":\"ImageObject\",\"inLanguage\":\"fr-FR\",\"@id\":\"https:\/\/ufe.org\/pays-bas\/2020\/05\/07\/assouplissement-du-confinement-aux-pays-bas-partir-du-11-mai-les-nouvelles-regles\/#primaryimage\",\"url\":\"https:\/\/ufe.org\/wp-content\/uploads\/2021\/04\/20n1_chapufe_nl_v4_html_m9ebb58a_0.png\",\"contentUrl\":\"https:\/\/ufe.org\/wp-content\/uploads\/2021\/04\/20n1_chapufe_nl_v4_html_m9ebb58a_0.png\"},{\"@type\":\"BreadcrumbList\",\"@id\":\"https:\/\/ufe.org\/pays-bas\/2020\/05\/07\/assouplissement-du-confinement-aux-pays-bas-partir-du-11-mai-les-nouvelles-regles\/#breadcrumb\",\"itemListElement\":[{\"@type\":\"ListItem\",\"position\":1,\"name\":\"Accueil\",\"item\":\"https:\/\/ufe.org\/pays-bas\/\"},{\"@type\":\"ListItem\",\"position\":2,\"name\":\"Assouplissement du Confinement aux Pays-Bas \u00e0 partir du 11 mai: les nouvelles r\u00e8gles.\"}]},{\"@type\":\"WebSite\",\"@id\":\"https:\/\/ufe.org\/pays-bas\/#website\",\"url\":\"https:\/\/ufe.org\/pays-bas\/\",\"name\":\"UFE Pays-Bas\",\"description\":\"Un site utilisant Multi site UFE\",\"potentialAction\":[{\"@type\":\"SearchAction\",\"target\":{\"@type\":\"EntryPoint\",\"urlTemplate\":\"https:\/\/ufe.org\/pays-bas\/?s={search_term_string}\"},\"query-input\":\"required name=search_term_string\"}],\"inLanguage\":\"fr-FR\"},{\"@type\":\"Person\",\"@id\":\"https:\/\/ufe.org\/pays-bas\/#\/schema\/person\/3f57002465498f8b9c05f68075731b19\",\"name\":\"admin6615\",\"image\":{\"@type\":\"ImageObject\",\"inLanguage\":\"fr-FR\",\"@id\":\"https:\/\/ufe.org\/pays-bas\/#\/schema\/person\/image\/\",\"url\":\"https:\/\/secure.gravatar.com\/avatar\/26e3f8eaf637eda33fcb3bc08e78b301?s=96&d=mm&r=g\",\"contentUrl\":\"https:\/\/secure.gravatar.com\/avatar\/26e3f8eaf637eda33fcb3bc08e78b301?s=96&d=mm&r=g\",\"caption\":\"admin6615\"},\"url\":\"https:\/\/ufe.org\/pays-bas\/author\/admin6615\/\"}]}<\/script>\n<!-- \/ Yoast SEO plugin. -->","yoast_head_json":{"title":"Assouplissement du Confinement aux Pays-Bas \u00e0 partir du 11 mai: les nouvelles r\u00e8gles. - UFE Pays-Bas","robots":{"index":"index","follow":"follow","max-snippet":"max-snippet:-1","max-image-preview":"max-image-preview:large","max-video-preview":"max-video-preview:-1"},"canonical":"https:\/\/ufe.org\/pays-bas\/2020\/05\/07\/assouplissement-du-confinement-aux-pays-bas-partir-du-11-mai-les-nouvelles-regles\/","og_locale":"fr_FR","og_type":"article","og_title":"Assouplissement du Confinement aux Pays-Bas \u00e0 partir du 11 mai: les nouvelles r\u00e8gles. - UFE Pays-Bas","og_description":"Suite au discours du premier ministre Mark Rutte aux Pays-Bas,\u00a0 nous pouvons nous donner un peu...","og_url":"https:\/\/ufe.org\/pays-bas\/2020\/05\/07\/assouplissement-du-confinement-aux-pays-bas-partir-du-11-mai-les-nouvelles-regles\/","og_site_name":"UFE Pays-Bas","article_published_time":"2020-05-06T22:00:00+00:00","article_modified_time":"2021-05-27T11:52:02+00:00","og_image":[{"url":"https:\/\/ufe.org\/wp-content\/uploads\/2021\/04\/20n1_chapufe_nl_v4_html_m9ebb58a_0.png"}],"author":"admin6615","twitter_card":"summary_large_image","twitter_misc":{"\u00c9crit par":"admin6615","Dur\u00e9e de lecture estim\u00e9e":"1 minute"},"schema":{"@context":"https:\/\/schema.org","@graph":[{"@type":"WebPage","@id":"https:\/\/ufe.org\/pays-bas\/2020\/05\/07\/assouplissement-du-confinement-aux-pays-bas-partir-du-11-mai-les-nouvelles-regles\/","url":"https:\/\/ufe.org\/pays-bas\/2020\/05\/07\/assouplissement-du-confinement-aux-pays-bas-partir-du-11-mai-les-nouvelles-regles\/","name":"Assouplissement du Confinement aux Pays-Bas \u00e0 partir du 11 mai: les nouvelles r\u00e8gles. - UFE Pays-Bas","isPartOf":{"@id":"https:\/\/ufe.org\/pays-bas\/#website"},"primaryImageOfPage":{"@id":"https:\/\/ufe.org\/pays-bas\/2020\/05\/07\/assouplissement-du-confinement-aux-pays-bas-partir-du-11-mai-les-nouvelles-regles\/#primaryimage"},"image":{"@id":"https:\/\/ufe.org\/pays-bas\/2020\/05\/07\/assouplissement-du-confinement-aux-pays-bas-partir-du-11-mai-les-nouvelles-regles\/#primaryimage"},"thumbnailUrl":"https:\/\/ufe.org\/wp-content\/uploads\/2021\/04\/20n1_chapufe_nl_v4_html_m9ebb58a_0.png","datePublished":"2020-05-06T22:00:00+00:00","dateModified":"2021-05-27T11:52:02+00:00","author":{"@id":"https:\/\/ufe.org\/pays-bas\/#\/schema\/person\/3f57002465498f8b9c05f68075731b19"},"breadcrumb":{"@id":"https:\/\/ufe.org\/pays-bas\/2020\/05\/07\/assouplissement-du-confinement-aux-pays-bas-partir-du-11-mai-les-nouvelles-regles\/#breadcrumb"},"inLanguage":"fr-FR","potentialAction":[{"@type":"ReadAction","target":["https:\/\/ufe.org\/pays-bas\/2020\/05\/07\/assouplissement-du-confinement-aux-pays-bas-partir-du-11-mai-les-nouvelles-regles\/"]}]},{"@type":"ImageObject","inLanguage":"fr-FR","@id":"https:\/\/ufe.org\/pays-bas\/2020\/05\/07\/assouplissement-du-confinement-aux-pays-bas-partir-du-11-mai-les-nouvelles-regles\/#primaryimage","url":"https:\/\/ufe.org\/wp-content\/uploads\/2021\/04\/20n1_chapufe_nl_v4_html_m9ebb58a_0.png","contentUrl":"https:\/\/ufe.org\/wp-content\/uploads\/2021\/04\/20n1_chapufe_nl_v4_html_m9ebb58a_0.png"},{"@type":"BreadcrumbList","@id":"https:\/\/ufe.org\/pays-bas\/2020\/05\/07\/assouplissement-du-confinement-aux-pays-bas-partir-du-11-mai-les-nouvelles-regles\/#breadcrumb","itemListElement":[{"@type":"ListItem","position":1,"name":"Accueil","item":"https:\/\/ufe.org\/pays-bas\/"},{"@type":"ListItem","position":2,"name":"Assouplissement du Confinement aux Pays-Bas \u00e0 partir du 11 mai: les nouvelles r\u00e8gles."}]},{"@type":"WebSite","@id":"https:\/\/ufe.org\/pays-bas\/#website","url":"https:\/\/ufe.org\/pays-bas\/","name":"UFE Pays-Bas","description":"Un site utilisant Multi site UFE","potentialAction":[{"@type":"SearchAction","target":{"@type":"EntryPoint","urlTemplate":"https:\/\/ufe.org\/pays-bas\/?s={search_term_string}"},"query-input":"required name=search_term_string"}],"inLanguage":"fr-FR"},{"@type":"Person","@id":"https:\/\/ufe.org\/pays-bas\/#\/schema\/person\/3f57002465498f8b9c05f68075731b19","name":"admin6615","image":{"@type":"ImageObject","inLanguage":"fr-FR","@id":"https:\/\/ufe.org\/pays-bas\/#\/schema\/person\/image\/","url":"https:\/\/secure.gravatar.com\/avatar\/26e3f8eaf637eda33fcb3bc08e78b301?s=96&d=mm&r=g","contentUrl":"https:\/\/secure.gravatar.com\/avatar\/26e3f8eaf637eda33fcb3bc08e78b301?s=96&d=mm&r=g","caption":"admin6615"},"url":"https:\/\/ufe.org\/pays-bas\/author\/admin6615\/"}]}},"_links":{"self":[{"href":"https:\/\/ufe.org\/pays-bas\/wp-json\/wp\/v2\/posts\/3385"}],"collection":[{"href":"https:\/\/ufe.org\/pays-bas\/wp-json\/wp\/v2\/posts"}],"about":[{"href":"https:\/\/ufe.org\/pays-bas\/wp-json\/wp\/v2\/types\/post"}],"author":[{"embeddable":true,"href":"https:\/\/ufe.org\/pays-bas\/wp-json\/wp\/v2\/users\/1"}],"replies":[{"embeddable":true,"href":"https:\/\/ufe.org\/pays-bas\/wp-json\/wp\/v2\/comments?post=3385"}],"version-history":[{"count":1,"href":"https:\/\/ufe.org\/pays-bas\/wp-json\/wp\/v2\/posts\/3385\/revisions"}],"predecessor-version":[{"id":3465,"href":"https:\/\/ufe.org\/pays-bas\/wp-json\/wp\/v2\/posts\/3385\/revisions\/3465"}],"wp:attachment":[{"href":"https:\/\/ufe.org\/pays-bas\/wp-json\/wp\/v2\/media?parent=3385"}],"wp:term":[{"taxonomy":"category","embeddable":true,"href":"https:\/\/ufe.org\/pays-bas\/wp-json\/wp\/v2\/categories?post=3385"},{"taxonomy":"post_tag","embeddable":true,"href":"https:\/\/ufe.org\/pays-bas\/wp-json\/wp\/v2\/tags?post=3385"}],"curies":[{"name":"wp","href":"https:\/\/api.w.org\/{rel}","templated":true}]}}