{"id":3381,"date":"2020-06-18T00:00:00","date_gmt":"2020-06-17T22:00:00","guid":{"rendered":"https:\/\/ufe.org\/juridique-fiscalite\/fete-de-la-musique-le-21-juin-2020-aux-pay-bas\/"},"modified":"2021-05-27T13:52:02","modified_gmt":"2021-05-27T11:52:02","slug":"fete-de-la-musique-le-21-juin-2020-aux-pay-bas","status":"publish","type":"post","link":"https:\/\/ufe.org\/pays-bas\/2020\/06\/18\/fete-de-la-musique-le-21-juin-2020-aux-pay-bas\/","title":{"rendered":"F\u00eate de la Musique le 21 juin 2020 aux Pay-Bas"},"content":{"rendered":"<p>Plusieurs \u00e9v\u00e8nements li\u00e9s \u00e0 la F\u00eate de la musique:<\/p>\n<p>\u00a0<\/p>\n<p style=\"margin-bottom: 0cm\"><img loading=\"lazy\" decoding=\"async\" style=\"height: 200px; width: 200px; float: left; margin-left: 10px; margin-right: 10px;\" class=\"media-element file-default\" data-delta=\"1\" alt=\"\" title=\"\" typeof=\"foaf:Image\" src=\"https:\/\/ufe.org\/wp-content\/uploads\/2021\/04\/bonnesimages-fete-de-la-musique_010.jpg\" width=\"630\" height=\"630\" \/><em><b>Organis\u00e9 par l&rsquo;entente Francophone\u00a0:<\/b><\/em><\/p>\n<p style=\"margin-bottom: 0cm\">En raison du COVID-19, l&rsquo;entente francophone organise la f\u00eate de la musique dans une salle virtuelle ce dimanche 21 juin de 20h \u00e0 22h30.\u00a0\u00a0<\/p>\n<div>en esp\u00e9rant vous (sa)voir en ligne \u00e9galement ce dimanche !<\/div>\n<div>\n<p style=\"margin-left: 1.5cm; margin-bottom: 0cm\"><font color=\"#0000cc\"><font size=\"4\"><b>Il est imp\u00e9ratif de r\u00e9server et de s&rsquo;inscrire au pr\u00e9alable pour y participer. Voir ci-dessous <\/b><\/font><\/font><\/p>\n<\/div>\n<div>\n<p style=\"margin-bottom: 0cm\"><em><b>Organis\u00e9 par les Alliances Fran\u00e7aises\u00a0:<\/b><\/em><\/p>\n<p style=\"margin-bottom: 0cm\">Il y a aussi un concert\u00a0 organis\u00e9 par les Alliances Fran\u00e7aises. Consulter le site du consulat pour avoir cette liste : <a href=\"https:\/\/amsterdam.consulfrance.org\/Fete-de-la-Musique-2020\">https:\/\/amsterdam.consulfrance.org\/Fete-de-la-Musique-2020<\/a><\/p>\n<\/div>\n<div>\n<div>\u00a0<\/div>\n<\/div>\n<div>\u00a0<\/div>\n<p>\u00a0<\/p>\n<div>Chers amis,<\/div>\n<div>\u00a0<\/div>\n<div>Nous sommes heureux de vous inviter pour notre F\u00eate de la Musique 2020, qui se tiendra ce dimanche 21 Juin de 20 heures \u00e0 22 heures 30, en ligne pour cause de COVID-19. La salle virtuelle sera ouverte \u00e0 partir de 19 heures 30.<\/div>\n<div>\u00a0<\/div>\n<div>Le Torpedo Theater d&rsquo;Amsterdam se charge de la technique. R\u00e9server est obligatoire pour obtenir le lien et code Zoom, qui vous sera envoy\u00e9 le jour-m\u00eame du festival.\u00a0<\/div>\n<div>\u00a0<\/div>\n<div>Envoyez un mail \u00e0 : <a href=\"mailto:reserveren@torpedotheater.nl\">reserveren@torpedotheater.nl<\/a> pour vous inscrire et n&rsquo;oubliez pas d&rsquo;installer l&rsquo;application Zoom avant le d\u00e9but du festival.<\/div>\n<div>\u00a0<\/div>\n<div>Voici la liste des artistes Fran\u00e7ais, Francophones ou Francophiles que vous pourrez appr\u00e9cier, par ordre de passage :<\/div>\n<ol>\n<li>Julie Huard<\/li>\n<li>Nadja Filtzer\u00a0<\/li>\n<li>Lucie de Saint Vincent<\/li>\n<li>Marcel Bugter<\/li>\n<li>Magali Michaut<\/li>\n<li>FRAZZ<\/li>\n<li>Camille Devoulon\u00a0<\/li>\n<li>Marie Chaplet\u00a0<\/li>\n<li>Bruno Gatinet, Robbrecht van Cauwenberghe &#038; Coraline Groen\u00a0<\/li>\n<li>Laurent Outang\u00a0<\/li>\n<li>Christophe Chaplet\u00a0<\/li>\n<li>Laura Sakko<\/li>\n<\/ol>\n<div>\u00a0<\/div>\n<div>\u00a0<\/div>\n<div>Un grand nombre de ces artistes a remport\u00e9 un prix au Concours de la Chanson de l&rsquo;Alliance Fran\u00e7aise \u00e0 La Haye. Nous sommes fiers de vous pr\u00e9senter la cr\u00e8me de la cr\u00e8me des artistes ambassadeurs de la langue Fran\u00e7aise aux Pays-Bas.<\/div>\n<div>\u00a0<\/div>\n<div>En esp\u00e9rant vous voir dans la salle virtuelle du spectacle, nous vous souhaitons une tr\u00e8s bonne soir\u00e9e !<\/div>\n<div>\u00a0<\/div>\n<div>Salutations musicales,<\/div>\n<div>\u00a0<\/div>\n<div>Le bureau de l&rsquo;Entente des Associations Francophones<\/div>\n<div>\u00a0<\/div>\n<div>B\u00e9n\u00e9dicte, Christine, Martine, Philippe et Odile<\/div>\n<div>\u00a0<\/div>\n","protected":false},"excerpt":{"rendered":"<p>Plusieurs \u00e9v\u00e8nements li\u00e9s \u00e0 la F\u00eate de la musique: \u00a0 Organis\u00e9 par l&rsquo;entente Francophone\u00a0: En raison&#8230;<\/p>\n","protected":false},"author":1,"featured_media":0,"comment_status":"closed","ping_status":"closed","sticky":false,"template":"","format":"standard","meta":{"footnotes":""},"categories":[174],"tags":[],"yoast_head":"<!-- This site is optimized with the Yoast SEO plugin v22.8 - https:\/\/yoast.com\/wordpress\/plugins\/seo\/ -->\n<title>F\u00eate de la Musique le 21 juin 2020 aux Pay-Bas - UFE Pays-Bas<\/title>\n<meta name=\"robots\" content=\"index, follow, max-snippet:-1, max-image-preview:large, max-video-preview:-1\" \/>\n<link rel=\"canonical\" href=\"https:\/\/ufe.org\/pays-bas\/2020\/06\/18\/fete-de-la-musique-le-21-juin-2020-aux-pay-bas\/\" \/>\n<meta property=\"og:locale\" content=\"fr_FR\" \/>\n<meta property=\"og:type\" content=\"article\" \/>\n<meta property=\"og:title\" content=\"F\u00eate de la Musique le 21 juin 2020 aux Pay-Bas - UFE Pays-Bas\" \/>\n<meta property=\"og:description\" content=\"Plusieurs \u00e9v\u00e8nements li\u00e9s \u00e0 la F\u00eate de la musique: \u00a0 Organis\u00e9 par l&rsquo;entente Francophone\u00a0: En raison...\" \/>\n<meta property=\"og:url\" content=\"https:\/\/ufe.org\/pays-bas\/2020\/06\/18\/fete-de-la-musique-le-21-juin-2020-aux-pay-bas\/\" \/>\n<meta property=\"og:site_name\" content=\"UFE Pays-Bas\" \/>\n<meta property=\"article:published_time\" content=\"2020-06-17T22:00:00+00:00\" \/>\n<meta property=\"article:modified_time\" content=\"2021-05-27T11:52:02+00:00\" \/>\n<meta property=\"og:image\" content=\"https:\/\/ufe.org\/wp-content\/uploads\/2021\/04\/bonnesimages-fete-de-la-musique_010.jpg\" \/>\n<meta name=\"author\" content=\"admin6615\" \/>\n<meta name=\"twitter:card\" content=\"summary_large_image\" \/>\n<meta name=\"twitter:label1\" content=\"\u00c9crit par\" \/>\n\t<meta name=\"twitter:data1\" content=\"admin6615\" \/>\n\t<meta name=\"twitter:label2\" content=\"Dur\u00e9e de lecture estim\u00e9e\" \/>\n\t<meta name=\"twitter:data2\" content=\"2 minutes\" \/>\n<script type=\"application\/ld+json\" class=\"yoast-schema-graph\">{\"@context\":\"https:\/\/schema.org\",\"@graph\":[{\"@type\":\"WebPage\",\"@id\":\"https:\/\/ufe.org\/pays-bas\/2020\/06\/18\/fete-de-la-musique-le-21-juin-2020-aux-pay-bas\/\",\"url\":\"https:\/\/ufe.org\/pays-bas\/2020\/06\/18\/fete-de-la-musique-le-21-juin-2020-aux-pay-bas\/\",\"name\":\"F\u00eate de la Musique le 21 juin 2020 aux Pay-Bas - UFE Pays-Bas\",\"isPartOf\":{\"@id\":\"https:\/\/ufe.org\/pays-bas\/#website\"},\"primaryImageOfPage\":{\"@id\":\"https:\/\/ufe.org\/pays-bas\/2020\/06\/18\/fete-de-la-musique-le-21-juin-2020-aux-pay-bas\/#primaryimage\"},\"image\":{\"@id\":\"https:\/\/ufe.org\/pays-bas\/2020\/06\/18\/fete-de-la-musique-le-21-juin-2020-aux-pay-bas\/#primaryimage\"},\"thumbnailUrl\":\"https:\/\/ufe.org\/wp-content\/uploads\/2021\/04\/bonnesimages-fete-de-la-musique_010.jpg\",\"datePublished\":\"2020-06-17T22:00:00+00:00\",\"dateModified\":\"2021-05-27T11:52:02+00:00\",\"author\":{\"@id\":\"https:\/\/ufe.org\/pays-bas\/#\/schema\/person\/3f57002465498f8b9c05f68075731b19\"},\"breadcrumb\":{\"@id\":\"https:\/\/ufe.org\/pays-bas\/2020\/06\/18\/fete-de-la-musique-le-21-juin-2020-aux-pay-bas\/#breadcrumb\"},\"inLanguage\":\"fr-FR\",\"potentialAction\":[{\"@type\":\"ReadAction\",\"target\":[\"https:\/\/ufe.org\/pays-bas\/2020\/06\/18\/fete-de-la-musique-le-21-juin-2020-aux-pay-bas\/\"]}]},{\"@type\":\"ImageObject\",\"inLanguage\":\"fr-FR\",\"@id\":\"https:\/\/ufe.org\/pays-bas\/2020\/06\/18\/fete-de-la-musique-le-21-juin-2020-aux-pay-bas\/#primaryimage\",\"url\":\"https:\/\/ufe.org\/wp-content\/uploads\/2021\/04\/bonnesimages-fete-de-la-musique_010.jpg\",\"contentUrl\":\"https:\/\/ufe.org\/wp-content\/uploads\/2021\/04\/bonnesimages-fete-de-la-musique_010.jpg\"},{\"@type\":\"BreadcrumbList\",\"@id\":\"https:\/\/ufe.org\/pays-bas\/2020\/06\/18\/fete-de-la-musique-le-21-juin-2020-aux-pay-bas\/#breadcrumb\",\"itemListElement\":[{\"@type\":\"ListItem\",\"position\":1,\"name\":\"Accueil\",\"item\":\"https:\/\/ufe.org\/pays-bas\/\"},{\"@type\":\"ListItem\",\"position\":2,\"name\":\"F\u00eate de la Musique le 21 juin 2020 aux Pay-Bas\"}]},{\"@type\":\"WebSite\",\"@id\":\"https:\/\/ufe.org\/pays-bas\/#website\",\"url\":\"https:\/\/ufe.org\/pays-bas\/\",\"name\":\"UFE Pays-Bas\",\"description\":\"Un site utilisant Multi site UFE\",\"potentialAction\":[{\"@type\":\"SearchAction\",\"target\":{\"@type\":\"EntryPoint\",\"urlTemplate\":\"https:\/\/ufe.org\/pays-bas\/?s={search_term_string}\"},\"query-input\":\"required name=search_term_string\"}],\"inLanguage\":\"fr-FR\"},{\"@type\":\"Person\",\"@id\":\"https:\/\/ufe.org\/pays-bas\/#\/schema\/person\/3f57002465498f8b9c05f68075731b19\",\"name\":\"admin6615\",\"image\":{\"@type\":\"ImageObject\",\"inLanguage\":\"fr-FR\",\"@id\":\"https:\/\/ufe.org\/pays-bas\/#\/schema\/person\/image\/\",\"url\":\"https:\/\/secure.gravatar.com\/avatar\/26e3f8eaf637eda33fcb3bc08e78b301?s=96&d=mm&r=g\",\"contentUrl\":\"https:\/\/secure.gravatar.com\/avatar\/26e3f8eaf637eda33fcb3bc08e78b301?s=96&d=mm&r=g\",\"caption\":\"admin6615\"},\"url\":\"https:\/\/ufe.org\/pays-bas\/author\/admin6615\/\"}]}<\/script>\n<!-- \/ Yoast SEO plugin. -->","yoast_head_json":{"title":"F\u00eate de la Musique le 21 juin 2020 aux Pay-Bas - UFE Pays-Bas","robots":{"index":"index","follow":"follow","max-snippet":"max-snippet:-1","max-image-preview":"max-image-preview:large","max-video-preview":"max-video-preview:-1"},"canonical":"https:\/\/ufe.org\/pays-bas\/2020\/06\/18\/fete-de-la-musique-le-21-juin-2020-aux-pay-bas\/","og_locale":"fr_FR","og_type":"article","og_title":"F\u00eate de la Musique le 21 juin 2020 aux Pay-Bas - UFE Pays-Bas","og_description":"Plusieurs \u00e9v\u00e8nements li\u00e9s \u00e0 la F\u00eate de la musique: \u00a0 Organis\u00e9 par l&rsquo;entente Francophone\u00a0: En raison...","og_url":"https:\/\/ufe.org\/pays-bas\/2020\/06\/18\/fete-de-la-musique-le-21-juin-2020-aux-pay-bas\/","og_site_name":"UFE Pays-Bas","article_published_time":"2020-06-17T22:00:00+00:00","article_modified_time":"2021-05-27T11:52:02+00:00","og_image":[{"url":"https:\/\/ufe.org\/wp-content\/uploads\/2021\/04\/bonnesimages-fete-de-la-musique_010.jpg"}],"author":"admin6615","twitter_card":"summary_large_image","twitter_misc":{"\u00c9crit par":"admin6615","Dur\u00e9e de lecture estim\u00e9e":"2 minutes"},"schema":{"@context":"https:\/\/schema.org","@graph":[{"@type":"WebPage","@id":"https:\/\/ufe.org\/pays-bas\/2020\/06\/18\/fete-de-la-musique-le-21-juin-2020-aux-pay-bas\/","url":"https:\/\/ufe.org\/pays-bas\/2020\/06\/18\/fete-de-la-musique-le-21-juin-2020-aux-pay-bas\/","name":"F\u00eate de la Musique le 21 juin 2020 aux Pay-Bas - UFE Pays-Bas","isPartOf":{"@id":"https:\/\/ufe.org\/pays-bas\/#website"},"primaryImageOfPage":{"@id":"https:\/\/ufe.org\/pays-bas\/2020\/06\/18\/fete-de-la-musique-le-21-juin-2020-aux-pay-bas\/#primaryimage"},"image":{"@id":"https:\/\/ufe.org\/pays-bas\/2020\/06\/18\/fete-de-la-musique-le-21-juin-2020-aux-pay-bas\/#primaryimage"},"thumbnailUrl":"https:\/\/ufe.org\/wp-content\/uploads\/2021\/04\/bonnesimages-fete-de-la-musique_010.jpg","datePublished":"2020-06-17T22:00:00+00:00","dateModified":"2021-05-27T11:52:02+00:00","author":{"@id":"https:\/\/ufe.org\/pays-bas\/#\/schema\/person\/3f57002465498f8b9c05f68075731b19"},"breadcrumb":{"@id":"https:\/\/ufe.org\/pays-bas\/2020\/06\/18\/fete-de-la-musique-le-21-juin-2020-aux-pay-bas\/#breadcrumb"},"inLanguage":"fr-FR","potentialAction":[{"@type":"ReadAction","target":["https:\/\/ufe.org\/pays-bas\/2020\/06\/18\/fete-de-la-musique-le-21-juin-2020-aux-pay-bas\/"]}]},{"@type":"ImageObject","inLanguage":"fr-FR","@id":"https:\/\/ufe.org\/pays-bas\/2020\/06\/18\/fete-de-la-musique-le-21-juin-2020-aux-pay-bas\/#primaryimage","url":"https:\/\/ufe.org\/wp-content\/uploads\/2021\/04\/bonnesimages-fete-de-la-musique_010.jpg","contentUrl":"https:\/\/ufe.org\/wp-content\/uploads\/2021\/04\/bonnesimages-fete-de-la-musique_010.jpg"},{"@type":"BreadcrumbList","@id":"https:\/\/ufe.org\/pays-bas\/2020\/06\/18\/fete-de-la-musique-le-21-juin-2020-aux-pay-bas\/#breadcrumb","itemListElement":[{"@type":"ListItem","position":1,"name":"Accueil","item":"https:\/\/ufe.org\/pays-bas\/"},{"@type":"ListItem","position":2,"name":"F\u00eate de la Musique le 21 juin 2020 aux Pay-Bas"}]},{"@type":"WebSite","@id":"https:\/\/ufe.org\/pays-bas\/#website","url":"https:\/\/ufe.org\/pays-bas\/","name":"UFE Pays-Bas","description":"Un site utilisant Multi site UFE","potentialAction":[{"@type":"SearchAction","target":{"@type":"EntryPoint","urlTemplate":"https:\/\/ufe.org\/pays-bas\/?s={search_term_string}"},"query-input":"required name=search_term_string"}],"inLanguage":"fr-FR"},{"@type":"Person","@id":"https:\/\/ufe.org\/pays-bas\/#\/schema\/person\/3f57002465498f8b9c05f68075731b19","name":"admin6615","image":{"@type":"ImageObject","inLanguage":"fr-FR","@id":"https:\/\/ufe.org\/pays-bas\/#\/schema\/person\/image\/","url":"https:\/\/secure.gravatar.com\/avatar\/26e3f8eaf637eda33fcb3bc08e78b301?s=96&d=mm&r=g","contentUrl":"https:\/\/secure.gravatar.com\/avatar\/26e3f8eaf637eda33fcb3bc08e78b301?s=96&d=mm&r=g","caption":"admin6615"},"url":"https:\/\/ufe.org\/pays-bas\/author\/admin6615\/"}]}},"_links":{"self":[{"href":"https:\/\/ufe.org\/pays-bas\/wp-json\/wp\/v2\/posts\/3381"}],"collection":[{"href":"https:\/\/ufe.org\/pays-bas\/wp-json\/wp\/v2\/posts"}],"about":[{"href":"https:\/\/ufe.org\/pays-bas\/wp-json\/wp\/v2\/types\/post"}],"author":[{"embeddable":true,"href":"https:\/\/ufe.org\/pays-bas\/wp-json\/wp\/v2\/users\/1"}],"replies":[{"embeddable":true,"href":"https:\/\/ufe.org\/pays-bas\/wp-json\/wp\/v2\/comments?post=3381"}],"version-history":[{"count":1,"href":"https:\/\/ufe.org\/pays-bas\/wp-json\/wp\/v2\/posts\/3381\/revisions"}],"predecessor-version":[{"id":3463,"href":"https:\/\/ufe.org\/pays-bas\/wp-json\/wp\/v2\/posts\/3381\/revisions\/3463"}],"wp:attachment":[{"href":"https:\/\/ufe.org\/pays-bas\/wp-json\/wp\/v2\/media?parent=3381"}],"wp:term":[{"taxonomy":"category","embeddable":true,"href":"https:\/\/ufe.org\/pays-bas\/wp-json\/wp\/v2\/categories?post=3381"},{"taxonomy":"post_tag","embeddable":true,"href":"https:\/\/ufe.org\/pays-bas\/wp-json\/wp\/v2\/tags?post=3381"}],"curies":[{"name":"wp","href":"https:\/\/api.w.org\/{rel}","templated":true}]}}