{"id":3374,"date":"2021-04-13T00:00:00","date_gmt":"2021-04-12T22:00:00","guid":{"rendered":"https:\/\/ufe.org\/juridique-fiscalite\/inscriptions-sur-la-liste-electorale-consulaire-avant-le-23-avril\/"},"modified":"2021-06-28T15:21:49","modified_gmt":"2021-06-28T13:21:49","slug":"inscriptions-sur-la-liste-electorale-consulaire-avant-le-23-avril","status":"publish","type":"post","link":"https:\/\/ufe.org\/pays-bas\/2021\/04\/13\/inscriptions-sur-la-liste-electorale-consulaire-avant-le-23-avril\/","title":{"rendered":"Inscriptions sur la Liste Electorale Consulaire avant le 23 avril"},"content":{"rendered":"<p>Vous \u00eates invit\u00e9(e) \u00e0 vous inscrire ou \u00e0 v\u00e9rifier votre inscription au registre des Fran\u00e7ais \u00e9tablis hors de France.<\/p>\n<p><strong>Pensez y avant le 23 avril pour pouvoir participer aux \u00e9l\u00e9ctions consulaires.\u00a0<\/strong><\/p>\n<p><img loading=\"lazy\" decoding=\"async\" class=\"media-element file-default\" style=\"height: 119px; width: 100px;\" title=\"\" src=\"https:\/\/ufe.org\/wp-content\/uploads\/2021\/04\/urne_votefr.jpg\" alt=\"\" width=\"177\" height=\"210\" data-delta=\"1\" \/><\/p>\n<p>Si vous vous \u00e9tablissez aux Pays-Bas pour une dur\u00e9e de plus de 6 mois,\u00a0vous \u00eates invit\u00e9(e) \u00e0 vous inscrire au registre des Fran\u00e7ais \u00e9tablis hors de France.<\/p>\n<p>Cette inscription permet aux Fran\u00e7ais \u00e9tablis aux Pays-Bas d\u2019avoir, en toutes circonstances, un acc\u00e8s imm\u00e9diat et facilit\u00e9 aux divers services de l\u2019administration fran\u00e7aise, et de b\u00e9n\u00e9ficier de la protection consulaire la plus large.<\/p>\n<div>Cette inscription est n\u00e9c\u00e9ssaire pour participer \u00e0 l&rsquo;\u00e9lection des conseillers des Fran\u00e7ais de l&rsquo;Etranger qui nous repr\u00e9sente.<\/div>\n<div><\/div>\n<div>Simple et gratuite, cette formalit\u00e9 peut \u00eatre effectu\u00e9e sans vous d\u00e9placer au consulat. Elle est valable 5 ans.<\/div>\n<div><\/div>\n<div>Pour tout renseignement\u00a0 consulter le site WEB du consulat g\u00e9n\u00e9ral d&rsquo;Amsterdam<\/div>\n<div><a href=\"https:\/\/amsterdam.consulfrance.org\/Inscription-au-registre-des-Francais\">https:\/\/amsterdam.consulfrance.org\/Inscription-au-registre-des-Francais<\/a><\/div>\n","protected":false},"excerpt":{"rendered":"<p>Vous \u00eates invit\u00e9(e) \u00e0 vous inscrire ou \u00e0 v\u00e9rifier votre inscription au registre des Fran\u00e7ais \u00e9tablis&#8230;<\/p>\n","protected":false},"author":1,"featured_media":0,"comment_status":"closed","ping_status":"closed","sticky":false,"template":"","format":"standard","meta":{"footnotes":""},"categories":[175,174],"tags":[],"yoast_head":"<!-- This site is optimized with the Yoast SEO plugin v22.8 - https:\/\/yoast.com\/wordpress\/plugins\/seo\/ -->\n<title>Inscriptions sur la Liste Electorale Consulaire avant le 23 avril - UFE Pays-Bas<\/title>\n<meta name=\"robots\" content=\"index, follow, max-snippet:-1, max-image-preview:large, max-video-preview:-1\" \/>\n<link rel=\"canonical\" href=\"https:\/\/ufe.org\/pays-bas\/2021\/04\/13\/inscriptions-sur-la-liste-electorale-consulaire-avant-le-23-avril\/\" \/>\n<meta property=\"og:locale\" content=\"fr_FR\" \/>\n<meta property=\"og:type\" content=\"article\" \/>\n<meta property=\"og:title\" content=\"Inscriptions sur la Liste Electorale Consulaire avant le 23 avril - UFE Pays-Bas\" \/>\n<meta property=\"og:description\" content=\"Vous \u00eates invit\u00e9(e) \u00e0 vous inscrire ou \u00e0 v\u00e9rifier votre inscription au registre des Fran\u00e7ais \u00e9tablis...\" \/>\n<meta property=\"og:url\" content=\"https:\/\/ufe.org\/pays-bas\/2021\/04\/13\/inscriptions-sur-la-liste-electorale-consulaire-avant-le-23-avril\/\" \/>\n<meta property=\"og:site_name\" content=\"UFE Pays-Bas\" \/>\n<meta property=\"article:published_time\" content=\"2021-04-12T22:00:00+00:00\" \/>\n<meta property=\"article:modified_time\" content=\"2021-06-28T13:21:49+00:00\" \/>\n<meta property=\"og:image\" content=\"https:\/\/ufe.org\/wp-content\/uploads\/2021\/04\/urne_votefr.jpg\" \/>\n<meta name=\"author\" content=\"admin6615\" \/>\n<meta name=\"twitter:card\" content=\"summary_large_image\" \/>\n<meta name=\"twitter:label1\" content=\"\u00c9crit par\" \/>\n\t<meta name=\"twitter:data1\" content=\"admin6615\" \/>\n\t<meta name=\"twitter:label2\" content=\"Dur\u00e9e de lecture estim\u00e9e\" \/>\n\t<meta name=\"twitter:data2\" content=\"1 minute\" \/>\n<script type=\"application\/ld+json\" class=\"yoast-schema-graph\">{\"@context\":\"https:\/\/schema.org\",\"@graph\":[{\"@type\":\"WebPage\",\"@id\":\"https:\/\/ufe.org\/pays-bas\/2021\/04\/13\/inscriptions-sur-la-liste-electorale-consulaire-avant-le-23-avril\/\",\"url\":\"https:\/\/ufe.org\/pays-bas\/2021\/04\/13\/inscriptions-sur-la-liste-electorale-consulaire-avant-le-23-avril\/\",\"name\":\"Inscriptions sur la Liste Electorale Consulaire avant le 23 avril - UFE Pays-Bas\",\"isPartOf\":{\"@id\":\"https:\/\/ufe.org\/pays-bas\/#website\"},\"primaryImageOfPage\":{\"@id\":\"https:\/\/ufe.org\/pays-bas\/2021\/04\/13\/inscriptions-sur-la-liste-electorale-consulaire-avant-le-23-avril\/#primaryimage\"},\"image\":{\"@id\":\"https:\/\/ufe.org\/pays-bas\/2021\/04\/13\/inscriptions-sur-la-liste-electorale-consulaire-avant-le-23-avril\/#primaryimage\"},\"thumbnailUrl\":\"https:\/\/ufe.org\/wp-content\/uploads\/2021\/04\/urne_votefr.jpg\",\"datePublished\":\"2021-04-12T22:00:00+00:00\",\"dateModified\":\"2021-06-28T13:21:49+00:00\",\"author\":{\"@id\":\"https:\/\/ufe.org\/pays-bas\/#\/schema\/person\/3f57002465498f8b9c05f68075731b19\"},\"breadcrumb\":{\"@id\":\"https:\/\/ufe.org\/pays-bas\/2021\/04\/13\/inscriptions-sur-la-liste-electorale-consulaire-avant-le-23-avril\/#breadcrumb\"},\"inLanguage\":\"fr-FR\",\"potentialAction\":[{\"@type\":\"ReadAction\",\"target\":[\"https:\/\/ufe.org\/pays-bas\/2021\/04\/13\/inscriptions-sur-la-liste-electorale-consulaire-avant-le-23-avril\/\"]}]},{\"@type\":\"ImageObject\",\"inLanguage\":\"fr-FR\",\"@id\":\"https:\/\/ufe.org\/pays-bas\/2021\/04\/13\/inscriptions-sur-la-liste-electorale-consulaire-avant-le-23-avril\/#primaryimage\",\"url\":\"https:\/\/ufe.org\/wp-content\/uploads\/2021\/04\/urne_votefr.jpg\",\"contentUrl\":\"https:\/\/ufe.org\/wp-content\/uploads\/2021\/04\/urne_votefr.jpg\"},{\"@type\":\"BreadcrumbList\",\"@id\":\"https:\/\/ufe.org\/pays-bas\/2021\/04\/13\/inscriptions-sur-la-liste-electorale-consulaire-avant-le-23-avril\/#breadcrumb\",\"itemListElement\":[{\"@type\":\"ListItem\",\"position\":1,\"name\":\"Accueil\",\"item\":\"https:\/\/ufe.org\/pays-bas\/\"},{\"@type\":\"ListItem\",\"position\":2,\"name\":\"Inscriptions sur la Liste Electorale Consulaire avant le 23 avril\"}]},{\"@type\":\"WebSite\",\"@id\":\"https:\/\/ufe.org\/pays-bas\/#website\",\"url\":\"https:\/\/ufe.org\/pays-bas\/\",\"name\":\"UFE Pays-Bas\",\"description\":\"Un site utilisant Multi site UFE\",\"potentialAction\":[{\"@type\":\"SearchAction\",\"target\":{\"@type\":\"EntryPoint\",\"urlTemplate\":\"https:\/\/ufe.org\/pays-bas\/?s={search_term_string}\"},\"query-input\":\"required name=search_term_string\"}],\"inLanguage\":\"fr-FR\"},{\"@type\":\"Person\",\"@id\":\"https:\/\/ufe.org\/pays-bas\/#\/schema\/person\/3f57002465498f8b9c05f68075731b19\",\"name\":\"admin6615\",\"image\":{\"@type\":\"ImageObject\",\"inLanguage\":\"fr-FR\",\"@id\":\"https:\/\/ufe.org\/pays-bas\/#\/schema\/person\/image\/\",\"url\":\"https:\/\/secure.gravatar.com\/avatar\/26e3f8eaf637eda33fcb3bc08e78b301?s=96&d=mm&r=g\",\"contentUrl\":\"https:\/\/secure.gravatar.com\/avatar\/26e3f8eaf637eda33fcb3bc08e78b301?s=96&d=mm&r=g\",\"caption\":\"admin6615\"},\"url\":\"https:\/\/ufe.org\/pays-bas\/author\/admin6615\/\"}]}<\/script>\n<!-- \/ Yoast SEO plugin. -->","yoast_head_json":{"title":"Inscriptions sur la Liste Electorale Consulaire avant le 23 avril - UFE Pays-Bas","robots":{"index":"index","follow":"follow","max-snippet":"max-snippet:-1","max-image-preview":"max-image-preview:large","max-video-preview":"max-video-preview:-1"},"canonical":"https:\/\/ufe.org\/pays-bas\/2021\/04\/13\/inscriptions-sur-la-liste-electorale-consulaire-avant-le-23-avril\/","og_locale":"fr_FR","og_type":"article","og_title":"Inscriptions sur la Liste Electorale Consulaire avant le 23 avril - UFE Pays-Bas","og_description":"Vous \u00eates invit\u00e9(e) \u00e0 vous inscrire ou \u00e0 v\u00e9rifier votre inscription au registre des Fran\u00e7ais \u00e9tablis...","og_url":"https:\/\/ufe.org\/pays-bas\/2021\/04\/13\/inscriptions-sur-la-liste-electorale-consulaire-avant-le-23-avril\/","og_site_name":"UFE Pays-Bas","article_published_time":"2021-04-12T22:00:00+00:00","article_modified_time":"2021-06-28T13:21:49+00:00","og_image":[{"url":"https:\/\/ufe.org\/wp-content\/uploads\/2021\/04\/urne_votefr.jpg"}],"author":"admin6615","twitter_card":"summary_large_image","twitter_misc":{"\u00c9crit par":"admin6615","Dur\u00e9e de lecture estim\u00e9e":"1 minute"},"schema":{"@context":"https:\/\/schema.org","@graph":[{"@type":"WebPage","@id":"https:\/\/ufe.org\/pays-bas\/2021\/04\/13\/inscriptions-sur-la-liste-electorale-consulaire-avant-le-23-avril\/","url":"https:\/\/ufe.org\/pays-bas\/2021\/04\/13\/inscriptions-sur-la-liste-electorale-consulaire-avant-le-23-avril\/","name":"Inscriptions sur la Liste Electorale Consulaire avant le 23 avril - UFE Pays-Bas","isPartOf":{"@id":"https:\/\/ufe.org\/pays-bas\/#website"},"primaryImageOfPage":{"@id":"https:\/\/ufe.org\/pays-bas\/2021\/04\/13\/inscriptions-sur-la-liste-electorale-consulaire-avant-le-23-avril\/#primaryimage"},"image":{"@id":"https:\/\/ufe.org\/pays-bas\/2021\/04\/13\/inscriptions-sur-la-liste-electorale-consulaire-avant-le-23-avril\/#primaryimage"},"thumbnailUrl":"https:\/\/ufe.org\/wp-content\/uploads\/2021\/04\/urne_votefr.jpg","datePublished":"2021-04-12T22:00:00+00:00","dateModified":"2021-06-28T13:21:49+00:00","author":{"@id":"https:\/\/ufe.org\/pays-bas\/#\/schema\/person\/3f57002465498f8b9c05f68075731b19"},"breadcrumb":{"@id":"https:\/\/ufe.org\/pays-bas\/2021\/04\/13\/inscriptions-sur-la-liste-electorale-consulaire-avant-le-23-avril\/#breadcrumb"},"inLanguage":"fr-FR","potentialAction":[{"@type":"ReadAction","target":["https:\/\/ufe.org\/pays-bas\/2021\/04\/13\/inscriptions-sur-la-liste-electorale-consulaire-avant-le-23-avril\/"]}]},{"@type":"ImageObject","inLanguage":"fr-FR","@id":"https:\/\/ufe.org\/pays-bas\/2021\/04\/13\/inscriptions-sur-la-liste-electorale-consulaire-avant-le-23-avril\/#primaryimage","url":"https:\/\/ufe.org\/wp-content\/uploads\/2021\/04\/urne_votefr.jpg","contentUrl":"https:\/\/ufe.org\/wp-content\/uploads\/2021\/04\/urne_votefr.jpg"},{"@type":"BreadcrumbList","@id":"https:\/\/ufe.org\/pays-bas\/2021\/04\/13\/inscriptions-sur-la-liste-electorale-consulaire-avant-le-23-avril\/#breadcrumb","itemListElement":[{"@type":"ListItem","position":1,"name":"Accueil","item":"https:\/\/ufe.org\/pays-bas\/"},{"@type":"ListItem","position":2,"name":"Inscriptions sur la Liste Electorale Consulaire avant le 23 avril"}]},{"@type":"WebSite","@id":"https:\/\/ufe.org\/pays-bas\/#website","url":"https:\/\/ufe.org\/pays-bas\/","name":"UFE Pays-Bas","description":"Un site utilisant Multi site UFE","potentialAction":[{"@type":"SearchAction","target":{"@type":"EntryPoint","urlTemplate":"https:\/\/ufe.org\/pays-bas\/?s={search_term_string}"},"query-input":"required name=search_term_string"}],"inLanguage":"fr-FR"},{"@type":"Person","@id":"https:\/\/ufe.org\/pays-bas\/#\/schema\/person\/3f57002465498f8b9c05f68075731b19","name":"admin6615","image":{"@type":"ImageObject","inLanguage":"fr-FR","@id":"https:\/\/ufe.org\/pays-bas\/#\/schema\/person\/image\/","url":"https:\/\/secure.gravatar.com\/avatar\/26e3f8eaf637eda33fcb3bc08e78b301?s=96&d=mm&r=g","contentUrl":"https:\/\/secure.gravatar.com\/avatar\/26e3f8eaf637eda33fcb3bc08e78b301?s=96&d=mm&r=g","caption":"admin6615"},"url":"https:\/\/ufe.org\/pays-bas\/author\/admin6615\/"}]}},"_links":{"self":[{"href":"https:\/\/ufe.org\/pays-bas\/wp-json\/wp\/v2\/posts\/3374"}],"collection":[{"href":"https:\/\/ufe.org\/pays-bas\/wp-json\/wp\/v2\/posts"}],"about":[{"href":"https:\/\/ufe.org\/pays-bas\/wp-json\/wp\/v2\/types\/post"}],"author":[{"embeddable":true,"href":"https:\/\/ufe.org\/pays-bas\/wp-json\/wp\/v2\/users\/1"}],"replies":[{"embeddable":true,"href":"https:\/\/ufe.org\/pays-bas\/wp-json\/wp\/v2\/comments?post=3374"}],"version-history":[{"count":1,"href":"https:\/\/ufe.org\/pays-bas\/wp-json\/wp\/v2\/posts\/3374\/revisions"}],"predecessor-version":[{"id":3458,"href":"https:\/\/ufe.org\/pays-bas\/wp-json\/wp\/v2\/posts\/3374\/revisions\/3458"}],"wp:attachment":[{"href":"https:\/\/ufe.org\/pays-bas\/wp-json\/wp\/v2\/media?parent=3374"}],"wp:term":[{"taxonomy":"category","embeddable":true,"href":"https:\/\/ufe.org\/pays-bas\/wp-json\/wp\/v2\/categories?post=3374"},{"taxonomy":"post_tag","embeddable":true,"href":"https:\/\/ufe.org\/pays-bas\/wp-json\/wp\/v2\/tags?post=3374"}],"curies":[{"name":"wp","href":"https:\/\/api.w.org\/{rel}","templated":true}]}}