{"id":4011,"date":"2023-04-26T01:40:47","date_gmt":"2023-04-25T23:40:47","guid":{"rendered":"https:\/\/ufe.org\/grande-bretagne\/?p=4011"},"modified":"2023-04-26T18:12:53","modified_gmt":"2023-04-26T16:12:53","slug":"point-de-situation-sur-la-fiscalite-des-non-residents","status":"publish","type":"post","link":"https:\/\/ufe.org\/grande-bretagne\/2023\/04\/26\/point-de-situation-sur-la-fiscalite-des-non-residents\/","title":{"rendered":"Point de situation sur la fiscalit\u00e9 des non-r\u00e9sidents"},"content":{"rendered":"<p>[vc_row][\/vc_row][vc_column][\/vc_column][vc_column_text]Vous avez une propri\u00e9t\u00e9 immobili\u00e8re en France\u00a0? Une nouvelle disposition d\u00e9clarative est \u00e0 remplir en ligne par les propri\u00e9taires de r\u00e9sidences secondaires et de locaux vacants en France avant le 30 juin.<\/p>\n<p>\u00ab\u00a0Alors que la taxe d\u2019habitation est supprim\u00e9e pour les r\u00e9sidences principales en France \u00e0 partir de 2023, elle reste redevable pour les autres cas et en particulier pour les<strong>\u00a0<\/strong><strong>r\u00e9sidences secondaires<\/strong>. Vous devrez pour chacun de vos biens, indiquer \u00e0 quel titre vous les occupez et, si vous ne les occupez pas vous-m\u00eame, l\u2019identit\u00e9 des occupants et la p\u00e9riode d\u2019occupation\u00a0\u00bb<\/p>\n<p>Pour ce faire, vous devrez\u00a0:<\/p>\n<ul>\n<li>Vous connecter \u00e0 votre espace particulier sur <a href=\"https:\/\/www.impots.gouv.fr\/accueil\">imp\u00f4ts.gouv.fr<\/a><\/li>\n<li>Cliquer sur la rubrique Bien immobiliers<\/li>\n<li>Si votre bien immobilier est d\u00e9j\u00e0 dans le fichier du service des imp\u00f4ts, les informations seront pr\u00e9-affich\u00e9es.<\/li>\n<\/ul>\n<p>Vous devrez alors les confirmer, les modifier ou les compl\u00e9ter.<\/p>\n<p><a href=\"https:\/\/www.impots.gouv.fr\/actualite\/gerer-mes-biens-immobiliers-un-nouveau-service-en-ligne-pour-les-usagers-proprietaires-1?fbclid=IwAR0fnUJovyF_wgDpXIy8eDNALvdCFYrlRSIhKX_pnu9k1gvpO9-c59gY7UI\">https:\/\/www.impots.gouv.fr\/actualite\/gerer-mes-biens-immobiliers-un-nouveau-service-en-ligne-pour-les-usagers-proprietaires-1?fbclid=IwAR0fnUJovyF_wgDpXIy8eDNALvdCFYrlRSIhKX_pnu9k1gvpO9-c59gY7UI<\/a><\/p>\n<p>La fiscalit\u00e9 des non-r\u00e9sidents a fait l\u2019objet d\u2019une pr\u00e9sentation de notre partenaire, la Banque Transatlantique \u00e0 notre derni\u00e8re Assembl\u00e9e G\u00e9n\u00e9rale. L\u2019UFE vous dit tout \ud83d\udc47\ud83c\udffb<\/p>\n<p><a href=\"https:\/\/ufe.org\/juridique-fiscalite\/fiscalite-des-non-residents-ce-quil-faut-savoir\/\">https:\/\/ufe.org\/juridique-fiscalite\/fiscalite-des-non-residents-ce-quil-faut-savoir\/<\/a><\/p>\n<p>Enfin, si vous \u00eates concern\u00e9(e) par la campagne de d\u00e9claration des revenus en France, vous avez jusqu\u2019au 25 mai pour remplir votre d\u00e9claration en ligne sur impots.gouv.fr.<\/p>\n<p>Si vous ne pouvez pas d\u00e9clarer vos revenus en ligne, la date limite de d\u00e9p\u00f4t des d\u00e9clarations papier est le 22 mai 2023 \u00e0 23h59, cachet de la poste faisant foi.<\/p>\n<p>Voici deux fiches contact utiles pour toute question ou demande de rendez-vous\u00a0:<\/p>\n<ul>\n<li><a href=\"https:\/\/www.diplomatie.gouv.fr\/IMG\/pdf\/fiche_vos_contacts_dinr_cle8d3ef3.pdf?fbclid=IwAR2ymPoayxDpQXxSHomtyKsg-Wtfviu9pbojZ60KdAT_OPIeFYNmmMGKc2U\">https:\/\/www.diplomatie.gouv.fr\/IMG\/pdf\/fiche_vos_contacts_dinr_cle8d3ef3.pdf?fbclid=IwAR2ymPoayxDpQXxSHomtyKsg-Wtfviu9pbojZ60KdAT_OPIeFYNmmMGKc2U<\/a><\/li>\n<li><a href=\"https:\/\/www.impots.gouv.fr\/contacts\">https:\/\/www.impots.gouv.fr\/contacts<\/a><\/li>\n<\/ul>\n<p>N\u2019h\u00e9sitez pas de fa\u00e7on g\u00e9n\u00e9rale \u00e0 consulter r\u00e9guli\u00e8rement la page Direction imp\u00f4ts des non- r\u00e9sidents sur Facebook\u00a0 <a href=\"https:\/\/www.facebook.com\/profile.php?id=100072490064551\">https:\/\/www.facebook.com\/profile.php?id=100072490064551<\/a>[\/vc_column_text][vc_column_text][\/vc_column_text][vc_row][vc_column][vc_single_image image=\u00a0\u00bb4043&Prime; img_size=\u00a0\u00bb339&#215;324&Prime; title=\u00a0\u00bbLe site des impots vous guide\u00a0\u00bb][\/vc_column][\/vc_row]<\/p>\n","protected":false},"excerpt":{"rendered":"<p>[vc_row][\/vc_row][vc_column][\/vc_column][vc_column_text]Vous avez une propri\u00e9t\u00e9 immobili\u00e8re en France\u00a0? Une nouvelle disposition d\u00e9clarative est \u00e0 remplir en ligne&#8230;<\/p>\n","protected":false},"author":23,"featured_media":4038,"comment_status":"open","ping_status":"open","sticky":false,"template":"","format":"standard","meta":{"footnotes":""},"categories":[175,17],"tags":[184],"yoast_head":"<!-- This site is optimized with the Yoast SEO plugin v22.8 - https:\/\/yoast.com\/wordpress\/plugins\/seo\/ -->\n<title>Point de situation sur la fiscalit\u00e9 des non-r\u00e9sidents - grande-bretagne<\/title>\n<meta name=\"robots\" content=\"index, follow, max-snippet:-1, max-image-preview:large, max-video-preview:-1\" \/>\n<link rel=\"canonical\" href=\"https:\/\/ufe.org\/grande-bretagne\/2023\/04\/26\/point-de-situation-sur-la-fiscalite-des-non-residents\/\" \/>\n<meta property=\"og:locale\" content=\"fr_FR\" \/>\n<meta property=\"og:type\" content=\"article\" \/>\n<meta property=\"og:title\" content=\"Point de situation sur la fiscalit\u00e9 des non-r\u00e9sidents - grande-bretagne\" \/>\n<meta property=\"og:description\" content=\"[vc_row][\/vc_row][vc_column][\/vc_column][vc_column_text]Vous avez une propri\u00e9t\u00e9 immobili\u00e8re en France\u00a0? Une nouvelle disposition d\u00e9clarative est \u00e0 remplir en ligne...\" \/>\n<meta property=\"og:url\" content=\"https:\/\/ufe.org\/grande-bretagne\/2023\/04\/26\/point-de-situation-sur-la-fiscalite-des-non-residents\/\" \/>\n<meta property=\"og:site_name\" content=\"grande-bretagne\" \/>\n<meta property=\"article:published_time\" content=\"2023-04-25T23:40:47+00:00\" \/>\n<meta property=\"article:modified_time\" content=\"2023-04-26T16:12:53+00:00\" \/>\n<meta property=\"og:image\" content=\"https:\/\/ufe.org\/grande-bretagne\/wp-content\/uploads\/sites\/26\/2023\/04\/impots-1.png\" \/>\n\t<meta property=\"og:image:width\" content=\"768\" \/>\n\t<meta property=\"og:image:height\" content=\"512\" \/>\n\t<meta property=\"og:image:type\" content=\"image\/png\" \/>\n<meta name=\"author\" content=\"mpelier\" \/>\n<meta name=\"twitter:card\" content=\"summary_large_image\" \/>\n<meta name=\"twitter:label1\" content=\"\u00c9crit par\" \/>\n\t<meta name=\"twitter:data1\" content=\"mpelier\" \/>\n\t<meta name=\"twitter:label2\" content=\"Dur\u00e9e de lecture estim\u00e9e\" \/>\n\t<meta name=\"twitter:data2\" content=\"2 minutes\" \/>\n<script type=\"application\/ld+json\" class=\"yoast-schema-graph\">{\"@context\":\"https:\/\/schema.org\",\"@graph\":[{\"@type\":\"WebPage\",\"@id\":\"https:\/\/ufe.org\/grande-bretagne\/2023\/04\/26\/point-de-situation-sur-la-fiscalite-des-non-residents\/\",\"url\":\"https:\/\/ufe.org\/grande-bretagne\/2023\/04\/26\/point-de-situation-sur-la-fiscalite-des-non-residents\/\",\"name\":\"Point de situation sur la fiscalit\u00e9 des non-r\u00e9sidents - grande-bretagne\",\"isPartOf\":{\"@id\":\"https:\/\/ufe.org\/grande-bretagne\/#website\"},\"primaryImageOfPage\":{\"@id\":\"https:\/\/ufe.org\/grande-bretagne\/2023\/04\/26\/point-de-situation-sur-la-fiscalite-des-non-residents\/#primaryimage\"},\"image\":{\"@id\":\"https:\/\/ufe.org\/grande-bretagne\/2023\/04\/26\/point-de-situation-sur-la-fiscalite-des-non-residents\/#primaryimage\"},\"thumbnailUrl\":\"https:\/\/ufe.org\/grande-bretagne\/wp-content\/uploads\/sites\/26\/2023\/04\/impots-1.png\",\"datePublished\":\"2023-04-25T23:40:47+00:00\",\"dateModified\":\"2023-04-26T16:12:53+00:00\",\"author\":{\"@id\":\"https:\/\/ufe.org\/grande-bretagne\/#\/schema\/person\/fcafa16e2bfbd5ab694e8b5dd5bd701f\"},\"breadcrumb\":{\"@id\":\"https:\/\/ufe.org\/grande-bretagne\/2023\/04\/26\/point-de-situation-sur-la-fiscalite-des-non-residents\/#breadcrumb\"},\"inLanguage\":\"fr-FR\",\"potentialAction\":[{\"@type\":\"ReadAction\",\"target\":[\"https:\/\/ufe.org\/grande-bretagne\/2023\/04\/26\/point-de-situation-sur-la-fiscalite-des-non-residents\/\"]}]},{\"@type\":\"ImageObject\",\"inLanguage\":\"fr-FR\",\"@id\":\"https:\/\/ufe.org\/grande-bretagne\/2023\/04\/26\/point-de-situation-sur-la-fiscalite-des-non-residents\/#primaryimage\",\"url\":\"https:\/\/ufe.org\/grande-bretagne\/wp-content\/uploads\/sites\/26\/2023\/04\/impots-1.png\",\"contentUrl\":\"https:\/\/ufe.org\/grande-bretagne\/wp-content\/uploads\/sites\/26\/2023\/04\/impots-1.png\",\"width\":768,\"height\":512},{\"@type\":\"BreadcrumbList\",\"@id\":\"https:\/\/ufe.org\/grande-bretagne\/2023\/04\/26\/point-de-situation-sur-la-fiscalite-des-non-residents\/#breadcrumb\",\"itemListElement\":[{\"@type\":\"ListItem\",\"position\":1,\"name\":\"Accueil\",\"item\":\"https:\/\/ufe.org\/grande-bretagne\/\"},{\"@type\":\"ListItem\",\"position\":2,\"name\":\"Point de situation sur la fiscalit\u00e9 des non-r\u00e9sidents\"}]},{\"@type\":\"WebSite\",\"@id\":\"https:\/\/ufe.org\/grande-bretagne\/#website\",\"url\":\"https:\/\/ufe.org\/grande-bretagne\/\",\"name\":\"grande-bretagne\",\"description\":\"Un site utilisant Multi site UFE\",\"potentialAction\":[{\"@type\":\"SearchAction\",\"target\":{\"@type\":\"EntryPoint\",\"urlTemplate\":\"https:\/\/ufe.org\/grande-bretagne\/?s={search_term_string}\"},\"query-input\":\"required name=search_term_string\"}],\"inLanguage\":\"fr-FR\"},{\"@type\":\"Person\",\"@id\":\"https:\/\/ufe.org\/grande-bretagne\/#\/schema\/person\/fcafa16e2bfbd5ab694e8b5dd5bd701f\",\"name\":\"mpelier\",\"image\":{\"@type\":\"ImageObject\",\"inLanguage\":\"fr-FR\",\"@id\":\"https:\/\/ufe.org\/grande-bretagne\/#\/schema\/person\/image\/\",\"url\":\"https:\/\/secure.gravatar.com\/avatar\/09b7ef2e4f4fc8fdc49c5b0ec8d803a2?s=96&d=mm&r=g\",\"contentUrl\":\"https:\/\/secure.gravatar.com\/avatar\/09b7ef2e4f4fc8fdc49c5b0ec8d803a2?s=96&d=mm&r=g\",\"caption\":\"mpelier\"},\"url\":\"https:\/\/ufe.org\/grande-bretagne\/author\/mpelier\/\"}]}<\/script>\n<!-- \/ Yoast SEO plugin. -->","yoast_head_json":{"title":"Point de situation sur la fiscalit\u00e9 des non-r\u00e9sidents - grande-bretagne","robots":{"index":"index","follow":"follow","max-snippet":"max-snippet:-1","max-image-preview":"max-image-preview:large","max-video-preview":"max-video-preview:-1"},"canonical":"https:\/\/ufe.org\/grande-bretagne\/2023\/04\/26\/point-de-situation-sur-la-fiscalite-des-non-residents\/","og_locale":"fr_FR","og_type":"article","og_title":"Point de situation sur la fiscalit\u00e9 des non-r\u00e9sidents - grande-bretagne","og_description":"[vc_row][\/vc_row][vc_column][\/vc_column][vc_column_text]Vous avez une propri\u00e9t\u00e9 immobili\u00e8re en France\u00a0? Une nouvelle disposition d\u00e9clarative est \u00e0 remplir en ligne...","og_url":"https:\/\/ufe.org\/grande-bretagne\/2023\/04\/26\/point-de-situation-sur-la-fiscalite-des-non-residents\/","og_site_name":"grande-bretagne","article_published_time":"2023-04-25T23:40:47+00:00","article_modified_time":"2023-04-26T16:12:53+00:00","og_image":[{"width":768,"height":512,"url":"https:\/\/ufe.org\/grande-bretagne\/wp-content\/uploads\/sites\/26\/2023\/04\/impots-1.png","type":"image\/png"}],"author":"mpelier","twitter_card":"summary_large_image","twitter_misc":{"\u00c9crit par":"mpelier","Dur\u00e9e de lecture estim\u00e9e":"2 minutes"},"schema":{"@context":"https:\/\/schema.org","@graph":[{"@type":"WebPage","@id":"https:\/\/ufe.org\/grande-bretagne\/2023\/04\/26\/point-de-situation-sur-la-fiscalite-des-non-residents\/","url":"https:\/\/ufe.org\/grande-bretagne\/2023\/04\/26\/point-de-situation-sur-la-fiscalite-des-non-residents\/","name":"Point de situation sur la fiscalit\u00e9 des non-r\u00e9sidents - grande-bretagne","isPartOf":{"@id":"https:\/\/ufe.org\/grande-bretagne\/#website"},"primaryImageOfPage":{"@id":"https:\/\/ufe.org\/grande-bretagne\/2023\/04\/26\/point-de-situation-sur-la-fiscalite-des-non-residents\/#primaryimage"},"image":{"@id":"https:\/\/ufe.org\/grande-bretagne\/2023\/04\/26\/point-de-situation-sur-la-fiscalite-des-non-residents\/#primaryimage"},"thumbnailUrl":"https:\/\/ufe.org\/grande-bretagne\/wp-content\/uploads\/sites\/26\/2023\/04\/impots-1.png","datePublished":"2023-04-25T23:40:47+00:00","dateModified":"2023-04-26T16:12:53+00:00","author":{"@id":"https:\/\/ufe.org\/grande-bretagne\/#\/schema\/person\/fcafa16e2bfbd5ab694e8b5dd5bd701f"},"breadcrumb":{"@id":"https:\/\/ufe.org\/grande-bretagne\/2023\/04\/26\/point-de-situation-sur-la-fiscalite-des-non-residents\/#breadcrumb"},"inLanguage":"fr-FR","potentialAction":[{"@type":"ReadAction","target":["https:\/\/ufe.org\/grande-bretagne\/2023\/04\/26\/point-de-situation-sur-la-fiscalite-des-non-residents\/"]}]},{"@type":"ImageObject","inLanguage":"fr-FR","@id":"https:\/\/ufe.org\/grande-bretagne\/2023\/04\/26\/point-de-situation-sur-la-fiscalite-des-non-residents\/#primaryimage","url":"https:\/\/ufe.org\/grande-bretagne\/wp-content\/uploads\/sites\/26\/2023\/04\/impots-1.png","contentUrl":"https:\/\/ufe.org\/grande-bretagne\/wp-content\/uploads\/sites\/26\/2023\/04\/impots-1.png","width":768,"height":512},{"@type":"BreadcrumbList","@id":"https:\/\/ufe.org\/grande-bretagne\/2023\/04\/26\/point-de-situation-sur-la-fiscalite-des-non-residents\/#breadcrumb","itemListElement":[{"@type":"ListItem","position":1,"name":"Accueil","item":"https:\/\/ufe.org\/grande-bretagne\/"},{"@type":"ListItem","position":2,"name":"Point de situation sur la fiscalit\u00e9 des non-r\u00e9sidents"}]},{"@type":"WebSite","@id":"https:\/\/ufe.org\/grande-bretagne\/#website","url":"https:\/\/ufe.org\/grande-bretagne\/","name":"grande-bretagne","description":"Un site utilisant Multi site UFE","potentialAction":[{"@type":"SearchAction","target":{"@type":"EntryPoint","urlTemplate":"https:\/\/ufe.org\/grande-bretagne\/?s={search_term_string}"},"query-input":"required name=search_term_string"}],"inLanguage":"fr-FR"},{"@type":"Person","@id":"https:\/\/ufe.org\/grande-bretagne\/#\/schema\/person\/fcafa16e2bfbd5ab694e8b5dd5bd701f","name":"mpelier","image":{"@type":"ImageObject","inLanguage":"fr-FR","@id":"https:\/\/ufe.org\/grande-bretagne\/#\/schema\/person\/image\/","url":"https:\/\/secure.gravatar.com\/avatar\/09b7ef2e4f4fc8fdc49c5b0ec8d803a2?s=96&d=mm&r=g","contentUrl":"https:\/\/secure.gravatar.com\/avatar\/09b7ef2e4f4fc8fdc49c5b0ec8d803a2?s=96&d=mm&r=g","caption":"mpelier"},"url":"https:\/\/ufe.org\/grande-bretagne\/author\/mpelier\/"}]}},"_links":{"self":[{"href":"https:\/\/ufe.org\/grande-bretagne\/wp-json\/wp\/v2\/posts\/4011"}],"collection":[{"href":"https:\/\/ufe.org\/grande-bretagne\/wp-json\/wp\/v2\/posts"}],"about":[{"href":"https:\/\/ufe.org\/grande-bretagne\/wp-json\/wp\/v2\/types\/post"}],"author":[{"embeddable":true,"href":"https:\/\/ufe.org\/grande-bretagne\/wp-json\/wp\/v2\/users\/23"}],"replies":[{"embeddable":true,"href":"https:\/\/ufe.org\/grande-bretagne\/wp-json\/wp\/v2\/comments?post=4011"}],"version-history":[{"count":11,"href":"https:\/\/ufe.org\/grande-bretagne\/wp-json\/wp\/v2\/posts\/4011\/revisions"}],"predecessor-version":[{"id":4045,"href":"https:\/\/ufe.org\/grande-bretagne\/wp-json\/wp\/v2\/posts\/4011\/revisions\/4045"}],"wp:featuredmedia":[{"embeddable":true,"href":"https:\/\/ufe.org\/grande-bretagne\/wp-json\/wp\/v2\/media\/4038"}],"wp:attachment":[{"href":"https:\/\/ufe.org\/grande-bretagne\/wp-json\/wp\/v2\/media?parent=4011"}],"wp:term":[{"taxonomy":"category","embeddable":true,"href":"https:\/\/ufe.org\/grande-bretagne\/wp-json\/wp\/v2\/categories?post=4011"},{"taxonomy":"post_tag","embeddable":true,"href":"https:\/\/ufe.org\/grande-bretagne\/wp-json\/wp\/v2\/tags?post=4011"}],"curies":[{"name":"wp","href":"https:\/\/api.w.org\/{rel}","templated":true}]}}